{"id":1957,"date":"2017-03-31T15:20:08","date_gmt":"2017-03-31T13:20:08","guid":{"rendered":"http:\/\/agora.xtec.cat\/iessert\/?p=1957"},"modified":"2017-04-06T14:50:22","modified_gmt":"2017-04-06T12:50:22","slug":"reunio-informativa-orientacio-academica-i-professional","status":"publish","type":"post","link":"https:\/\/agora.xtec.cat\/iessert\/portada\/reunio-informativa-orientacio-academica-i-professional\/","title":{"rendered":"REUNI\u00d3 INFORMATIVA ORIENTACI\u00d3 ACAD\u00c8MICA I PROFESSIONAL"},"content":{"rendered":"<p style=\"text-align: justify;\">En el marc del nostre Programa d&#8217;Orientaci\u00f3 Acad\u00e8mica i Professional del nostre alumnat els hi fem saber que el proper dimecres <span style=\"font-size: large;\"><b>5 d&#8217;abril a les 17:30<\/b><\/span> h tindr\u00e0 lloc a l&#8217;institut una reuni\u00f3 informativa dirigida a tots els pares i mares de tercer i quart d&#8217;ESO en la qual tractarem els seg\u00fcents punts:<\/p>\n<p>1. Orientaci\u00f3 dels alumnes de cara a finalitzar l&#8217;ESO.<br \/>\n2. Sortides professionals i acad\u00e8miques per als alumnes que finalitzen l&#8217;ESO.<br \/>\n3. Acompanyament dels fills en aquest proc\u00e9s d&#8217;orientaci\u00f3.<\/p>\n<p>Evidentment de tots aquests punts ja n&#8217;estem informant als nostres alumnes en les sessions d&#8217;orientaci\u00f3 que estem duent a terme, per\u00f2 considerem molt important que els pares i les mares tamb\u00e9 n&#8217;estiguin assabentats, per aix\u00f2 els hi preguem la seva asist\u00e8ncia a aquesta reuni\u00f3.<\/p>\n<p>Gr\u00e0cies.<\/p>\n<div>\n<div>\n<div>\n<div class=\"m_8085821644276105409gmail_signature\">\n<div dir=\"ltr\">\n<div>\n<div dir=\"ltr\">\n<div>\n<div dir=\"ltr\">\n<div>\n<div>Carles Cortina Call\u00eds<\/div>\n<p>Director de l&#8217;Institut Josep Llu\u00eds Sert<br \/>\n<img loading=\"lazy\" decoding=\"async\" class=\"CToWUd\" src=\"https:\/\/ci6.googleusercontent.com\/proxy\/ebSlizfOjL-kNYlNinTY5XvTicH-BPqwdM0YkEwFAdjESVyogSZrlbdBvD7mzEvOEztwM4IFd16qiUbvPAgfkjqDykhm18unMMKBimac2wEp0kMILTIl0_lUTQFeOX1xNJJj4NwOeoTv_ThKXgFza63TXqmWlcD8-4MdisZ3htxp7UCCKSkZYshRDIx7Viz1lMJOpG4XpQOzzrk=s0-d-e1-ft#https:\/\/docs.google.com\/uc?export=download&amp;id=0B2b1oUKMHFa4eDNSU0R4VVdaUEE&amp;revid=0B2b1oUKMHFa4MWY4eUFRMlA5Q20xWWUzcytNaGVrYkFUblFFPQ\" width=\"55\" height=\"46\" \/><\/p>\n<\/div>\n<p>Castelldefels<\/p>\n<\/div>\n<\/div>\n<\/div>\n<\/div>\n<\/div>\n<\/div>\n<\/div>\n<\/div>\n<\/div>\n","protected":false},"excerpt":{"rendered":"<p>El proper dimecres 5 d&#8217;abril a les 17:30 h tindr\u00e0 lloc a l&#8217;institut una reuni\u00f3 informativa dirigida a tots els pares i mares de tercer i quart d&#8217;ESO sobre Orientaci\u00f3 Acad\u00e8mica i Professional<\/p>\n","protected":false},"author":1,"featured_media":1964,"comment_status":"closed","ping_status":"open","sticky":false,"template":"","format":"standard","meta":{"_bbp_topic_count":0,"_bbp_reply_count":0,"_bbp_total_topic_count":0,"_bbp_total_reply_count":0,"_bbp_voice_count":0,"_bbp_anonymous_reply_count":0,"_bbp_topic_count_hidden":0,"_bbp_reply_count_hidden":0,"_bbp_forum_subforum_count":0,"site-sidebar-layout":"default","site-content-layout":"","ast-site-content-layout":"","site-content-style":"default","site-sidebar-style":"default","ast-global-header-display":"","ast-banner-title-visibility":"","ast-main-header-display":"","ast-hfb-above-header-display":"","ast-hfb-below-header-display":"","ast-hfb-mobile-header-display":"","site-post-title":"","ast-breadcrumbs-content":"","ast-featured-img":"","footer-sml-layout":"","theme-transparent-header-meta":"","adv-header-id-meta":"","stick-header-meta":"","header-above-stick-meta":"","header-main-stick-meta":"","header-below-stick-meta":"","astra-migrate-meta-layouts":"default","ast-page-background-enabled":"default","ast-page-background-meta":{"desktop":{"background-color":"var(--ast-global-color-4)","background-image":"","background-repeat":"repeat","background-position":"center center","background-size":"auto","background-attachment":"scroll","background-type":"","background-media":"","overlay-type":"","overlay-color":"","overlay-opacity":"","overlay-gradient":""},"tablet":{"background-color":"","background-image":"","background-repeat":"repeat","background-position":"center center","background-size":"auto","background-attachment":"scroll","background-type":"","background-media":"","overlay-type":"","overlay-color":"","overlay-opacity":"","overlay-gradient":""},"mobile":{"background-color":"","background-image":"","background-repeat":"repeat","background-position":"center center","background-size":"auto","background-attachment":"scroll","background-type":"","background-media":"","overlay-type":"","overlay-color":"","overlay-opacity":"","overlay-gradient":""}},"ast-content-background-meta":{"desktop":{"background-color":"var(--ast-global-color-5)","background-image":"","background-repeat":"repeat","background-position":"center center","background-size":"auto","background-attachment":"scroll","background-type":"","background-media":"","overlay-type":"","overlay-color":"","overlay-opacity":"","overlay-gradient":""},"tablet":{"background-color":"var(--ast-global-color-5)","background-image":"","background-repeat":"repeat","background-position":"center center","background-size":"auto","background-attachment":"scroll","background-type":"","background-media":"","overlay-type":"","overlay-color":"","overlay-opacity":"","overlay-gradient":""},"mobile":{"background-color":"var(--ast-global-color-5)","background-image":"","background-repeat":"repeat","background-position":"center center","background-size":"auto","background-attachment":"scroll","background-type":"","background-media":"","overlay-type":"","overlay-color":"","overlay-opacity":"","overlay-gradient":""}},"footnotes":""},"categories":[112,29],"tags":[],"class_list":["post-1957","post","type-post","status-publish","format-standard","has-post-thumbnail","hentry","category-orientacio","category-portada"],"post_mailing_queue_ids":[],"_links":{"self":[{"href":"https:\/\/agora.xtec.cat\/iessert\/wp-json\/wp\/v2\/posts\/1957","targetHints":{"allow":["GET"]}}],"collection":[{"href":"https:\/\/agora.xtec.cat\/iessert\/wp-json\/wp\/v2\/posts"}],"about":[{"href":"https:\/\/agora.xtec.cat\/iessert\/wp-json\/wp\/v2\/types\/post"}],"author":[{"embeddable":true,"href":"https:\/\/agora.xtec.cat\/iessert\/wp-json\/wp\/v2\/users\/1"}],"replies":[{"embeddable":true,"href":"https:\/\/agora.xtec.cat\/iessert\/wp-json\/wp\/v2\/comments?post=1957"}],"version-history":[{"count":2,"href":"https:\/\/agora.xtec.cat\/iessert\/wp-json\/wp\/v2\/posts\/1957\/revisions"}],"predecessor-version":[{"id":1959,"href":"https:\/\/agora.xtec.cat\/iessert\/wp-json\/wp\/v2\/posts\/1957\/revisions\/1959"}],"wp:featuredmedia":[{"embeddable":true,"href":"https:\/\/agora.xtec.cat\/iessert\/wp-json\/wp\/v2\/media\/1964"}],"wp:attachment":[{"href":"https:\/\/agora.xtec.cat\/iessert\/wp-json\/wp\/v2\/media?parent=1957"}],"wp:term":[{"taxonomy":"category","embeddable":true,"href":"https:\/\/agora.xtec.cat\/iessert\/wp-json\/wp\/v2\/categories?post=1957"},{"taxonomy":"post_tag","embeddable":true,"href":"https:\/\/agora.xtec.cat\/iessert\/wp-json\/wp\/v2\/tags?post=1957"}],"curies":[{"name":"wp","href":"https:\/\/api.w.org\/{rel}","templated":true}]}}