{"id":1886,"date":"2017-03-10T17:50:27","date_gmt":"2017-03-10T16:50:27","guid":{"rendered":"http:\/\/agora.xtec.cat\/iessert\/?p=1886"},"modified":"2017-10-16T12:16:53","modified_gmt":"2017-10-16T10:16:53","slug":"ecofesta-120317","status":"publish","type":"post","link":"https:\/\/agora.xtec.cat\/iessert\/general\/ecofesta-120317\/","title":{"rendered":"ECOFESTA 12\/03\/17"},"content":{"rendered":"<p style=\"text-align: justify;\">Aquest diumenge celebrarem la sisena EcoFesta al Sert i tenim moltes activitats preparades! Al final d&#8217;aquest article trobareu el programa amb tota la informaci\u00f3. Entre elles, hi haur\u00e0 la projecci\u00f3 del v\u00eddeo &#8220;Boscos Madurs&#8221; que tamb\u00e9 podeu veure en el seg\u00fcent enlla\u00e7:<\/p>\n<p style=\"text-align: center;\"><a href=\"https:\/\/www.youtube.com\/watch?v=kZOF5ys9uwU\">BOSCOS MADURS<\/a><\/p>\n<div>\n<p style=\"text-align: justify;\">Un bosc madur \u00e9s un bosc natural, \u00edntegre, que ha assolit una edat venerable sense pertorbacions humanes significatives. \u00c9s un bosc que mostra un equilibri en la distribuci\u00f3 d\u2019edats dels arbres, \u00e9s a dir, que n\u2019hi ha de totes les edats i t\u00e9 una proporci\u00f3 equilibrada d\u2019arbres morts, en diferents estadis de descomposici\u00f3. Per tant, t\u00e9 una alta complexitat i biodiversitat.<\/p>\n<\/div>\n<div style=\"text-align: justify;\">\n<p>La campanya EscolaS\u00e8lvans (promoguda per l&#8217;ONG &#8220;Acci\u00f3natura&#8221;) vol ser un proc\u00e9s que t\u00e9 per objectiu sensibilitzar sobre la import\u00e0ncia de la conservaci\u00f3 dels boscos madurs, i a la vegada activar la preservaci\u00f3 a un m\u00ednim de 25 anys d\u2019un d\u2019aquests boscos, mitjan\u00e7ant\u00a0la compra de drets de tala.<\/p>\n<\/div>\n<div>\n<p style=\"text-align: justify;\"><span style=\"font-size: medium;\">L\u2019objectiu final \u00e9s que cada centre educatiu ajudi a preservar un m\u00ednim de 100 m2 d\u2019un bosc d\u2019alt valor natural mitjan\u00e7ant l\u2019aportaci\u00f3 de 19\u20ac, com a <\/span><i><span style=\"font-family: Verdana, Verdana; font-size: medium;\"><span style=\"font-family: Verdana, Verdana; font-size: medium;\">pagament \u00fanic<\/span><\/span><\/i><span style=\"font-size: medium;\">, amb el repte d\u2019anar m\u00e9s enll\u00e0 i ajudar a preservar una \u00e0rea <\/span><i><span style=\"font-family: Verdana, Verdana; font-size: medium;\"><span style=\"font-family: Verdana, Verdana; font-size: medium;\">equivalent <\/span><\/span><\/i><span style=\"font-size: medium;\">a la superf\u00edcie del centre educatiu.\u00a0<\/span><\/p>\n<p style=\"text-align: justify;\"><span style=\"font-size: medium;\">L&#8217;Institut Josep Llu\u00eds Sert ha estat un del primers centres educatius que s&#8217;ha afegit a aquesta campanya. De moment est\u00e0 sensibilitzant la seva comunitat educativa per mirar d&#8217;assolir alguna aportaci\u00f3 i qui sap si fins i tot arribar a\u00a0la quantitat equivalent als seus 4.730 m2. Feu el c\u00e0lcul!<\/span><\/p>\n<p style=\"text-align: justify;\"><span style=\"font-size: medium;\">M\u00e9s informaci\u00f3 a <a href=\"http:\/\/www.escolaselvans.cat\/\" target=\"_blank\" rel=\"noopener noreferrer\" data-saferedirecturl=\"https:\/\/www.google.com\/url?hl=es&amp;q=http:\/\/www.escolaselvans.cat&amp;source=gmail&amp;ust=1489250494535000&amp;usg=AFQjCNFrfpqY3xFezNFKQy0WsitBMRlGZQ\">www.escolaselvans.cat<\/a><\/span><\/p>\n<\/div>\n<p style=\"text-align: center;\"><a href=\"http:\/\/agora.xtec.cat\/iessert\/wp-content\/uploads\/usu642\/2017\/03\/Botifarrada-i-cursa.bmp\"><img loading=\"lazy\" decoding=\"async\" class=\"alignnone size-full wp-image-1887\" src=\"http:\/\/agora.xtec.cat\/iessert\/wp-content\/uploads\/usu642\/2017\/03\/Botifarrada-i-cursa.bmp\" alt=\"\" width=\"480\" height=\"494\" \/><\/a><\/p>\n<p style=\"text-align: center;\"><a href=\"http:\/\/agora.xtec.cat\/iessert\/wp-content\/uploads\/usu642\/2017\/03\/Cartell-ecofesta.bmp\"><img loading=\"lazy\" decoding=\"async\" class=\"alignnone size-full wp-image-1873\" src=\"http:\/\/agora.xtec.cat\/iessert\/wp-content\/uploads\/usu642\/2017\/03\/Cartell-ecofesta.bmp\" alt=\"cartell-ecofesta\" width=\"453\" height=\"640\" \/><\/a><\/p>\n","protected":false},"excerpt":{"rendered":"<p>Veniu a celebrar l&#8217;EcoFesta amb nosaltres aquest diumenge de 10 a 14h!<\/p>\n","protected":false},"author":1,"featured_media":1892,"comment_status":"closed","ping_status":"closed","sticky":false,"template":"","format":"standard","meta":{"_bbp_topic_count":0,"_bbp_reply_count":0,"_bbp_total_topic_count":0,"_bbp_total_reply_count":0,"_bbp_voice_count":0,"_bbp_anonymous_reply_count":0,"_bbp_topic_count_hidden":0,"_bbp_reply_count_hidden":0,"_bbp_forum_subforum_count":0,"site-sidebar-layout":"default","site-content-layout":"","ast-site-content-layout":"","site-content-style":"default","site-sidebar-style":"default","ast-global-header-display":"","ast-banner-title-visibility":"","ast-main-header-display":"","ast-hfb-above-header-display":"","ast-hfb-below-header-display":"","ast-hfb-mobile-header-display":"","site-post-title":"","ast-breadcrumbs-content":"","ast-featured-img":"","footer-sml-layout":"","theme-transparent-header-meta":"","adv-header-id-meta":"","stick-header-meta":"","header-above-stick-meta":"","header-main-stick-meta":"","header-below-stick-meta":"","astra-migrate-meta-layouts":"default","ast-page-background-enabled":"default","ast-page-background-meta":{"desktop":{"background-color":"var(--ast-global-color-4)","background-image":"","background-repeat":"repeat","background-position":"center center","background-size":"auto","background-attachment":"scroll","background-type":"","background-media":"","overlay-type":"","overlay-color":"","overlay-opacity":"","overlay-gradient":""},"tablet":{"background-color":"","background-image":"","background-repeat":"repeat","background-position":"center center","background-size":"auto","background-attachment":"scroll","background-type":"","background-media":"","overlay-type":"","overlay-color":"","overlay-opacity":"","overlay-gradient":""},"mobile":{"background-color":"","background-image":"","background-repeat":"repeat","background-position":"center center","background-size":"auto","background-attachment":"scroll","background-type":"","background-media":"","overlay-type":"","overlay-color":"","overlay-opacity":"","overlay-gradient":""}},"ast-content-background-meta":{"desktop":{"background-color":"var(--ast-global-color-5)","background-image":"","background-repeat":"repeat","background-position":"center center","background-size":"auto","background-attachment":"scroll","background-type":"","background-media":"","overlay-type":"","overlay-color":"","overlay-opacity":"","overlay-gradient":""},"tablet":{"background-color":"var(--ast-global-color-5)","background-image":"","background-repeat":"repeat","background-position":"center center","background-size":"auto","background-attachment":"scroll","background-type":"","background-media":"","overlay-type":"","overlay-color":"","overlay-opacity":"","overlay-gradient":""},"mobile":{"background-color":"var(--ast-global-color-5)","background-image":"","background-repeat":"repeat","background-position":"center center","background-size":"auto","background-attachment":"scroll","background-type":"","background-media":"","overlay-type":"","overlay-color":"","overlay-opacity":"","overlay-gradient":""}},"footnotes":""},"categories":[106,128,1,29,107],"tags":[],"class_list":["post-1886","post","type-post","status-publish","format-standard","has-post-thumbnail","hentry","category-ecofesta","category-escoles-verdes","category-general","category-portada","category-setmana-verda"],"post_mailing_queue_ids":[],"_links":{"self":[{"href":"https:\/\/agora.xtec.cat\/iessert\/wp-json\/wp\/v2\/posts\/1886","targetHints":{"allow":["GET"]}}],"collection":[{"href":"https:\/\/agora.xtec.cat\/iessert\/wp-json\/wp\/v2\/posts"}],"about":[{"href":"https:\/\/agora.xtec.cat\/iessert\/wp-json\/wp\/v2\/types\/post"}],"author":[{"embeddable":true,"href":"https:\/\/agora.xtec.cat\/iessert\/wp-json\/wp\/v2\/users\/1"}],"replies":[{"embeddable":true,"href":"https:\/\/agora.xtec.cat\/iessert\/wp-json\/wp\/v2\/comments?post=1886"}],"version-history":[{"count":4,"href":"https:\/\/agora.xtec.cat\/iessert\/wp-json\/wp\/v2\/posts\/1886\/revisions"}],"predecessor-version":[{"id":2455,"href":"https:\/\/agora.xtec.cat\/iessert\/wp-json\/wp\/v2\/posts\/1886\/revisions\/2455"}],"wp:featuredmedia":[{"embeddable":true,"href":"https:\/\/agora.xtec.cat\/iessert\/wp-json\/wp\/v2\/media\/1892"}],"wp:attachment":[{"href":"https:\/\/agora.xtec.cat\/iessert\/wp-json\/wp\/v2\/media?parent=1886"}],"wp:term":[{"taxonomy":"category","embeddable":true,"href":"https:\/\/agora.xtec.cat\/iessert\/wp-json\/wp\/v2\/categories?post=1886"},{"taxonomy":"post_tag","embeddable":true,"href":"https:\/\/agora.xtec.cat\/iessert\/wp-json\/wp\/v2\/tags?post=1886"}],"curies":[{"name":"wp","href":"https:\/\/api.w.org\/{rel}","templated":true}]}}