{"id":10779,"date":"2025-12-02T10:04:15","date_gmt":"2025-12-02T09:04:15","guid":{"rendered":"https:\/\/agora.xtec.cat\/iessert\/?p=10779"},"modified":"2025-12-02T10:16:48","modified_gmt":"2025-12-02T09:16:48","slug":"cursos-de-catala-al-servei-de-catala-de-castelldefels","status":"publish","type":"post","link":"https:\/\/agora.xtec.cat\/iessert\/portada\/cursos-de-catala-al-servei-de-catala-de-castelldefels\/","title":{"rendered":"CURSOS DE CATAL\u00c0 AL SERVEI DE CATAL\u00c0 DE CASTELLDEFELS"},"content":{"rendered":"\n<p>1.&nbsp;<strong>INICI CURSOS 2n TRIMESTRE:<\/strong>&nbsp;El mes de gener<\/p>\n\n\n\n<p>2.&nbsp;<strong>CERTIFICACI\u00d3:<\/strong>&nbsp;S\u00f3n homologats i disposen de certificaci\u00f3 oficial del&nbsp;<a href=\"https:\/\/www.cpnl.cat\/cursos-de-catala\/cursos-generals\/\" target=\"_blank\" rel=\"noreferrer noopener\">Departament de Pol\u00edtica Ling\u00fc\u00edstica<\/a>, equivalent al Marc europeu com\u00fa de refer\u00e8ncia.&nbsp;<\/p>\n\n\n\n<p>3.&nbsp;<strong>PREU:<\/strong>&nbsp;S\u00f3n&nbsp;cursos&nbsp;gratu\u00efts en els nivells inicials i b\u00e0sics, i compten amb&nbsp;<a href=\"https:\/\/www.cpnl.cat\/cursos-de-catala\/preus\/\" target=\"_blank\" rel=\"noreferrer noopener\">reduccions&nbsp;<\/a>en la resta de nivells.<\/p>\n\n\n\n<p><strong>&nbsp;4. DATES INSCRIPCI\u00d3:&nbsp;<\/strong><\/p>\n\n\n\n<p>&#8211; 16 desembre (persones que han fet un curs amb nosaltres durant els 12 \u00faltims mesos -torn preferent-)<\/p>\n\n\n\n<p>&#8211; 17 de desembre (cursos inicials i B\u00e0sic 1)<\/p>\n\n\n\n<p>&#8211; 18 i 19 de desembre&nbsp;(tots els cursos excepte C2)<\/p>\n\n\n\n<p><strong>5. PROVA AVALUATIVA:&nbsp;<\/strong>En cas que&nbsp;parlin&nbsp;catal\u00e0 i no s\u00e0piguen quin curs han de fer, cal que sol\u00b7licitin una prova de col\u00b7locaci\u00f3 al m\u00e9s aviat possible (fins a l&#8217;11 de desembre).&nbsp;<\/p>\n\n\n\n<p>6. INSCRIPCIONS:&nbsp;La inscripci\u00f3 es pot fer:<\/p>\n\n\n\n<ul class=\"wp-block-list\">\n<li>en l\u00ednia:\u00a0<a href=\"https:\/\/inscripcions.cpnl.cat\/\" target=\"_blank\" rel=\"noreferrer noopener\">Apr\u00e8n o millora el teu catal\u00e0 | CPNL<\/a><\/li>\n<\/ul>\n\n\n\n<ul class=\"wp-block-list\">\n<li>presencialment: carrer Esgl\u00e9sia, 117<\/li>\n<\/ul>\n\n\n\n<p>7. INFORMACI\u00d3:&nbsp;<\/p>\n\n\n\n<ul class=\"wp-block-list\">\n<li>Per a m\u00e9s informaci\u00f3:<a href=\"https:\/\/www.cpnl.cat\/inscripcions\/\" target=\"_blank\" rel=\"noreferrer noopener\">\u00a0In<\/a><a href=\"https:\/\/www.cpnl.cat\/inscripcions\/\" target=\"_blank\" rel=\"noreferrer noopener\">scripci\u00f3 als cursos de catal\u00e0 | Inscripcions | Consorci per a la Normalitzaci\u00f3 Ling\u00fc\u00edstica &#8211; CPNL<\/a><\/li>\n\n\n\n<li>Si voleu contactar amb el Servei de catal\u00e0 (CPNL) nosaltres, ho podeu fer\u00a0 telef\u00f2nicament (93 664 42 11), per correu electr\u00f2nic (<a href=\"mailto:castelldefels@cpnl.cat\" target=\"_blank\" rel=\"noreferrer noopener\">castelldefels@cpnl.cat<\/a>) o presencialment (Servei Local de Catal\u00e0, carrer Esgl\u00e9sia, 117).<\/li>\n<\/ul>\n\n\n\n<figure class=\"wp-block-image aligncenter size-large\"><a href=\"https:\/\/agora.xtec.cat\/iessert\/wp-content\/uploads\/usu642\/2025\/12\/Informacio-cursos-2n-trimestre-Castelldefels.png\"><img loading=\"lazy\" decoding=\"async\" width=\"724\" height=\"1024\" src=\"https:\/\/agora.xtec.cat\/iessert\/wp-content\/uploads\/usu642\/2025\/12\/Informacio-cursos-2n-trimestre-Castelldefels-724x1024.png\" alt=\"\" class=\"wp-image-10780\" srcset=\"https:\/\/agora.xtec.cat\/iessert\/wp-content\/uploads\/usu642\/2025\/12\/Informacio-cursos-2n-trimestre-Castelldefels-724x1024.png 724w, https:\/\/agora.xtec.cat\/iessert\/wp-content\/uploads\/usu642\/2025\/12\/Informacio-cursos-2n-trimestre-Castelldefels-212x300.png 212w, https:\/\/agora.xtec.cat\/iessert\/wp-content\/uploads\/usu642\/2025\/12\/Informacio-cursos-2n-trimestre-Castelldefels-768x1086.png 768w, https:\/\/agora.xtec.cat\/iessert\/wp-content\/uploads\/usu642\/2025\/12\/Informacio-cursos-2n-trimestre-Castelldefels-1086x1536.png 1086w, https:\/\/agora.xtec.cat\/iessert\/wp-content\/uploads\/usu642\/2025\/12\/Informacio-cursos-2n-trimestre-Castelldefels-1448x2048.png 1448w, https:\/\/agora.xtec.cat\/iessert\/wp-content\/uploads\/usu642\/2025\/12\/Informacio-cursos-2n-trimestre-Castelldefels.png 1587w\" sizes=\"auto, (max-width: 724px) 100vw, 724px\" \/><\/a><\/figure>\n","protected":false},"excerpt":{"rendered":"<p>S&#8217;obren les inscripcions als cursos de catal\u00e0 del CPNL<\/p>\n","protected":false},"author":1,"featured_media":10781,"comment_status":"closed","ping_status":"open","sticky":false,"template":"","format":"standard","meta":{"_bbp_topic_count":0,"_bbp_reply_count":0,"_bbp_total_topic_count":0,"_bbp_total_reply_count":0,"_bbp_voice_count":0,"_bbp_anonymous_reply_count":0,"_bbp_topic_count_hidden":0,"_bbp_reply_count_hidden":0,"_bbp_forum_subforum_count":0,"site-sidebar-layout":"default","site-content-layout":"","ast-site-content-layout":"default","site-content-style":"default","site-sidebar-style":"default","ast-global-header-display":"","ast-banner-title-visibility":"","ast-main-header-display":"","ast-hfb-above-header-display":"","ast-hfb-below-header-display":"","ast-hfb-mobile-header-display":"","site-post-title":"","ast-breadcrumbs-content":"","ast-featured-img":"","footer-sml-layout":"","theme-transparent-header-meta":"","adv-header-id-meta":"","stick-header-meta":"","header-above-stick-meta":"","header-main-stick-meta":"","header-below-stick-meta":"","astra-migrate-meta-layouts":"set","ast-page-background-enabled":"default","ast-page-background-meta":{"desktop":{"background-color":"var(--ast-global-color-4)","background-image":"","background-repeat":"repeat","background-position":"center center","background-size":"auto","background-attachment":"scroll","background-type":"","background-media":"","overlay-type":"","overlay-color":"","overlay-opacity":"","overlay-gradient":""},"tablet":{"background-color":"","background-image":"","background-repeat":"repeat","background-position":"center center","background-size":"auto","background-attachment":"scroll","background-type":"","background-media":"","overlay-type":"","overlay-color":"","overlay-opacity":"","overlay-gradient":""},"mobile":{"background-color":"","background-image":"","background-repeat":"repeat","background-position":"center center","background-size":"auto","background-attachment":"scroll","background-type":"","background-media":"","overlay-type":"","overlay-color":"","overlay-opacity":"","overlay-gradient":""}},"ast-content-background-meta":{"desktop":{"background-color":"var(--ast-global-color-5)","background-image":"","background-repeat":"repeat","background-position":"center center","background-size":"auto","background-attachment":"scroll","background-type":"","background-media":"","overlay-type":"","overlay-color":"","overlay-opacity":"","overlay-gradient":""},"tablet":{"background-color":"var(--ast-global-color-5)","background-image":"","background-repeat":"repeat","background-position":"center center","background-size":"auto","background-attachment":"scroll","background-type":"","background-media":"","overlay-type":"","overlay-color":"","overlay-opacity":"","overlay-gradient":""},"mobile":{"background-color":"var(--ast-global-color-5)","background-image":"","background-repeat":"repeat","background-position":"center center","background-size":"auto","background-attachment":"scroll","background-type":"","background-media":"","overlay-type":"","overlay-color":"","overlay-opacity":"","overlay-gradient":""}},"footnotes":""},"categories":[29],"tags":[],"class_list":["post-10779","post","type-post","status-publish","format-standard","has-post-thumbnail","hentry","category-portada"],"post_mailing_queue_ids":[],"_links":{"self":[{"href":"https:\/\/agora.xtec.cat\/iessert\/wp-json\/wp\/v2\/posts\/10779","targetHints":{"allow":["GET"]}}],"collection":[{"href":"https:\/\/agora.xtec.cat\/iessert\/wp-json\/wp\/v2\/posts"}],"about":[{"href":"https:\/\/agora.xtec.cat\/iessert\/wp-json\/wp\/v2\/types\/post"}],"author":[{"embeddable":true,"href":"https:\/\/agora.xtec.cat\/iessert\/wp-json\/wp\/v2\/users\/1"}],"replies":[{"embeddable":true,"href":"https:\/\/agora.xtec.cat\/iessert\/wp-json\/wp\/v2\/comments?post=10779"}],"version-history":[{"count":1,"href":"https:\/\/agora.xtec.cat\/iessert\/wp-json\/wp\/v2\/posts\/10779\/revisions"}],"predecessor-version":[{"id":10782,"href":"https:\/\/agora.xtec.cat\/iessert\/wp-json\/wp\/v2\/posts\/10779\/revisions\/10782"}],"wp:featuredmedia":[{"embeddable":true,"href":"https:\/\/agora.xtec.cat\/iessert\/wp-json\/wp\/v2\/media\/10781"}],"wp:attachment":[{"href":"https:\/\/agora.xtec.cat\/iessert\/wp-json\/wp\/v2\/media?parent=10779"}],"wp:term":[{"taxonomy":"category","embeddable":true,"href":"https:\/\/agora.xtec.cat\/iessert\/wp-json\/wp\/v2\/categories?post=10779"},{"taxonomy":"post_tag","embeddable":true,"href":"https:\/\/agora.xtec.cat\/iessert\/wp-json\/wp\/v2\/tags?post=10779"}],"curies":[{"name":"wp","href":"https:\/\/api.w.org\/{rel}","templated":true}]}}