{"id":10508,"date":"2025-06-11T11:18:23","date_gmt":"2025-06-11T09:18:23","guid":{"rendered":"https:\/\/agora.xtec.cat\/iessert\/?p=10508"},"modified":"2025-06-11T11:18:25","modified_gmt":"2025-06-11T09:18:25","slug":"serti-la-nostra-mascota-europea","status":"publish","type":"post","link":"https:\/\/agora.xtec.cat\/iessert\/portada\/serti-la-nostra-mascota-europea\/","title":{"rendered":"SERTI, LA NOSTRA MASCOTA EUROPEA"},"content":{"rendered":"\n<p>Despr\u00e9s d&#8217;unes votacions molt disputades per l&#8217;alt nivell de les propostes, finalment la guanyadora del concurs Mascota Europea del Sert ha estat l&#8217;alumna Sara Mu\u00f1oz Montcourt de l&#8217;E24. A partir d&#8217;ara utilitzarem la mascota europea del Sert, Serti,  per als documents Erasmus i d&#8217;Escola Ambaixadora del Parlament Europeu aix\u00ed com per fer-nos ress\u00f2\u00a0de les activitats europees.\u00a0<\/p>\n\n\n\n<p>Agra\u00efm a tots els participants les seves propostes, ja que en elles no nom\u00e9s han demostrat el seu gran talent art\u00edstic i creatiu sin\u00f3 que tamb\u00e9 han sabut plasmar els valors d&#8217;Europa, tan necessaris avui dia.<\/p>\n\n\n\n<div class=\"wp-block-columns is-layout-flex wp-container-core-columns-is-layout-1 wp-block-columns-is-layout-flex\">\n<div class=\"wp-block-column is-layout-flow wp-block-column-is-layout-flow\">\n<figure class=\"wp-block-image size-large\"><a href=\"https:\/\/agora.xtec.cat\/iessert\/wp-content\/uploads\/usu642\/2025\/06\/93da690b-a696-42aa-94a5-a112f175e89d.jpg\"><img loading=\"lazy\" decoding=\"async\" width=\"768\" height=\"1024\" src=\"https:\/\/agora.xtec.cat\/iessert\/wp-content\/uploads\/usu642\/2025\/06\/93da690b-a696-42aa-94a5-a112f175e89d-768x1024.jpg\" alt=\"\" class=\"wp-image-10509\" srcset=\"https:\/\/agora.xtec.cat\/iessert\/wp-content\/uploads\/usu642\/2025\/06\/93da690b-a696-42aa-94a5-a112f175e89d-768x1024.jpg 768w, https:\/\/agora.xtec.cat\/iessert\/wp-content\/uploads\/usu642\/2025\/06\/93da690b-a696-42aa-94a5-a112f175e89d-225x300.jpg 225w, https:\/\/agora.xtec.cat\/iessert\/wp-content\/uploads\/usu642\/2025\/06\/93da690b-a696-42aa-94a5-a112f175e89d-1152x1536.jpg 1152w, https:\/\/agora.xtec.cat\/iessert\/wp-content\/uploads\/usu642\/2025\/06\/93da690b-a696-42aa-94a5-a112f175e89d.jpg 1200w\" sizes=\"auto, (max-width: 768px) 100vw, 768px\" \/><\/a><\/figure>\n<\/div>\n\n\n\n<div class=\"wp-block-column is-layout-flow wp-block-column-is-layout-flow\">\n<figure class=\"wp-block-image size-large\"><a href=\"https:\/\/agora.xtec.cat\/iessert\/wp-content\/uploads\/usu642\/2025\/06\/canvas.png\"><img loading=\"lazy\" decoding=\"async\" width=\"783\" height=\"1024\" src=\"https:\/\/agora.xtec.cat\/iessert\/wp-content\/uploads\/usu642\/2025\/06\/canvas-783x1024.png\" alt=\"\" class=\"wp-image-10510\" srcset=\"https:\/\/agora.xtec.cat\/iessert\/wp-content\/uploads\/usu642\/2025\/06\/canvas-783x1024.png 783w, https:\/\/agora.xtec.cat\/iessert\/wp-content\/uploads\/usu642\/2025\/06\/canvas-229x300.png 229w, https:\/\/agora.xtec.cat\/iessert\/wp-content\/uploads\/usu642\/2025\/06\/canvas-768x1004.png 768w, https:\/\/agora.xtec.cat\/iessert\/wp-content\/uploads\/usu642\/2025\/06\/canvas-1175x1536.png 1175w, https:\/\/agora.xtec.cat\/iessert\/wp-content\/uploads\/usu642\/2025\/06\/canvas.png 1566w\" sizes=\"auto, (max-width: 783px) 100vw, 783px\" \/><\/a><\/figure>\n<\/div>\n<\/div>\n","protected":false},"excerpt":{"rendered":"<p>Despr\u00e9s d&#8217;unes votacions molt disputades per l&#8217;alt nivell de les propostes, finalment la guanyadora del concurs Mascota Europea del Sert ha estat l&#8217;alumna Sara Mu\u00f1oz Montcourt de l&#8217;E24&#8230;<\/p>\n","protected":false},"author":1,"featured_media":10511,"comment_status":"closed","ping_status":"open","sticky":false,"template":"","format":"standard","meta":{"_bbp_topic_count":0,"_bbp_reply_count":0,"_bbp_total_topic_count":0,"_bbp_total_reply_count":0,"_bbp_voice_count":0,"_bbp_anonymous_reply_count":0,"_bbp_topic_count_hidden":0,"_bbp_reply_count_hidden":0,"_bbp_forum_subforum_count":0,"site-sidebar-layout":"default","site-content-layout":"","ast-site-content-layout":"default","site-content-style":"default","site-sidebar-style":"default","ast-global-header-display":"","ast-banner-title-visibility":"","ast-main-header-display":"","ast-hfb-above-header-display":"","ast-hfb-below-header-display":"","ast-hfb-mobile-header-display":"","site-post-title":"","ast-breadcrumbs-content":"","ast-featured-img":"","footer-sml-layout":"","theme-transparent-header-meta":"","adv-header-id-meta":"","stick-header-meta":"","header-above-stick-meta":"","header-main-stick-meta":"","header-below-stick-meta":"","astra-migrate-meta-layouts":"set","ast-page-background-enabled":"default","ast-page-background-meta":{"desktop":{"background-color":"var(--ast-global-color-4)","background-image":"","background-repeat":"repeat","background-position":"center center","background-size":"auto","background-attachment":"scroll","background-type":"","background-media":"","overlay-type":"","overlay-color":"","overlay-opacity":"","overlay-gradient":""},"tablet":{"background-color":"","background-image":"","background-repeat":"repeat","background-position":"center center","background-size":"auto","background-attachment":"scroll","background-type":"","background-media":"","overlay-type":"","overlay-color":"","overlay-opacity":"","overlay-gradient":""},"mobile":{"background-color":"","background-image":"","background-repeat":"repeat","background-position":"center center","background-size":"auto","background-attachment":"scroll","background-type":"","background-media":"","overlay-type":"","overlay-color":"","overlay-opacity":"","overlay-gradient":""}},"ast-content-background-meta":{"desktop":{"background-color":"var(--ast-global-color-5)","background-image":"","background-repeat":"repeat","background-position":"center center","background-size":"auto","background-attachment":"scroll","background-type":"","background-media":"","overlay-type":"","overlay-color":"","overlay-opacity":"","overlay-gradient":""},"tablet":{"background-color":"var(--ast-global-color-5)","background-image":"","background-repeat":"repeat","background-position":"center center","background-size":"auto","background-attachment":"scroll","background-type":"","background-media":"","overlay-type":"","overlay-color":"","overlay-opacity":"","overlay-gradient":""},"mobile":{"background-color":"var(--ast-global-color-5)","background-image":"","background-repeat":"repeat","background-position":"center center","background-size":"auto","background-attachment":"scroll","background-type":"","background-media":"","overlay-type":"","overlay-color":"","overlay-opacity":"","overlay-gradient":""}},"footnotes":""},"categories":[114,240,244,29],"tags":[],"class_list":["post-10508","post","type-post","status-publish","format-standard","has-post-thumbnail","hentry","category-erasmus","category-erasmus-2021-27","category-escoles-ambaixadores-del-parlament-europeu","category-portada"],"post_mailing_queue_ids":[],"_links":{"self":[{"href":"https:\/\/agora.xtec.cat\/iessert\/wp-json\/wp\/v2\/posts\/10508","targetHints":{"allow":["GET"]}}],"collection":[{"href":"https:\/\/agora.xtec.cat\/iessert\/wp-json\/wp\/v2\/posts"}],"about":[{"href":"https:\/\/agora.xtec.cat\/iessert\/wp-json\/wp\/v2\/types\/post"}],"author":[{"embeddable":true,"href":"https:\/\/agora.xtec.cat\/iessert\/wp-json\/wp\/v2\/users\/1"}],"replies":[{"embeddable":true,"href":"https:\/\/agora.xtec.cat\/iessert\/wp-json\/wp\/v2\/comments?post=10508"}],"version-history":[{"count":1,"href":"https:\/\/agora.xtec.cat\/iessert\/wp-json\/wp\/v2\/posts\/10508\/revisions"}],"predecessor-version":[{"id":10512,"href":"https:\/\/agora.xtec.cat\/iessert\/wp-json\/wp\/v2\/posts\/10508\/revisions\/10512"}],"wp:featuredmedia":[{"embeddable":true,"href":"https:\/\/agora.xtec.cat\/iessert\/wp-json\/wp\/v2\/media\/10511"}],"wp:attachment":[{"href":"https:\/\/agora.xtec.cat\/iessert\/wp-json\/wp\/v2\/media?parent=10508"}],"wp:term":[{"taxonomy":"category","embeddable":true,"href":"https:\/\/agora.xtec.cat\/iessert\/wp-json\/wp\/v2\/categories?post=10508"},{"taxonomy":"post_tag","embeddable":true,"href":"https:\/\/agora.xtec.cat\/iessert\/wp-json\/wp\/v2\/tags?post=10508"}],"curies":[{"name":"wp","href":"https:\/\/api.w.org\/{rel}","templated":true}]}}