{"id":10382,"date":"2025-05-13T13:36:06","date_gmt":"2025-05-13T11:36:06","guid":{"rendered":"https:\/\/agora.xtec.cat\/iessert\/?p=10382"},"modified":"2025-05-13T13:37:17","modified_gmt":"2025-05-13T11:37:17","slug":"celebracio-del-dia-deuropa","status":"publish","type":"post","link":"https:\/\/agora.xtec.cat\/iessert\/portada\/celebracio-del-dia-deuropa\/","title":{"rendered":"CELEBRACI\u00d3 DEL DIA D&#8217;EUROPA"},"content":{"rendered":"\n<p>El passat divendres dia 9 de maig, vam participar a la celebraci\u00f3 del Dia d\u2019Europa a les Cotxeres de Sants amb els nostres ambaixadors j\u00fanior del Parlament Europeu. Va ser un mat\u00ed ben profit\u00f3s amb tallers sobre Europa, enregistrament del programa LOFT on va participar la nostra alumna Nayara Silva parlant sobre l\u2019Erasmus, discurs del president Salvador Illa i intervenci\u00f3 del bioqu\u00edmic Pere Estupiny\u00e0. Un mat\u00ed de germanor on m\u00e9s de 600 ambaixadors j\u00fanior de Catalunya van compartir la il.lusi\u00f3 per difondre els valors europeus!<\/p>\n\n\n\n<p>D&#8217;altra banda, una representaci\u00f3 de l&#8217;ajuntament de la nostra ciutat amb l&#8217;alcalde Manu Reyes i els regidors Marian Ortega i Ram\u00f3n Amador van visitar el nostre centre per con\u00e8ixer m\u00e9s sobre el programa Erasmus+ i les accions que s&#8217;han dut a terme durant aquest curs a trav\u00e9s del programa d&#8217; Escoles Ambaixadores, al qual pertany el nostre centre.<\/p>\n\n\n\n<p>Podeu veure imatges de la jornada a continuaci\u00f3:<\/p>\n\n\n\n<p><a href=\"https:\/\/photos.app.goo.gl\/wht2XmLtErwTBWGB8\">DIA D&#8217;EUROPA<\/a><\/p>\n","protected":false},"excerpt":{"rendered":"<p>El passat divendres dia 9 de maig, vam participar a la celebraci\u00f3 del Dia d\u2019Europa a les Cotxeres de Sants amb els nostres ambaixadors j\u00fanior del Parlament Europeu<\/p>\n","protected":false},"author":1,"featured_media":10383,"comment_status":"closed","ping_status":"open","sticky":false,"template":"","format":"standard","meta":{"_bbp_topic_count":0,"_bbp_reply_count":0,"_bbp_total_topic_count":0,"_bbp_total_reply_count":0,"_bbp_voice_count":0,"_bbp_anonymous_reply_count":0,"_bbp_topic_count_hidden":0,"_bbp_reply_count_hidden":0,"_bbp_forum_subforum_count":0,"site-sidebar-layout":"default","site-content-layout":"","ast-site-content-layout":"default","site-content-style":"default","site-sidebar-style":"default","ast-global-header-display":"","ast-banner-title-visibility":"","ast-main-header-display":"","ast-hfb-above-header-display":"","ast-hfb-below-header-display":"","ast-hfb-mobile-header-display":"","site-post-title":"","ast-breadcrumbs-content":"","ast-featured-img":"","footer-sml-layout":"","theme-transparent-header-meta":"","adv-header-id-meta":"","stick-header-meta":"","header-above-stick-meta":"","header-main-stick-meta":"","header-below-stick-meta":"","astra-migrate-meta-layouts":"set","ast-page-background-enabled":"default","ast-page-background-meta":{"desktop":{"background-color":"var(--ast-global-color-4)","background-image":"","background-repeat":"repeat","background-position":"center center","background-size":"auto","background-attachment":"scroll","background-type":"","background-media":"","overlay-type":"","overlay-color":"","overlay-opacity":"","overlay-gradient":""},"tablet":{"background-color":"","background-image":"","background-repeat":"repeat","background-position":"center center","background-size":"auto","background-attachment":"scroll","background-type":"","background-media":"","overlay-type":"","overlay-color":"","overlay-opacity":"","overlay-gradient":""},"mobile":{"background-color":"","background-image":"","background-repeat":"repeat","background-position":"center center","background-size":"auto","background-attachment":"scroll","background-type":"","background-media":"","overlay-type":"","overlay-color":"","overlay-opacity":"","overlay-gradient":""}},"ast-content-background-meta":{"desktop":{"background-color":"var(--ast-global-color-5)","background-image":"","background-repeat":"repeat","background-position":"center center","background-size":"auto","background-attachment":"scroll","background-type":"","background-media":"","overlay-type":"","overlay-color":"","overlay-opacity":"","overlay-gradient":""},"tablet":{"background-color":"var(--ast-global-color-5)","background-image":"","background-repeat":"repeat","background-position":"center center","background-size":"auto","background-attachment":"scroll","background-type":"","background-media":"","overlay-type":"","overlay-color":"","overlay-opacity":"","overlay-gradient":""},"mobile":{"background-color":"var(--ast-global-color-5)","background-image":"","background-repeat":"repeat","background-position":"center center","background-size":"auto","background-attachment":"scroll","background-type":"","background-media":"","overlay-type":"","overlay-color":"","overlay-opacity":"","overlay-gradient":""}},"footnotes":""},"categories":[231,244,29],"tags":[],"class_list":["post-10382","post","type-post","status-publish","format-standard","has-post-thumbnail","hentry","category-dia-deuropa","category-escoles-ambaixadores-del-parlament-europeu","category-portada"],"post_mailing_queue_ids":[],"_links":{"self":[{"href":"https:\/\/agora.xtec.cat\/iessert\/wp-json\/wp\/v2\/posts\/10382","targetHints":{"allow":["GET"]}}],"collection":[{"href":"https:\/\/agora.xtec.cat\/iessert\/wp-json\/wp\/v2\/posts"}],"about":[{"href":"https:\/\/agora.xtec.cat\/iessert\/wp-json\/wp\/v2\/types\/post"}],"author":[{"embeddable":true,"href":"https:\/\/agora.xtec.cat\/iessert\/wp-json\/wp\/v2\/users\/1"}],"replies":[{"embeddable":true,"href":"https:\/\/agora.xtec.cat\/iessert\/wp-json\/wp\/v2\/comments?post=10382"}],"version-history":[{"count":2,"href":"https:\/\/agora.xtec.cat\/iessert\/wp-json\/wp\/v2\/posts\/10382\/revisions"}],"predecessor-version":[{"id":10385,"href":"https:\/\/agora.xtec.cat\/iessert\/wp-json\/wp\/v2\/posts\/10382\/revisions\/10385"}],"wp:featuredmedia":[{"embeddable":true,"href":"https:\/\/agora.xtec.cat\/iessert\/wp-json\/wp\/v2\/media\/10383"}],"wp:attachment":[{"href":"https:\/\/agora.xtec.cat\/iessert\/wp-json\/wp\/v2\/media?parent=10382"}],"wp:term":[{"taxonomy":"category","embeddable":true,"href":"https:\/\/agora.xtec.cat\/iessert\/wp-json\/wp\/v2\/categories?post=10382"},{"taxonomy":"post_tag","embeddable":true,"href":"https:\/\/agora.xtec.cat\/iessert\/wp-json\/wp\/v2\/tags?post=10382"}],"curies":[{"name":"wp","href":"https:\/\/api.w.org\/{rel}","templated":true}]}}