{"id":10076,"date":"2025-03-21T09:53:43","date_gmt":"2025-03-21T08:53:43","guid":{"rendered":"https:\/\/agora.xtec.cat\/iessert\/?p=10076"},"modified":"2025-03-21T10:42:33","modified_gmt":"2025-03-21T09:42:33","slug":"el-sert-al-parlament-europeu","status":"publish","type":"post","link":"https:\/\/agora.xtec.cat\/iessert\/portada\/el-sert-al-parlament-europeu\/","title":{"rendered":"EL SERT AL PARLAMENT EUROPEU"},"content":{"rendered":"\n<p>Els dies 19 i 20 de mar\u00e7 9 alumnes ambaixadors j\u00fanior van viatjar fins a Brussel.les per visitar el Parlament Europeu convidats per l&#8217;eurodiputada Dolors Montserrat i acompanyats per dues professores del centre i una representaci\u00f3 de l&#8217;ajuntament de Castelldefels amb l&#8217;alcalde Manu Reyes i dos regidors, la Marian Ortega i el Christian Hundamal.<\/p>\n\n\n\n<p>L&#8217;alumnat va poder gaudir d&#8217;una visita guiada a l&#8217;hemicicle, una xerrada informativa sobre la creaci\u00f3 de la Uni\u00f3 Europea i els valors que promou i tamb\u00e9 van poder conversar i fer preguntes a la Sra Dolors Montserrat. Despr\u00e9s de la visita, es va realitzar una connexi\u00f3 en directe des d&#8217;una sala del parlament amb el nostre institut, on s&#8217;estava celebrant una simulaci\u00f3 parlament\u00e0ria amb alumnat Erasmus+ del Sert i dels dos instituts que estem acollint aquesta setmana, el Ssgn de Nijmegen (Holanda) i el Lyc\u00e9e Montesquieu de Herblay-sur-Seine (Fran\u00e7a).<\/p>\n\n\n\n<p>A m\u00e9s, l&#8217;alumnat va visitar el Parlamentarium, on van continuar aprenent sobre la hist\u00f2ria d&#8217;Europa i tamb\u00e9 van tenir temps per con\u00e8ixer la ciutat.<\/p>\n\n\n\n<p>Una experi\u00e8ncia molt enriquidora per als nostres joves ambaixadors que els deixa records i aprenentatges que ben segur no oblidaran!<\/p>\n\n\n\n<p>Volem agrair al Parlament Europeu, la Sra Dolors Montserrat i l&#8217;ajuntament de Castelldefels aquesta oportunitat per poder continuar formant el nostre alumnat amb experi\u00e8ncies i aprenentatges m\u00e9s enll\u00e0 de l&#8217;aula.<\/p>\n\n\n\n<p>Podeu veure fotografies del viatge al seg\u00fcent enlla\u00e7:<\/p>\n\n\n\n<p><strong><a href=\"https:\/\/photos.app.goo.gl\/Vh4fNgGFrCQYFao29\" data-type=\"link\" data-id=\"https:\/\/photos.app.goo.gl\/Vh4fNgGFrCQYFao29\">EL SERT AL PARLAMENT EUROPEU<\/a><\/strong><\/p>\n","protected":false},"excerpt":{"rendered":"<p>Els dies 19 i 20 de mar\u00e7 9 alumnes ambaixadors j\u00fanior van viatjar fins a Brussel.les per visitar el Parlament Europeu <\/p>\n","protected":false},"author":1,"featured_media":10077,"comment_status":"closed","ping_status":"open","sticky":false,"template":"","format":"standard","meta":{"_bbp_topic_count":0,"_bbp_reply_count":0,"_bbp_total_topic_count":0,"_bbp_total_reply_count":0,"_bbp_voice_count":0,"_bbp_anonymous_reply_count":0,"_bbp_topic_count_hidden":0,"_bbp_reply_count_hidden":0,"_bbp_forum_subforum_count":0,"site-sidebar-layout":"default","site-content-layout":"","ast-site-content-layout":"","site-content-style":"default","site-sidebar-style":"default","ast-global-header-display":"","ast-banner-title-visibility":"","ast-main-header-display":"","ast-hfb-above-header-display":"","ast-hfb-below-header-display":"","ast-hfb-mobile-header-display":"","site-post-title":"","ast-breadcrumbs-content":"","ast-featured-img":"","footer-sml-layout":"","theme-transparent-header-meta":"","adv-header-id-meta":"","stick-header-meta":"","header-above-stick-meta":"","header-main-stick-meta":"","header-below-stick-meta":"","astra-migrate-meta-layouts":"default","ast-page-background-enabled":"default","ast-page-background-meta":{"desktop":{"background-color":"var(--ast-global-color-4)","background-image":"","background-repeat":"repeat","background-position":"center center","background-size":"auto","background-attachment":"scroll","background-type":"","background-media":"","overlay-type":"","overlay-color":"","overlay-opacity":"","overlay-gradient":""},"tablet":{"background-color":"","background-image":"","background-repeat":"repeat","background-position":"center center","background-size":"auto","background-attachment":"scroll","background-type":"","background-media":"","overlay-type":"","overlay-color":"","overlay-opacity":"","overlay-gradient":""},"mobile":{"background-color":"","background-image":"","background-repeat":"repeat","background-position":"center center","background-size":"auto","background-attachment":"scroll","background-type":"","background-media":"","overlay-type":"","overlay-color":"","overlay-opacity":"","overlay-gradient":""}},"ast-content-background-meta":{"desktop":{"background-color":"var(--ast-global-color-5)","background-image":"","background-repeat":"repeat","background-position":"center center","background-size":"auto","background-attachment":"scroll","background-type":"","background-media":"","overlay-type":"","overlay-color":"","overlay-opacity":"","overlay-gradient":""},"tablet":{"background-color":"var(--ast-global-color-5)","background-image":"","background-repeat":"repeat","background-position":"center center","background-size":"auto","background-attachment":"scroll","background-type":"","background-media":"","overlay-type":"","overlay-color":"","overlay-opacity":"","overlay-gradient":""},"mobile":{"background-color":"var(--ast-global-color-5)","background-image":"","background-repeat":"repeat","background-position":"center center","background-size":"auto","background-attachment":"scroll","background-type":"","background-media":"","overlay-type":"","overlay-color":"","overlay-opacity":"","overlay-gradient":""}},"footnotes":""},"categories":[244,29],"tags":[],"class_list":["post-10076","post","type-post","status-publish","format-standard","has-post-thumbnail","hentry","category-escoles-ambaixadores-del-parlament-europeu","category-portada"],"post_mailing_queue_ids":[],"_links":{"self":[{"href":"https:\/\/agora.xtec.cat\/iessert\/wp-json\/wp\/v2\/posts\/10076","targetHints":{"allow":["GET"]}}],"collection":[{"href":"https:\/\/agora.xtec.cat\/iessert\/wp-json\/wp\/v2\/posts"}],"about":[{"href":"https:\/\/agora.xtec.cat\/iessert\/wp-json\/wp\/v2\/types\/post"}],"author":[{"embeddable":true,"href":"https:\/\/agora.xtec.cat\/iessert\/wp-json\/wp\/v2\/users\/1"}],"replies":[{"embeddable":true,"href":"https:\/\/agora.xtec.cat\/iessert\/wp-json\/wp\/v2\/comments?post=10076"}],"version-history":[{"count":2,"href":"https:\/\/agora.xtec.cat\/iessert\/wp-json\/wp\/v2\/posts\/10076\/revisions"}],"predecessor-version":[{"id":10080,"href":"https:\/\/agora.xtec.cat\/iessert\/wp-json\/wp\/v2\/posts\/10076\/revisions\/10080"}],"wp:featuredmedia":[{"embeddable":true,"href":"https:\/\/agora.xtec.cat\/iessert\/wp-json\/wp\/v2\/media\/10077"}],"wp:attachment":[{"href":"https:\/\/agora.xtec.cat\/iessert\/wp-json\/wp\/v2\/media?parent=10076"}],"wp:term":[{"taxonomy":"category","embeddable":true,"href":"https:\/\/agora.xtec.cat\/iessert\/wp-json\/wp\/v2\/categories?post=10076"},{"taxonomy":"post_tag","embeddable":true,"href":"https:\/\/agora.xtec.cat\/iessert\/wp-json\/wp\/v2\/tags?post=10076"}],"curies":[{"name":"wp","href":"https:\/\/api.w.org\/{rel}","templated":true}]}}