{"id":16557,"date":"2026-09-02T18:51:21","date_gmt":"2026-09-02T16:51:21","guid":{"rendered":"https:\/\/agora.xtec.cat\/iesserrallarga\/?p=16557"},"modified":"2026-09-02T18:51:21","modified_gmt":"2026-09-02T16:51:21","slug":"entrevistes-per-a-la-mobilitar-a-rovaniemi","status":"publish","type":"post","link":"https:\/\/agora.xtec.cat\/iesserrallarga\/general\/entrevistes-per-a-la-mobilitar-a-rovaniemi\/","title":{"rendered":"Entrevistes per a la mobilitar a Rovaniemi"},"content":{"rendered":"<p>Ja es pot consultar al tauler del G1 la convocat\u00f2ria per a les entrevistes de l\u2019alumnat per a participar en la mobilitat a Rovaniemi (Finl\u00e0ndia) de 2026\/27.<br \/>\nEl fet de no presentar-se a l\u2019entrevista personal en el dia i hora prevista \u00e9s un motiu excloent del proc\u00e9s de selecci\u00f3 per a la mobilitat.<\/p>\n<p><a href=\"https:\/\/agora.xtec.cat\/iesserrallarga\/wp-content\/uploads\/usu54\/2026\/09\/LOGO-COFUNDED-AMB-FONS-scaled.jpg\"><img loading=\"lazy\" decoding=\"async\" class=\"aligncenter size-large wp-image-16558\" src=\"https:\/\/agora.xtec.cat\/iesserrallarga\/wp-content\/uploads\/usu54\/2026\/09\/LOGO-COFUNDED-AMB-FONS-1024x215.jpg\" alt=\"\" width=\"1024\" height=\"215\" srcset=\"https:\/\/agora.xtec.cat\/iesserrallarga\/wp-content\/uploads\/usu54\/2026\/09\/LOGO-COFUNDED-AMB-FONS-1024x215.jpg 1024w, https:\/\/agora.xtec.cat\/iesserrallarga\/wp-content\/uploads\/usu54\/2026\/09\/LOGO-COFUNDED-AMB-FONS-300x63.jpg 300w, https:\/\/agora.xtec.cat\/iesserrallarga\/wp-content\/uploads\/usu54\/2026\/09\/LOGO-COFUNDED-AMB-FONS-768x161.jpg 768w, https:\/\/agora.xtec.cat\/iesserrallarga\/wp-content\/uploads\/usu54\/2026\/09\/LOGO-COFUNDED-AMB-FONS-1536x322.jpg 1536w, https:\/\/agora.xtec.cat\/iesserrallarga\/wp-content\/uploads\/usu54\/2026\/09\/LOGO-COFUNDED-AMB-FONS-2048x430.jpg 2048w\" sizes=\"auto, (max-width: 1024px) 100vw, 1024px\" \/><\/a><\/p>\n","protected":false},"excerpt":{"rendered":"<p>Ja es pot consultar al tauler del G1 la convocat\u00f2ria per a les entrevistes de l\u2019alumnat per a participar en la mobilitat a Rovaniemi (Finl\u00e0ndia) de 2026\/27.<br \/>\nEl fet de no presentar-se a l\u2019entrevista personal en el dia i hora prevista \u00e9s un motiu excloent del&hellip;  <a href=\"https:\/\/agora.xtec.cat\/iesserrallarga\/general\/entrevistes-per-a-la-mobilitar-a-rovaniemi\/\" title=\"Read Entrevistes per a la mobilitar a Rovaniemi\">Llegeix m\u00e9s\u00bb<\/a><\/p>\n","protected":false},"author":1,"featured_media":16558,"comment_status":"closed","ping_status":"open","sticky":true,"template":"","format":"standard","meta":{"footnotes":""},"categories":[8,1,57,29],"tags":[],"class_list":["post-16557","post","type-post","status-publish","format-standard","has-post-thumbnail","hentry","category-batxillerat","category-general","category-informacio","category-portada"],"post_mailing_queue_ids":[],"_links":{"self":[{"href":"https:\/\/agora.xtec.cat\/iesserrallarga\/wp-json\/wp\/v2\/posts\/16557","targetHints":{"allow":["GET"]}}],"collection":[{"href":"https:\/\/agora.xtec.cat\/iesserrallarga\/wp-json\/wp\/v2\/posts"}],"about":[{"href":"https:\/\/agora.xtec.cat\/iesserrallarga\/wp-json\/wp\/v2\/types\/post"}],"author":[{"embeddable":true,"href":"https:\/\/agora.xtec.cat\/iesserrallarga\/wp-json\/wp\/v2\/users\/1"}],"replies":[{"embeddable":true,"href":"https:\/\/agora.xtec.cat\/iesserrallarga\/wp-json\/wp\/v2\/comments?post=16557"}],"version-history":[{"count":1,"href":"https:\/\/agora.xtec.cat\/iesserrallarga\/wp-json\/wp\/v2\/posts\/16557\/revisions"}],"predecessor-version":[{"id":16559,"href":"https:\/\/agora.xtec.cat\/iesserrallarga\/wp-json\/wp\/v2\/posts\/16557\/revisions\/16559"}],"wp:featuredmedia":[{"embeddable":true,"href":"https:\/\/agora.xtec.cat\/iesserrallarga\/wp-json\/wp\/v2\/media\/16558"}],"wp:attachment":[{"href":"https:\/\/agora.xtec.cat\/iesserrallarga\/wp-json\/wp\/v2\/media?parent=16557"}],"wp:term":[{"taxonomy":"category","embeddable":true,"href":"https:\/\/agora.xtec.cat\/iesserrallarga\/wp-json\/wp\/v2\/categories?post=16557"},{"taxonomy":"post_tag","embeddable":true,"href":"https:\/\/agora.xtec.cat\/iesserrallarga\/wp-json\/wp\/v2\/tags?post=16557"}],"curies":[{"name":"wp","href":"https:\/\/api.w.org\/{rel}","templated":true}]}}