{"id":16555,"date":"2026-09-02T11:54:55","date_gmt":"2026-09-02T09:54:55","guid":{"rendered":"https:\/\/agora.xtec.cat\/iesserrallarga\/?p=16555"},"modified":"2026-09-02T11:55:34","modified_gmt":"2026-09-02T09:55:34","slug":"places-vacants-de-cicles-2","status":"publish","type":"post","link":"https:\/\/agora.xtec.cat\/iesserrallarga\/portada\/places-vacants-de-cicles-2\/","title":{"rendered":"Places vacants de cicles"},"content":{"rendered":"<p>La inscripci\u00f3 de l&#8217;alumnat a la cua virtual per accedir a les places vacants de cicles de GM i de GS s\u2019activar\u00e0 de manera centralitzada i simult\u00e0nia per a tots els centres participants el 7 de setembre de 2026, entre les 09.00 h i les 23.59 h.<\/p>\n<p>El dia 4\/09 publicarem les vacants que hi ha de cada cicle.<\/p>\n<p>Aquest \u00e9s l&#8217;enlla\u00e7 que <strong>estar\u00e0 actiu a partir del 7 de setembre a les 09.00h<\/strong>:<\/p>\n<p><a href=\"https:\/\/aplicacions.gestioeducativa.gencat.cat\/ords\/pls\/apex\/f?p=20160079072543618:650:::NO:650:P650_CENTRE:C9D2077AD52DED6212CCEB1D61E2B8986E0D1399B9327564\">https:\/\/aplicacions.gestioeducativa.gencat.cat\/ords\/pls\/apex\/f?p=20160079072543618:650:::NO:650:P650_CENTRE:C9D2077AD52DED6212CCEB1D61E2B8986E0D1399B9327564<\/a><\/p>\n<p>El funcionament de la cua virtual ser\u00e0 el seg\u00fcent:<\/p>\n<p>La cua virtual \u00e9s una eina\u00a0<b>d\u2019\u00fas obligatori, publicada al web del centre, i \u00e9s \u00fanica per a cada centre educatiu i per a cada tipus d\u2019ensenyament (grau mitj\u00e0 i grau superior)<\/b>; per tant, no s&#8217;estableixen cues diferenciades per a cada cicle formatiu. Les persones interessades s\u00f3n ateses seguint estrictament l\u2019ordre cronol\u00f2gic d\u2019inscripci\u00f3 a la cua virtual del centre.<\/p>\n<p>L\u2019alumnat es pot inscriure a la cua virtual de qualsevol centre que disposi de vacants i, si ho considera oport\u00fa, tamb\u00e9 pot inscriure\u2019s simult\u00e0niament a les cues d\u2019altres centres. En aquesta fase no se sol\u00b7licita pla\u00e7a per a un cicle formatiu concret, sin\u00f3 que la inscripci\u00f3 es fa a nivell de centre.<\/p>\n<p>Cada centre disposa d\u2019un llistat ordenat segons la data i l&#8217;hora d\u2019inscripci\u00f3, que inclou les dades b\u00e0siques de contacte de les persones inscrites. A partir d\u2019aquest llistat, el centre contacta directament amb l\u2019alumnat i l\u2019at\u00e9n d&#8217;acord amb l&#8217;ordre establert a la cua.<\/p>\n<p>Cal tenir present que la posici\u00f3 a la cua determina \u00fanicament l\u2019ordre d&#8217;atenci\u00f3 i no garanteix l\u2019obtenci\u00f3 d\u2019una pla\u00e7a determinada. At\u00e8s que la cua \u00e9s pr\u00f2pia del centre i no d&#8217;un cicle formatiu espec\u00edfic, l&#8217;adjudicaci\u00f3 final dependr\u00e0 tant de les vacants disponibles en cada cicle en el moment de l&#8217;atenci\u00f3 com de les opcions escollides per les persones que hagin estat ateses amb anterioritat.<\/p>\n","protected":false},"excerpt":{"rendered":"<p>La inscripci\u00f3 de l&#8217;alumnat a la cua virtual per accedir a les places vacants de cicles de GM i de GS s\u2019activar\u00e0 de manera centralitzada i simult\u00e0nia per a tots els centres participants el 7 de setembre de 2026, entre les 09.00 h i les&hellip;  <a href=\"https:\/\/agora.xtec.cat\/iesserrallarga\/portada\/places-vacants-de-cicles-2\/\" title=\"Read Places vacants de cicles\">Llegeix m\u00e9s\u00bb<\/a><\/p>\n","protected":false},"author":1,"featured_media":16072,"comment_status":"closed","ping_status":"open","sticky":true,"template":"","format":"standard","meta":{"footnotes":""},"categories":[30,29],"tags":[],"class_list":["post-16555","post","type-post","status-publish","format-standard","has-post-thumbnail","hentry","category-cicles-formatius","category-portada"],"post_mailing_queue_ids":[],"_links":{"self":[{"href":"https:\/\/agora.xtec.cat\/iesserrallarga\/wp-json\/wp\/v2\/posts\/16555","targetHints":{"allow":["GET"]}}],"collection":[{"href":"https:\/\/agora.xtec.cat\/iesserrallarga\/wp-json\/wp\/v2\/posts"}],"about":[{"href":"https:\/\/agora.xtec.cat\/iesserrallarga\/wp-json\/wp\/v2\/types\/post"}],"author":[{"embeddable":true,"href":"https:\/\/agora.xtec.cat\/iesserrallarga\/wp-json\/wp\/v2\/users\/1"}],"replies":[{"embeddable":true,"href":"https:\/\/agora.xtec.cat\/iesserrallarga\/wp-json\/wp\/v2\/comments?post=16555"}],"version-history":[{"count":1,"href":"https:\/\/agora.xtec.cat\/iesserrallarga\/wp-json\/wp\/v2\/posts\/16555\/revisions"}],"predecessor-version":[{"id":16556,"href":"https:\/\/agora.xtec.cat\/iesserrallarga\/wp-json\/wp\/v2\/posts\/16555\/revisions\/16556"}],"wp:featuredmedia":[{"embeddable":true,"href":"https:\/\/agora.xtec.cat\/iesserrallarga\/wp-json\/wp\/v2\/media\/16072"}],"wp:attachment":[{"href":"https:\/\/agora.xtec.cat\/iesserrallarga\/wp-json\/wp\/v2\/media?parent=16555"}],"wp:term":[{"taxonomy":"category","embeddable":true,"href":"https:\/\/agora.xtec.cat\/iesserrallarga\/wp-json\/wp\/v2\/categories?post=16555"},{"taxonomy":"post_tag","embeddable":true,"href":"https:\/\/agora.xtec.cat\/iesserrallarga\/wp-json\/wp\/v2\/tags?post=16555"}],"curies":[{"name":"wp","href":"https:\/\/api.w.org\/{rel}","templated":true}]}}