{"id":15961,"date":"2026-04-17T20:30:33","date_gmt":"2026-04-17T18:30:33","guid":{"rendered":"https:\/\/agora.xtec.cat\/iesserrallarga\/?p=15961"},"modified":"2026-04-17T20:33:28","modified_gmt":"2026-04-17T18:33:28","slug":"grandissim-paper-del-serrallarga-al-concurs-fes-me-pensar","status":"publish","type":"post","link":"https:\/\/agora.xtec.cat\/iesserrallarga\/general\/grandissim-paper-del-serrallarga-al-concurs-fes-me-pensar\/","title":{"rendered":"Grand\u00edssim paper del Serrallarga al concurs &#8220;Fes-me Pensar&#8221;"},"content":{"rendered":"<p>Un any m\u00e9s, s&#8217;ha celebrat a la Biblioteca de Blanes la fase final del &#8220;Fes-me Pensar&#8221; on els tres instituts p\u00fablics de la ciutat han presentat les fotografies de caire filos\u00f2fic finalistes. Entre els deu finalistes, el nostre institut hi ha participat amb cinc imatges fetes per cinc alumnes de 1r i 2n de Batxillerat.<br \/>\nEstem molt contents d&#8217;anunciar-vos que la Jana n&#8217;ha resultat guanyadora i la seva fotografia quedar\u00e0 exposada al vest\u00edbul de la biblioteca. Felicitats tamb\u00e9 a la Dafne, en Pablo, en Jeremy i en Daniel per la bona feina.<\/p>\n<p>Endavant!<\/p>\n<p><a href=\"https:\/\/agora.xtec.cat\/iesserrallarga\/wp-content\/uploads\/usu54\/2026\/04\/Foto-Filosofica-Daniel-Romero.png\"><img loading=\"lazy\" decoding=\"async\" class=\"aligncenter size-full wp-image-15962\" src=\"https:\/\/agora.xtec.cat\/iesserrallarga\/wp-content\/uploads\/usu54\/2026\/04\/Foto-Filosofica-Daniel-Romero.png\" alt=\"\" width=\"640\" height=\"278\" srcset=\"https:\/\/agora.xtec.cat\/iesserrallarga\/wp-content\/uploads\/usu54\/2026\/04\/Foto-Filosofica-Daniel-Romero.png 640w, https:\/\/agora.xtec.cat\/iesserrallarga\/wp-content\/uploads\/usu54\/2026\/04\/Foto-Filosofica-Daniel-Romero-300x130.png 300w\" sizes=\"auto, (max-width: 640px) 100vw, 640px\" \/><\/a> <a href=\"https:\/\/agora.xtec.cat\/iesserrallarga\/wp-content\/uploads\/usu54\/2026\/04\/Jeremy.jpg\"><img loading=\"lazy\" decoding=\"async\" class=\"aligncenter size-large wp-image-15963\" src=\"https:\/\/agora.xtec.cat\/iesserrallarga\/wp-content\/uploads\/usu54\/2026\/04\/Jeremy.jpg\" alt=\"\" width=\"822\" height=\"462\" \/><\/a> <a href=\"https:\/\/agora.xtec.cat\/iesserrallarga\/wp-content\/uploads\/usu54\/2026\/04\/1000097909-scaled.jpg\"><img loading=\"lazy\" decoding=\"async\" class=\"aligncenter size-large wp-image-15964\" src=\"https:\/\/agora.xtec.cat\/iesserrallarga\/wp-content\/uploads\/usu54\/2026\/04\/1000097909-1024x461.jpg\" alt=\"\" width=\"1024\" height=\"461\" srcset=\"https:\/\/agora.xtec.cat\/iesserrallarga\/wp-content\/uploads\/usu54\/2026\/04\/1000097909-1024x461.jpg 1024w, https:\/\/agora.xtec.cat\/iesserrallarga\/wp-content\/uploads\/usu54\/2026\/04\/1000097909-300x135.jpg 300w, https:\/\/agora.xtec.cat\/iesserrallarga\/wp-content\/uploads\/usu54\/2026\/04\/1000097909-768x346.jpg 768w, https:\/\/agora.xtec.cat\/iesserrallarga\/wp-content\/uploads\/usu54\/2026\/04\/1000097909-1536x692.jpg 1536w, https:\/\/agora.xtec.cat\/iesserrallarga\/wp-content\/uploads\/usu54\/2026\/04\/1000097909-2048x922.jpg 2048w\" sizes=\"auto, (max-width: 1024px) 100vw, 1024px\" \/><\/a> <a href=\"https:\/\/agora.xtec.cat\/iesserrallarga\/wp-content\/uploads\/usu54\/2026\/04\/1000097918-scaled.jpg\"><img loading=\"lazy\" decoding=\"async\" class=\"aligncenter size-large wp-image-15965\" src=\"https:\/\/agora.xtec.cat\/iesserrallarga\/wp-content\/uploads\/usu54\/2026\/04\/1000097918-1024x461.jpg\" alt=\"\" width=\"1024\" height=\"461\" srcset=\"https:\/\/agora.xtec.cat\/iesserrallarga\/wp-content\/uploads\/usu54\/2026\/04\/1000097918-1024x461.jpg 1024w, https:\/\/agora.xtec.cat\/iesserrallarga\/wp-content\/uploads\/usu54\/2026\/04\/1000097918-300x135.jpg 300w, https:\/\/agora.xtec.cat\/iesserrallarga\/wp-content\/uploads\/usu54\/2026\/04\/1000097918-768x346.jpg 768w, https:\/\/agora.xtec.cat\/iesserrallarga\/wp-content\/uploads\/usu54\/2026\/04\/1000097918-1536x692.jpg 1536w, https:\/\/agora.xtec.cat\/iesserrallarga\/wp-content\/uploads\/usu54\/2026\/04\/1000097918-2048x922.jpg 2048w\" sizes=\"auto, (max-width: 1024px) 100vw, 1024px\" \/><\/a> <a href=\"https:\/\/agora.xtec.cat\/iesserrallarga\/wp-content\/uploads\/usu54\/2026\/04\/1000097924-scaled.jpg\"><img loading=\"lazy\" decoding=\"async\" class=\"aligncenter size-large wp-image-15966\" src=\"https:\/\/agora.xtec.cat\/iesserrallarga\/wp-content\/uploads\/usu54\/2026\/04\/1000097924-461x1024.jpg\" alt=\"\" width=\"461\" height=\"1024\" \/><\/a> <a href=\"https:\/\/agora.xtec.cat\/iesserrallarga\/wp-content\/uploads\/usu54\/2026\/04\/1000097931-scaled.jpg\"><img loading=\"lazy\" decoding=\"async\" class=\"aligncenter size-large wp-image-15967\" src=\"https:\/\/agora.xtec.cat\/iesserrallarga\/wp-content\/uploads\/usu54\/2026\/04\/1000097931-461x1024.jpg\" alt=\"\" width=\"461\" height=\"1024\" srcset=\"https:\/\/agora.xtec.cat\/iesserrallarga\/wp-content\/uploads\/usu54\/2026\/04\/1000097931-461x1024.jpg 461w, https:\/\/agora.xtec.cat\/iesserrallarga\/wp-content\/uploads\/usu54\/2026\/04\/1000097931-135x300.jpg 135w, https:\/\/agora.xtec.cat\/iesserrallarga\/wp-content\/uploads\/usu54\/2026\/04\/1000097931-768x1705.jpg 768w, https:\/\/agora.xtec.cat\/iesserrallarga\/wp-content\/uploads\/usu54\/2026\/04\/1000097931-692x1536.jpg 692w, https:\/\/agora.xtec.cat\/iesserrallarga\/wp-content\/uploads\/usu54\/2026\/04\/1000097931-922x2048.jpg 922w, https:\/\/agora.xtec.cat\/iesserrallarga\/wp-content\/uploads\/usu54\/2026\/04\/1000097931-scaled.jpg 1153w\" sizes=\"auto, (max-width: 461px) 100vw, 461px\" \/><\/a> <a href=\"https:\/\/agora.xtec.cat\/iesserrallarga\/wp-content\/uploads\/usu54\/2026\/04\/1000097916-scaled.jpg\"><img loading=\"lazy\" decoding=\"async\" class=\"aligncenter size-large wp-image-15968\" src=\"https:\/\/agora.xtec.cat\/iesserrallarga\/wp-content\/uploads\/usu54\/2026\/04\/1000097916-1024x461.jpg\" alt=\"\" width=\"1024\" height=\"461\" srcset=\"https:\/\/agora.xtec.cat\/iesserrallarga\/wp-content\/uploads\/usu54\/2026\/04\/1000097916-1024x461.jpg 1024w, https:\/\/agora.xtec.cat\/iesserrallarga\/wp-content\/uploads\/usu54\/2026\/04\/1000097916-300x135.jpg 300w, https:\/\/agora.xtec.cat\/iesserrallarga\/wp-content\/uploads\/usu54\/2026\/04\/1000097916-768x346.jpg 768w, https:\/\/agora.xtec.cat\/iesserrallarga\/wp-content\/uploads\/usu54\/2026\/04\/1000097916-1536x692.jpg 1536w, https:\/\/agora.xtec.cat\/iesserrallarga\/wp-content\/uploads\/usu54\/2026\/04\/1000097916-2048x922.jpg 2048w\" sizes=\"auto, (max-width: 1024px) 100vw, 1024px\" \/><\/a><\/p>\n","protected":false},"excerpt":{"rendered":"<p>Un any m\u00e9s, s&#8217;ha celebrat a la Biblioteca de Blanes la fase final del &#8220;Fes-me Pensar&#8221; on els tres instituts p\u00fablics de la ciutat han presentat les fotografies de caire filos\u00f2fic finalistes. Entre els deu finalistes, el nostre institut hi ha participat amb cinc imatges&hellip;  <a href=\"https:\/\/agora.xtec.cat\/iesserrallarga\/general\/grandissim-paper-del-serrallarga-al-concurs-fes-me-pensar\/\" title=\"Read Grand\u00edssim paper del Serrallarga al concurs &#8220;Fes-me Pensar&#8221;\">Llegeix m\u00e9s\u00bb<\/a><\/p>\n","protected":false},"author":1,"featured_media":15962,"comment_status":"closed","ping_status":"open","sticky":true,"template":"","format":"standard","meta":{"_bbp_topic_count":0,"_bbp_reply_count":0,"_bbp_total_topic_count":0,"_bbp_total_reply_count":0,"_bbp_voice_count":0,"_bbp_anonymous_reply_count":0,"_bbp_topic_count_hidden":0,"_bbp_reply_count_hidden":0,"_bbp_forum_subforum_count":0,"footnotes":""},"categories":[8,1,57,29],"tags":[],"class_list":["post-15961","post","type-post","status-publish","format-standard","has-post-thumbnail","hentry","category-batxillerat","category-general","category-informacio","category-portada"],"post_mailing_queue_ids":[],"_links":{"self":[{"href":"https:\/\/agora.xtec.cat\/iesserrallarga\/wp-json\/wp\/v2\/posts\/15961","targetHints":{"allow":["GET"]}}],"collection":[{"href":"https:\/\/agora.xtec.cat\/iesserrallarga\/wp-json\/wp\/v2\/posts"}],"about":[{"href":"https:\/\/agora.xtec.cat\/iesserrallarga\/wp-json\/wp\/v2\/types\/post"}],"author":[{"embeddable":true,"href":"https:\/\/agora.xtec.cat\/iesserrallarga\/wp-json\/wp\/v2\/users\/1"}],"replies":[{"embeddable":true,"href":"https:\/\/agora.xtec.cat\/iesserrallarga\/wp-json\/wp\/v2\/comments?post=15961"}],"version-history":[{"count":1,"href":"https:\/\/agora.xtec.cat\/iesserrallarga\/wp-json\/wp\/v2\/posts\/15961\/revisions"}],"predecessor-version":[{"id":15969,"href":"https:\/\/agora.xtec.cat\/iesserrallarga\/wp-json\/wp\/v2\/posts\/15961\/revisions\/15969"}],"wp:featuredmedia":[{"embeddable":true,"href":"https:\/\/agora.xtec.cat\/iesserrallarga\/wp-json\/wp\/v2\/media\/15962"}],"wp:attachment":[{"href":"https:\/\/agora.xtec.cat\/iesserrallarga\/wp-json\/wp\/v2\/media?parent=15961"}],"wp:term":[{"taxonomy":"category","embeddable":true,"href":"https:\/\/agora.xtec.cat\/iesserrallarga\/wp-json\/wp\/v2\/categories?post=15961"},{"taxonomy":"post_tag","embeddable":true,"href":"https:\/\/agora.xtec.cat\/iesserrallarga\/wp-json\/wp\/v2\/tags?post=15961"}],"curies":[{"name":"wp","href":"https:\/\/api.w.org\/{rel}","templated":true}]}}