{"id":13237,"date":"2025-01-26T20:51:45","date_gmt":"2025-01-26T19:51:45","guid":{"rendered":"https:\/\/agora.xtec.cat\/iesserrallarga\/?p=13237"},"modified":"2025-02-20T19:01:56","modified_gmt":"2025-02-20T18:01:56","slug":"activitat-conjunta-entre-els-alumnes-del-pfi-i-2n-dife","status":"publish","type":"post","link":"https:\/\/agora.xtec.cat\/iesserrallarga\/general\/activitat-conjunta-entre-els-alumnes-del-pfi-i-2n-dife\/","title":{"rendered":"Activitat conjunta entre els alumnes del PFI i 2n d\u2019IFE"},"content":{"rendered":"<div>\n<p>Els alumnes del PFI de Muntatges han compartit una activitat molt especial amb els estudiants de 2n d\u2019IFE, un recurs que dona suport a joves amb necessitats educatives especials. Durant la jornada, els alumnes del PFI han explicat i demostrat l\u2019\u00fas de les eines que utilitzem di\u00e0riament en el nostre entorn de treball.<\/p>\n<p>Ha estat una experi\u00e8ncia enriquidora que ha posat en valor la col\u00b7laboraci\u00f3 i l\u2019aprenentatge mutu. Tots plegats hem apr\u00e8s que compartir coneixements no nom\u00e9s ens ajuda a cr\u00e9ixer professionalment, sin\u00f3 tamb\u00e9 com a persones.<\/p>\n<p>Gr\u00e0cies als alumnes de 2n d\u2019IFE per la seva predisposici\u00f3 i implicaci\u00f3! Aquesta ha estat una jornada per recordar.<\/p>\n<p><a href=\"https:\/\/agora.xtec.cat\/iesserrallarga\/wp-content\/uploads\/usu54\/2025\/01\/PFI-IFE.jpg\"><img loading=\"lazy\" decoding=\"async\" class=\"aligncenter size-large wp-image-13240\" src=\"https:\/\/agora.xtec.cat\/iesserrallarga\/wp-content\/uploads\/usu54\/2025\/01\/PFI-IFE-1024x576.jpg\" alt=\"\" width=\"1024\" height=\"576\" srcset=\"https:\/\/agora.xtec.cat\/iesserrallarga\/wp-content\/uploads\/usu54\/2025\/01\/PFI-IFE-1024x576.jpg 1024w, https:\/\/agora.xtec.cat\/iesserrallarga\/wp-content\/uploads\/usu54\/2025\/01\/PFI-IFE-300x169.jpg 300w, https:\/\/agora.xtec.cat\/iesserrallarga\/wp-content\/uploads\/usu54\/2025\/01\/PFI-IFE-768x432.jpg 768w, https:\/\/agora.xtec.cat\/iesserrallarga\/wp-content\/uploads\/usu54\/2025\/01\/PFI-IFE-1536x864.jpg 1536w, https:\/\/agora.xtec.cat\/iesserrallarga\/wp-content\/uploads\/usu54\/2025\/01\/PFI-IFE.jpg 1920w\" sizes=\"auto, (max-width: 1024px) 100vw, 1024px\" \/><\/a><\/p>\n<\/div>\n","protected":false},"excerpt":{"rendered":"<p>Els alumnes del PFI de Muntatges han compartit una activitat molt especial amb els estudiants de 2n d\u2019IFE, un recurs que dona suport a joves amb necessitats educatives especials. Durant la jornada, els alumnes del PFI han explicat i demostrat l\u2019\u00fas de les eines que&hellip;  <a href=\"https:\/\/agora.xtec.cat\/iesserrallarga\/general\/activitat-conjunta-entre-els-alumnes-del-pfi-i-2n-dife\/\" title=\"Read Activitat conjunta entre els alumnes del PFI i 2n d\u2019IFE\">Llegeix m\u00e9s\u00bb<\/a><\/p>\n","protected":false},"author":1,"featured_media":13240,"comment_status":"closed","ping_status":"closed","sticky":false,"template":"","format":"standard","meta":{"_bbp_topic_count":0,"_bbp_reply_count":0,"_bbp_total_topic_count":0,"_bbp_total_reply_count":0,"_bbp_voice_count":0,"_bbp_anonymous_reply_count":0,"_bbp_topic_count_hidden":0,"_bbp_reply_count_hidden":0,"_bbp_forum_subforum_count":0,"footnotes":""},"categories":[1,57,29],"tags":[],"class_list":["post-13237","post","type-post","status-publish","format-standard","has-post-thumbnail","hentry","category-general","category-informacio","category-portada"],"post_mailing_queue_ids":[],"_links":{"self":[{"href":"https:\/\/agora.xtec.cat\/iesserrallarga\/wp-json\/wp\/v2\/posts\/13237","targetHints":{"allow":["GET"]}}],"collection":[{"href":"https:\/\/agora.xtec.cat\/iesserrallarga\/wp-json\/wp\/v2\/posts"}],"about":[{"href":"https:\/\/agora.xtec.cat\/iesserrallarga\/wp-json\/wp\/v2\/types\/post"}],"author":[{"embeddable":true,"href":"https:\/\/agora.xtec.cat\/iesserrallarga\/wp-json\/wp\/v2\/users\/1"}],"replies":[{"embeddable":true,"href":"https:\/\/agora.xtec.cat\/iesserrallarga\/wp-json\/wp\/v2\/comments?post=13237"}],"version-history":[{"count":3,"href":"https:\/\/agora.xtec.cat\/iesserrallarga\/wp-json\/wp\/v2\/posts\/13237\/revisions"}],"predecessor-version":[{"id":13241,"href":"https:\/\/agora.xtec.cat\/iesserrallarga\/wp-json\/wp\/v2\/posts\/13237\/revisions\/13241"}],"wp:featuredmedia":[{"embeddable":true,"href":"https:\/\/agora.xtec.cat\/iesserrallarga\/wp-json\/wp\/v2\/media\/13240"}],"wp:attachment":[{"href":"https:\/\/agora.xtec.cat\/iesserrallarga\/wp-json\/wp\/v2\/media?parent=13237"}],"wp:term":[{"taxonomy":"category","embeddable":true,"href":"https:\/\/agora.xtec.cat\/iesserrallarga\/wp-json\/wp\/v2\/categories?post=13237"},{"taxonomy":"post_tag","embeddable":true,"href":"https:\/\/agora.xtec.cat\/iesserrallarga\/wp-json\/wp\/v2\/tags?post=13237"}],"curies":[{"name":"wp","href":"https:\/\/api.w.org\/{rel}","templated":true}]}}