{"id":13213,"date":"2025-01-14T10:24:34","date_gmt":"2025-01-14T09:24:34","guid":{"rendered":"https:\/\/agora.xtec.cat\/iesserrallarga\/?p=13213"},"modified":"2025-02-20T19:02:15","modified_gmt":"2025-02-20T18:02:15","slug":"a-la-materia-de-projectes-sha-treballat-com-realitzar-un-estudi-sociologic","status":"publish","type":"post","link":"https:\/\/agora.xtec.cat\/iesserrallarga\/general\/a-la-materia-de-projectes-sha-treballat-com-realitzar-un-estudi-sociologic\/","title":{"rendered":"A la mat\u00e8ria de Projectes s&#8217;ha treballat com realitzar un estudi sociol\u00f2gic"},"content":{"rendered":"<p>L&#8217;estudi consistia a veure quines necessitats i interessos tenen els joves de Blanes. Els resultats d&#8217;alguns grups de 2n d&#8217;ESO van ser presentats davant de l&#8217;alcalde, Jordi Hern\u00e1ndez; de la regidora de joventut, Estefan\u00eda Romero; del t\u00e8cnic de joventut, Ivan del R\u00edo; i de l&#8217;equip de professionals de l&#8217;espai jove de la Nau4. Va ser una activitat acad\u00e8mica molt enriquidora per a l&#8217;alumnat, ja que van presentar per primera vegada el seu estudi davant d&#8217;un p\u00fablic nombr\u00f3s i amb representants institucionals, cosa que li va proporcionar un caire protocol\u00b7lari a l&#8217;acte en si.<br \/>\nLa visita va concloure amb diverses activitats l\u00fadiques dutes a terme per l&#8217;equip de la Nau4 per tal de con\u00e8ixer les instal\u00b7lacions i els tallers que l&#8217;espai ofereix.<\/p>\n<p>&nbsp;<\/p>\n<figure class=\"figure wp-caption aligncenter\"><a href=\"https:\/\/agora.xtec.cat\/iesserrallarga\/wp-content\/uploads\/usu54\/2025\/01\/IMG20241213095928_BURST000_COVER-scaled.jpg\"><img loading=\"lazy\" decoding=\"async\" class=\"size-large wp-image-13214\" src=\"https:\/\/agora.xtec.cat\/iesserrallarga\/wp-content\/uploads\/usu54\/2025\/01\/IMG20241213095928_BURST000_COVER-1024x768.jpg\" alt=\"\" width=\"1024\" height=\"768\" srcset=\"https:\/\/agora.xtec.cat\/iesserrallarga\/wp-content\/uploads\/usu54\/2025\/01\/IMG20241213095928_BURST000_COVER-1024x768.jpg 1024w, https:\/\/agora.xtec.cat\/iesserrallarga\/wp-content\/uploads\/usu54\/2025\/01\/IMG20241213095928_BURST000_COVER-300x225.jpg 300w, https:\/\/agora.xtec.cat\/iesserrallarga\/wp-content\/uploads\/usu54\/2025\/01\/IMG20241213095928_BURST000_COVER-768x576.jpg 768w, https:\/\/agora.xtec.cat\/iesserrallarga\/wp-content\/uploads\/usu54\/2025\/01\/IMG20241213095928_BURST000_COVER-1536x1152.jpg 1536w, https:\/\/agora.xtec.cat\/iesserrallarga\/wp-content\/uploads\/usu54\/2025\/01\/IMG20241213095928_BURST000_COVER-2048x1536.jpg 2048w, https:\/\/agora.xtec.cat\/iesserrallarga\/wp-content\/uploads\/usu54\/2025\/01\/IMG20241213095928_BURST000_COVER-200x150.jpg 200w\" sizes=\"auto, (max-width: 1024px) 100vw, 1024px\" \/><\/a><figcaption class=\"wp-caption-text\">oppo_0<\/figcaption><\/figure>\n<figure class=\"figure wp-caption aligncenter\"><a href=\"https:\/\/agora.xtec.cat\/iesserrallarga\/wp-content\/uploads\/usu54\/2025\/01\/IMG20241213121428_BURST000_COVER-scaled.jpg\"><img loading=\"lazy\" decoding=\"async\" class=\"size-large wp-image-13215\" src=\"https:\/\/agora.xtec.cat\/iesserrallarga\/wp-content\/uploads\/usu54\/2025\/01\/IMG20241213121428_BURST000_COVER-1024x768.jpg\" alt=\"\" width=\"1024\" height=\"768\" srcset=\"https:\/\/agora.xtec.cat\/iesserrallarga\/wp-content\/uploads\/usu54\/2025\/01\/IMG20241213121428_BURST000_COVER-1024x768.jpg 1024w, https:\/\/agora.xtec.cat\/iesserrallarga\/wp-content\/uploads\/usu54\/2025\/01\/IMG20241213121428_BURST000_COVER-300x225.jpg 300w, https:\/\/agora.xtec.cat\/iesserrallarga\/wp-content\/uploads\/usu54\/2025\/01\/IMG20241213121428_BURST000_COVER-768x576.jpg 768w, https:\/\/agora.xtec.cat\/iesserrallarga\/wp-content\/uploads\/usu54\/2025\/01\/IMG20241213121428_BURST000_COVER-1536x1152.jpg 1536w, https:\/\/agora.xtec.cat\/iesserrallarga\/wp-content\/uploads\/usu54\/2025\/01\/IMG20241213121428_BURST000_COVER-2048x1536.jpg 2048w, https:\/\/agora.xtec.cat\/iesserrallarga\/wp-content\/uploads\/usu54\/2025\/01\/IMG20241213121428_BURST000_COVER-200x150.jpg 200w\" sizes=\"auto, (max-width: 1024px) 100vw, 1024px\" \/><\/a><figcaption class=\"wp-caption-text\">oppo_0<\/figcaption><\/figure>\n<p><figure class=\"figure wp-caption aligncenter\"><a href=\"https:\/\/agora.xtec.cat\/iesserrallarga\/wp-content\/uploads\/usu54\/2025\/01\/IMG20241213120003_BURST000_COVER-scaled.jpg\"><img loading=\"lazy\" decoding=\"async\" class=\"size-large wp-image-13216\" src=\"https:\/\/agora.xtec.cat\/iesserrallarga\/wp-content\/uploads\/usu54\/2025\/01\/IMG20241213120003_BURST000_COVER-1024x768.jpg\" alt=\"\" width=\"1024\" height=\"768\" srcset=\"https:\/\/agora.xtec.cat\/iesserrallarga\/wp-content\/uploads\/usu54\/2025\/01\/IMG20241213120003_BURST000_COVER-1024x768.jpg 1024w, https:\/\/agora.xtec.cat\/iesserrallarga\/wp-content\/uploads\/usu54\/2025\/01\/IMG20241213120003_BURST000_COVER-300x225.jpg 300w, https:\/\/agora.xtec.cat\/iesserrallarga\/wp-content\/uploads\/usu54\/2025\/01\/IMG20241213120003_BURST000_COVER-768x576.jpg 768w, https:\/\/agora.xtec.cat\/iesserrallarga\/wp-content\/uploads\/usu54\/2025\/01\/IMG20241213120003_BURST000_COVER-1536x1152.jpg 1536w, https:\/\/agora.xtec.cat\/iesserrallarga\/wp-content\/uploads\/usu54\/2025\/01\/IMG20241213120003_BURST000_COVER-2048x1536.jpg 2048w, https:\/\/agora.xtec.cat\/iesserrallarga\/wp-content\/uploads\/usu54\/2025\/01\/IMG20241213120003_BURST000_COVER-200x150.jpg 200w\" sizes=\"auto, (max-width: 1024px) 100vw, 1024px\" \/><\/a><figcaption class=\"wp-caption-text\">oppo_0<\/figcaption><\/figure><br \/>\n<a href=\"https:\/\/agora.xtec.cat\/iesserrallarga\/wp-content\/uploads\/usu54\/2025\/01\/IMG20241213091254-2-scaled.jpg\"><img loading=\"lazy\" decoding=\"async\" src=\"https:\/\/agora.xtec.cat\/iesserrallarga\/wp-content\/uploads\/usu54\/2025\/01\/IMG20241213091254-2-1024x768.jpg\" alt=\"\" width=\"1024\" height=\"768\" class=\"aligncenter size-large wp-image-13218\" srcset=\"https:\/\/agora.xtec.cat\/iesserrallarga\/wp-content\/uploads\/usu54\/2025\/01\/IMG20241213091254-2-1024x768.jpg 1024w, https:\/\/agora.xtec.cat\/iesserrallarga\/wp-content\/uploads\/usu54\/2025\/01\/IMG20241213091254-2-300x225.jpg 300w, https:\/\/agora.xtec.cat\/iesserrallarga\/wp-content\/uploads\/usu54\/2025\/01\/IMG20241213091254-2-768x576.jpg 768w, https:\/\/agora.xtec.cat\/iesserrallarga\/wp-content\/uploads\/usu54\/2025\/01\/IMG20241213091254-2-1536x1152.jpg 1536w, https:\/\/agora.xtec.cat\/iesserrallarga\/wp-content\/uploads\/usu54\/2025\/01\/IMG20241213091254-2-2048x1536.jpg 2048w, https:\/\/agora.xtec.cat\/iesserrallarga\/wp-content\/uploads\/usu54\/2025\/01\/IMG20241213091254-2-200x150.jpg 200w\" sizes=\"auto, (max-width: 1024px) 100vw, 1024px\" \/><\/a><\/p>\n<p><a href=\"https:\/\/agora.xtec.cat\/iesserrallarga\/wp-content\/uploads\/usu54\/2025\/01\/IMG20241213091254-scaled.jpg\"><img loading=\"lazy\" decoding=\"async\" src=\"https:\/\/agora.xtec.cat\/iesserrallarga\/wp-content\/uploads\/usu54\/2025\/01\/IMG20241213091254-1024x768.jpg\" alt=\"\" width=\"1024\" height=\"768\" class=\"aligncenter size-large wp-image-13219\" srcset=\"https:\/\/agora.xtec.cat\/iesserrallarga\/wp-content\/uploads\/usu54\/2025\/01\/IMG20241213091254-1024x768.jpg 1024w, https:\/\/agora.xtec.cat\/iesserrallarga\/wp-content\/uploads\/usu54\/2025\/01\/IMG20241213091254-300x225.jpg 300w, https:\/\/agora.xtec.cat\/iesserrallarga\/wp-content\/uploads\/usu54\/2025\/01\/IMG20241213091254-768x576.jpg 768w, https:\/\/agora.xtec.cat\/iesserrallarga\/wp-content\/uploads\/usu54\/2025\/01\/IMG20241213091254-1536x1152.jpg 1536w, https:\/\/agora.xtec.cat\/iesserrallarga\/wp-content\/uploads\/usu54\/2025\/01\/IMG20241213091254-2048x1536.jpg 2048w, https:\/\/agora.xtec.cat\/iesserrallarga\/wp-content\/uploads\/usu54\/2025\/01\/IMG20241213091254-200x150.jpg 200w\" sizes=\"auto, (max-width: 1024px) 100vw, 1024px\" \/><\/a><\/p>\n<p><a href=\"https:\/\/agora.xtec.cat\/iesserrallarga\/wp-content\/uploads\/usu54\/2025\/01\/IMG20241213102622-scaled.jpg\"><img loading=\"lazy\" decoding=\"async\" src=\"https:\/\/agora.xtec.cat\/iesserrallarga\/wp-content\/uploads\/usu54\/2025\/01\/IMG20241213102622-768x1024.jpg\" alt=\"\" width=\"768\" height=\"1024\" class=\"aligncenter size-large wp-image-13221\" srcset=\"https:\/\/agora.xtec.cat\/iesserrallarga\/wp-content\/uploads\/usu54\/2025\/01\/IMG20241213102622-768x1024.jpg 768w, https:\/\/agora.xtec.cat\/iesserrallarga\/wp-content\/uploads\/usu54\/2025\/01\/IMG20241213102622-225x300.jpg 225w, https:\/\/agora.xtec.cat\/iesserrallarga\/wp-content\/uploads\/usu54\/2025\/01\/IMG20241213102622-1152x1536.jpg 1152w, https:\/\/agora.xtec.cat\/iesserrallarga\/wp-content\/uploads\/usu54\/2025\/01\/IMG20241213102622-1536x2048.jpg 1536w, https:\/\/agora.xtec.cat\/iesserrallarga\/wp-content\/uploads\/usu54\/2025\/01\/IMG20241213102622-scaled.jpg 1920w\" sizes=\"auto, (max-width: 768px) 100vw, 768px\" \/><\/a><\/p>\n<p><a href=\"https:\/\/agora.xtec.cat\/iesserrallarga\/wp-content\/uploads\/usu54\/2025\/01\/IMG20241213130206-scaled.jpg\"><img loading=\"lazy\" decoding=\"async\" src=\"https:\/\/agora.xtec.cat\/iesserrallarga\/wp-content\/uploads\/usu54\/2025\/01\/IMG20241213130206-1024x768.jpg\" alt=\"\" width=\"1024\" height=\"768\" class=\"aligncenter size-large wp-image-13222\" srcset=\"https:\/\/agora.xtec.cat\/iesserrallarga\/wp-content\/uploads\/usu54\/2025\/01\/IMG20241213130206-1024x768.jpg 1024w, https:\/\/agora.xtec.cat\/iesserrallarga\/wp-content\/uploads\/usu54\/2025\/01\/IMG20241213130206-300x225.jpg 300w, https:\/\/agora.xtec.cat\/iesserrallarga\/wp-content\/uploads\/usu54\/2025\/01\/IMG20241213130206-768x576.jpg 768w, https:\/\/agora.xtec.cat\/iesserrallarga\/wp-content\/uploads\/usu54\/2025\/01\/IMG20241213130206-1536x1152.jpg 1536w, https:\/\/agora.xtec.cat\/iesserrallarga\/wp-content\/uploads\/usu54\/2025\/01\/IMG20241213130206-2048x1536.jpg 2048w, https:\/\/agora.xtec.cat\/iesserrallarga\/wp-content\/uploads\/usu54\/2025\/01\/IMG20241213130206-200x150.jpg 200w\" sizes=\"auto, (max-width: 1024px) 100vw, 1024px\" \/><\/a><\/p>\n","protected":false},"excerpt":{"rendered":"<p>L&#8217;estudi consistia a veure quines necessitats i interessos tenen els joves de Blanes. Els resultats d&#8217;alguns grups de 2n d&#8217;ESO van ser presentats davant de l&#8217;alcalde, Jordi Hern\u00e1ndez; de la regidora de joventut, Estefan\u00eda Romero; del t\u00e8cnic de joventut, Ivan del R\u00edo; i de l&#8217;equip&hellip;  <a href=\"https:\/\/agora.xtec.cat\/iesserrallarga\/general\/a-la-materia-de-projectes-sha-treballat-com-realitzar-un-estudi-sociologic\/\" title=\"Read A la mat\u00e8ria de Projectes s&#8217;ha treballat com realitzar un estudi sociol\u00f2gic\">Llegeix m\u00e9s\u00bb<\/a><\/p>\n","protected":false},"author":1,"featured_media":13214,"comment_status":"closed","ping_status":"closed","sticky":false,"template":"","format":"standard","meta":{"_bbp_topic_count":0,"_bbp_reply_count":0,"_bbp_total_topic_count":0,"_bbp_total_reply_count":0,"_bbp_voice_count":0,"_bbp_anonymous_reply_count":0,"_bbp_topic_count_hidden":0,"_bbp_reply_count_hidden":0,"_bbp_forum_subforum_count":0,"footnotes":""},"categories":[3,5,1,57,29,155],"tags":[],"class_list":["post-13213","post","type-post","status-publish","format-standard","has-post-thumbnail","hentry","category-eso","category-eso-2","category-general","category-informacio","category-portada","category-reconeixement"],"post_mailing_queue_ids":[],"_links":{"self":[{"href":"https:\/\/agora.xtec.cat\/iesserrallarga\/wp-json\/wp\/v2\/posts\/13213","targetHints":{"allow":["GET"]}}],"collection":[{"href":"https:\/\/agora.xtec.cat\/iesserrallarga\/wp-json\/wp\/v2\/posts"}],"about":[{"href":"https:\/\/agora.xtec.cat\/iesserrallarga\/wp-json\/wp\/v2\/types\/post"}],"author":[{"embeddable":true,"href":"https:\/\/agora.xtec.cat\/iesserrallarga\/wp-json\/wp\/v2\/users\/1"}],"replies":[{"embeddable":true,"href":"https:\/\/agora.xtec.cat\/iesserrallarga\/wp-json\/wp\/v2\/comments?post=13213"}],"version-history":[{"count":4,"href":"https:\/\/agora.xtec.cat\/iesserrallarga\/wp-json\/wp\/v2\/posts\/13213\/revisions"}],"predecessor-version":[{"id":13224,"href":"https:\/\/agora.xtec.cat\/iesserrallarga\/wp-json\/wp\/v2\/posts\/13213\/revisions\/13224"}],"wp:featuredmedia":[{"embeddable":true,"href":"https:\/\/agora.xtec.cat\/iesserrallarga\/wp-json\/wp\/v2\/media\/13214"}],"wp:attachment":[{"href":"https:\/\/agora.xtec.cat\/iesserrallarga\/wp-json\/wp\/v2\/media?parent=13213"}],"wp:term":[{"taxonomy":"category","embeddable":true,"href":"https:\/\/agora.xtec.cat\/iesserrallarga\/wp-json\/wp\/v2\/categories?post=13213"},{"taxonomy":"post_tag","embeddable":true,"href":"https:\/\/agora.xtec.cat\/iesserrallarga\/wp-json\/wp\/v2\/tags?post=13213"}],"curies":[{"name":"wp","href":"https:\/\/api.w.org\/{rel}","templated":true}]}}