{"id":13187,"date":"2024-12-19T19:20:28","date_gmt":"2024-12-19T18:20:28","guid":{"rendered":"https:\/\/agora.xtec.cat\/iesserrallarga\/?p=13187"},"modified":"2025-02-20T19:02:40","modified_gmt":"2025-02-20T18:02:40","slug":"visita-dels-reis-de-lorient-a-lescola-sa-forcanera","status":"publish","type":"post","link":"https:\/\/agora.xtec.cat\/iesserrallarga\/general\/visita-dels-reis-de-lorient-a-lescola-sa-forcanera\/","title":{"rendered":"Visita dels Reis de l&#8217;Orient a l&#8217;Escola Sa Forcanera"},"content":{"rendered":"<p>Els Reis de l\u2019Orient visiten l\u2019Escola Sa Forcanera abans que acabin les classes i es puguin endur les cartes dels infants. Des de la mat\u00e8ria d\u2019Arts Esc\u00e8niques i amb tot el grup de 2n de Batx. al complet, hem tornat a compartir una jornada emocionant. Gr\u00e0cies a l\u2019AFA de l\u2019escola i tamb\u00e9 a la Direcci\u00f3 per comptar amb nosaltres un Nadal m\u00e9s. Agra\u00efts\ud83e\udd70!<\/p>\n<p><a href=\"https:\/\/agora.xtec.cat\/iesserrallarga\/wp-content\/uploads\/usu54\/2024\/12\/IMG_1979-scaled.jpeg\"><img loading=\"lazy\" decoding=\"async\" class=\"aligncenter size-large wp-image-13188\" src=\"https:\/\/agora.xtec.cat\/iesserrallarga\/wp-content\/uploads\/usu54\/2024\/12\/IMG_1979-1024x576.jpeg\" alt=\"\" width=\"1024\" height=\"576\" srcset=\"https:\/\/agora.xtec.cat\/iesserrallarga\/wp-content\/uploads\/usu54\/2024\/12\/IMG_1979-1024x576.jpeg 1024w, https:\/\/agora.xtec.cat\/iesserrallarga\/wp-content\/uploads\/usu54\/2024\/12\/IMG_1979-300x169.jpeg 300w, https:\/\/agora.xtec.cat\/iesserrallarga\/wp-content\/uploads\/usu54\/2024\/12\/IMG_1979-768x432.jpeg 768w, https:\/\/agora.xtec.cat\/iesserrallarga\/wp-content\/uploads\/usu54\/2024\/12\/IMG_1979-1536x864.jpeg 1536w, https:\/\/agora.xtec.cat\/iesserrallarga\/wp-content\/uploads\/usu54\/2024\/12\/IMG_1979-2048x1152.jpeg 2048w\" sizes=\"auto, (max-width: 1024px) 100vw, 1024px\" \/><\/a><br \/>\n<a href=\"https:\/\/agora.xtec.cat\/iesserrallarga\/wp-content\/uploads\/usu54\/2024\/12\/IMG_1981-scaled.jpg\"><img loading=\"lazy\" decoding=\"async\" src=\"https:\/\/agora.xtec.cat\/iesserrallarga\/wp-content\/uploads\/usu54\/2024\/12\/IMG_1981-1024x576.jpg\" alt=\"\" width=\"1024\" height=\"576\" class=\"aligncenter size-large wp-image-13190\" srcset=\"https:\/\/agora.xtec.cat\/iesserrallarga\/wp-content\/uploads\/usu54\/2024\/12\/IMG_1981-1024x576.jpg 1024w, https:\/\/agora.xtec.cat\/iesserrallarga\/wp-content\/uploads\/usu54\/2024\/12\/IMG_1981-300x169.jpg 300w, https:\/\/agora.xtec.cat\/iesserrallarga\/wp-content\/uploads\/usu54\/2024\/12\/IMG_1981-768x432.jpg 768w, https:\/\/agora.xtec.cat\/iesserrallarga\/wp-content\/uploads\/usu54\/2024\/12\/IMG_1981-1536x864.jpg 1536w, https:\/\/agora.xtec.cat\/iesserrallarga\/wp-content\/uploads\/usu54\/2024\/12\/IMG_1981-2048x1152.jpg 2048w\" sizes=\"auto, (max-width: 1024px) 100vw, 1024px\" \/><\/a><a href=\"https:\/\/agora.xtec.cat\/iesserrallarga\/wp-content\/uploads\/usu54\/2024\/12\/IMG_2011-scaled.jpg\"><img loading=\"lazy\" decoding=\"async\" src=\"https:\/\/agora.xtec.cat\/iesserrallarga\/wp-content\/uploads\/usu54\/2024\/12\/IMG_2011-768x1024.jpg\" alt=\"\" width=\"768\" height=\"1024\" class=\"aligncenter size-large wp-image-13191\" srcset=\"https:\/\/agora.xtec.cat\/iesserrallarga\/wp-content\/uploads\/usu54\/2024\/12\/IMG_2011-768x1024.jpg 768w, https:\/\/agora.xtec.cat\/iesserrallarga\/wp-content\/uploads\/usu54\/2024\/12\/IMG_2011-225x300.jpg 225w, https:\/\/agora.xtec.cat\/iesserrallarga\/wp-content\/uploads\/usu54\/2024\/12\/IMG_2011-1152x1536.jpg 1152w, https:\/\/agora.xtec.cat\/iesserrallarga\/wp-content\/uploads\/usu54\/2024\/12\/IMG_2011-1536x2048.jpg 1536w, https:\/\/agora.xtec.cat\/iesserrallarga\/wp-content\/uploads\/usu54\/2024\/12\/IMG_2011-scaled.jpg 1920w\" sizes=\"auto, (max-width: 768px) 100vw, 768px\" \/><\/a><\/p>\n","protected":false},"excerpt":{"rendered":"<p>Els Reis de l\u2019Orient visiten l\u2019Escola Sa Forcanera abans que acabin les classes i es puguin endur les cartes dels infants. Des de la mat\u00e8ria d\u2019Arts Esc\u00e8niques i amb tot el grup de 2n de Batx. al complet, hem tornat a compartir una jornada emocionant.&hellip;  <a href=\"https:\/\/agora.xtec.cat\/iesserrallarga\/general\/visita-dels-reis-de-lorient-a-lescola-sa-forcanera\/\" title=\"Read Visita dels Reis de l&#8217;Orient a l&#8217;Escola Sa Forcanera\">Llegeix m\u00e9s\u00bb<\/a><\/p>\n","protected":false},"author":1,"featured_media":13188,"comment_status":"closed","ping_status":"closed","sticky":false,"template":"","format":"standard","meta":{"_bbp_topic_count":0,"_bbp_reply_count":0,"_bbp_total_topic_count":0,"_bbp_total_reply_count":0,"_bbp_voice_count":0,"_bbp_anonymous_reply_count":0,"_bbp_topic_count_hidden":0,"_bbp_reply_count_hidden":0,"_bbp_forum_subforum_count":0,"footnotes":""},"categories":[8,1,57,29],"tags":[],"class_list":["post-13187","post","type-post","status-publish","format-standard","has-post-thumbnail","hentry","category-batxillerat","category-general","category-informacio","category-portada"],"post_mailing_queue_ids":[],"_links":{"self":[{"href":"https:\/\/agora.xtec.cat\/iesserrallarga\/wp-json\/wp\/v2\/posts\/13187","targetHints":{"allow":["GET"]}}],"collection":[{"href":"https:\/\/agora.xtec.cat\/iesserrallarga\/wp-json\/wp\/v2\/posts"}],"about":[{"href":"https:\/\/agora.xtec.cat\/iesserrallarga\/wp-json\/wp\/v2\/types\/post"}],"author":[{"embeddable":true,"href":"https:\/\/agora.xtec.cat\/iesserrallarga\/wp-json\/wp\/v2\/users\/1"}],"replies":[{"embeddable":true,"href":"https:\/\/agora.xtec.cat\/iesserrallarga\/wp-json\/wp\/v2\/comments?post=13187"}],"version-history":[{"count":2,"href":"https:\/\/agora.xtec.cat\/iesserrallarga\/wp-json\/wp\/v2\/posts\/13187\/revisions"}],"predecessor-version":[{"id":13192,"href":"https:\/\/agora.xtec.cat\/iesserrallarga\/wp-json\/wp\/v2\/posts\/13187\/revisions\/13192"}],"wp:featuredmedia":[{"embeddable":true,"href":"https:\/\/agora.xtec.cat\/iesserrallarga\/wp-json\/wp\/v2\/media\/13188"}],"wp:attachment":[{"href":"https:\/\/agora.xtec.cat\/iesserrallarga\/wp-json\/wp\/v2\/media?parent=13187"}],"wp:term":[{"taxonomy":"category","embeddable":true,"href":"https:\/\/agora.xtec.cat\/iesserrallarga\/wp-json\/wp\/v2\/categories?post=13187"},{"taxonomy":"post_tag","embeddable":true,"href":"https:\/\/agora.xtec.cat\/iesserrallarga\/wp-json\/wp\/v2\/tags?post=13187"}],"curies":[{"name":"wp","href":"https:\/\/api.w.org\/{rel}","templated":true}]}}