{"id":13126,"date":"2024-12-10T22:05:57","date_gmt":"2024-12-10T21:05:57","guid":{"rendered":"https:\/\/agora.xtec.cat\/iesserrallarga\/?p=13126"},"modified":"2025-02-20T19:03:49","modified_gmt":"2025-02-20T18:03:49","slug":"xerrada-dexalumna-del-cicle-de-gestio-administrativa-en-lambit-juridic","status":"publish","type":"post","link":"https:\/\/agora.xtec.cat\/iesserrallarga\/general\/xerrada-dexalumna-del-cicle-de-gestio-administrativa-en-lambit-juridic\/","title":{"rendered":"Xerrada d&#8217;exalumna del cicle de Gesti\u00f3 administrativa en l&#8217;\u00e0mbit jur\u00eddic"},"content":{"rendered":"<p>Aquest dilluns ens ha visitat al centre la Jenny V\u00e1zquez, exalumna del cicle de Gesti\u00f3 administrativa en l&#8217;\u00e0mbit jur\u00eddic.<\/p>\n<p>Ha explicat la seva experi\u00e8ncia al Serrallarga, aix\u00ed com la feina que fa actualment al Jutjat de Blanes. Tant l&#8217;alumnat de primer com el de segon curs va tenir l&#8217;oportunitat de preguntar-li q\u00fcestions pr\u00e0ctiques: com apuntar-se a la borsa de treball dels jutjats, les condicions laborals, etc.<\/p>\n<p>Agra\u00efm la bona predisposici\u00f3 de la nostra exalumna i la felicitem pel cam\u00ed recorregut. Enhorabona!<br \/>\n<a href=\"https:\/\/agora.xtec.cat\/iesserrallarga\/wp-content\/uploads\/usu54\/2024\/12\/IMG-20241209-WA0011.jpg\"><img loading=\"lazy\" decoding=\"async\" class=\"aligncenter size-large wp-image-13127\" src=\"https:\/\/agora.xtec.cat\/iesserrallarga\/wp-content\/uploads\/usu54\/2024\/12\/IMG-20241209-WA0011-576x1024.jpg\" alt=\"\" width=\"576\" height=\"1024\" srcset=\"https:\/\/agora.xtec.cat\/iesserrallarga\/wp-content\/uploads\/usu54\/2024\/12\/IMG-20241209-WA0011-576x1024.jpg 576w, https:\/\/agora.xtec.cat\/iesserrallarga\/wp-content\/uploads\/usu54\/2024\/12\/IMG-20241209-WA0011-169x300.jpg 169w, https:\/\/agora.xtec.cat\/iesserrallarga\/wp-content\/uploads\/usu54\/2024\/12\/IMG-20241209-WA0011-768x1365.jpg 768w, https:\/\/agora.xtec.cat\/iesserrallarga\/wp-content\/uploads\/usu54\/2024\/12\/IMG-20241209-WA0011-864x1536.jpg 864w, https:\/\/agora.xtec.cat\/iesserrallarga\/wp-content\/uploads\/usu54\/2024\/12\/IMG-20241209-WA0011.jpg 900w\" sizes=\"auto, (max-width: 576px) 100vw, 576px\" \/><\/a><\/p>\n<p>&nbsp;<\/p>\n","protected":false},"excerpt":{"rendered":"<p>Aquest dilluns ens ha visitat al centre la Jenny V\u00e1zquez, exalumna del cicle de Gesti\u00f3 administrativa en l&#8217;\u00e0mbit jur\u00eddic.<br \/>\nHa explicat la seva experi\u00e8ncia al Serrallarga, aix\u00ed com la feina que fa actualment al Jutjat de Blanes. Tant l&#8217;alumnat de primer com el de segon curs&hellip;  <a href=\"https:\/\/agora.xtec.cat\/iesserrallarga\/general\/xerrada-dexalumna-del-cicle-de-gestio-administrativa-en-lambit-juridic\/\" title=\"Read Xerrada d&#8217;exalumna del cicle de Gesti\u00f3 administrativa en l&#8217;\u00e0mbit jur\u00eddic\">Llegeix m\u00e9s\u00bb<\/a><\/p>\n","protected":false},"author":1,"featured_media":13128,"comment_status":"closed","ping_status":"closed","sticky":false,"template":"","format":"standard","meta":{"_bbp_topic_count":0,"_bbp_reply_count":0,"_bbp_total_topic_count":0,"_bbp_total_reply_count":0,"_bbp_voice_count":0,"_bbp_anonymous_reply_count":0,"_bbp_topic_count_hidden":0,"_bbp_reply_count_hidden":0,"_bbp_forum_subforum_count":0,"footnotes":""},"categories":[30,1,57,29],"tags":[],"class_list":["post-13126","post","type-post","status-publish","format-standard","has-post-thumbnail","hentry","category-cicles-formatius","category-general","category-informacio","category-portada"],"post_mailing_queue_ids":[],"_links":{"self":[{"href":"https:\/\/agora.xtec.cat\/iesserrallarga\/wp-json\/wp\/v2\/posts\/13126","targetHints":{"allow":["GET"]}}],"collection":[{"href":"https:\/\/agora.xtec.cat\/iesserrallarga\/wp-json\/wp\/v2\/posts"}],"about":[{"href":"https:\/\/agora.xtec.cat\/iesserrallarga\/wp-json\/wp\/v2\/types\/post"}],"author":[{"embeddable":true,"href":"https:\/\/agora.xtec.cat\/iesserrallarga\/wp-json\/wp\/v2\/users\/1"}],"replies":[{"embeddable":true,"href":"https:\/\/agora.xtec.cat\/iesserrallarga\/wp-json\/wp\/v2\/comments?post=13126"}],"version-history":[{"count":2,"href":"https:\/\/agora.xtec.cat\/iesserrallarga\/wp-json\/wp\/v2\/posts\/13126\/revisions"}],"predecessor-version":[{"id":13130,"href":"https:\/\/agora.xtec.cat\/iesserrallarga\/wp-json\/wp\/v2\/posts\/13126\/revisions\/13130"}],"wp:featuredmedia":[{"embeddable":true,"href":"https:\/\/agora.xtec.cat\/iesserrallarga\/wp-json\/wp\/v2\/media\/13128"}],"wp:attachment":[{"href":"https:\/\/agora.xtec.cat\/iesserrallarga\/wp-json\/wp\/v2\/media?parent=13126"}],"wp:term":[{"taxonomy":"category","embeddable":true,"href":"https:\/\/agora.xtec.cat\/iesserrallarga\/wp-json\/wp\/v2\/categories?post=13126"},{"taxonomy":"post_tag","embeddable":true,"href":"https:\/\/agora.xtec.cat\/iesserrallarga\/wp-json\/wp\/v2\/tags?post=13126"}],"curies":[{"name":"wp","href":"https:\/\/api.w.org\/{rel}","templated":true}]}}