{"id":13032,"date":"2024-12-02T17:26:52","date_gmt":"2024-12-02T16:26:52","guid":{"rendered":"https:\/\/agora.xtec.cat\/iesserrallarga\/?p=13032"},"modified":"2025-02-20T19:05:21","modified_gmt":"2025-02-20T18:05:21","slug":"gran-jornada-ludica-i-de-cohesio-de-1r-deso","status":"publish","type":"post","link":"https:\/\/agora.xtec.cat\/iesserrallarga\/general\/gran-jornada-ludica-i-de-cohesio-de-1r-deso\/","title":{"rendered":"Gran jornada l\u00fadica i de cohesi\u00f3 de 1r d&#8217;ESO"},"content":{"rendered":"<p>Aquest divendres passat, l&#8217;alumnat de 1r d&#8217;ESO va gaudir d&#8217;una jornada l\u00fadica i de cohesi\u00f3 a l&#8217;Aventuring de Massanes. Ha estat la seva primera sortida de tutoria de l&#8217;etapa d&#8217;ESO i s&#8217;ho van passar d&#8217;all\u00f2 m\u00e9s b\u00e9.<br \/>\n<a href=\"https:\/\/agora.xtec.cat\/iesserrallarga\/wp-content\/uploads\/usu54\/2024\/12\/PHOTO-2024-11-29-13-22-05-scaled.jpg\"><img loading=\"lazy\" decoding=\"async\" src=\"https:\/\/agora.xtec.cat\/iesserrallarga\/wp-content\/uploads\/usu54\/2024\/12\/PHOTO-2024-11-29-13-22-05-1024x577.jpg\" alt=\"\" width=\"1024\" height=\"577\" class=\"aligncenter size-large wp-image-13033\" srcset=\"https:\/\/agora.xtec.cat\/iesserrallarga\/wp-content\/uploads\/usu54\/2024\/12\/PHOTO-2024-11-29-13-22-05-1024x577.jpg 1024w, https:\/\/agora.xtec.cat\/iesserrallarga\/wp-content\/uploads\/usu54\/2024\/12\/PHOTO-2024-11-29-13-22-05-300x169.jpg 300w, https:\/\/agora.xtec.cat\/iesserrallarga\/wp-content\/uploads\/usu54\/2024\/12\/PHOTO-2024-11-29-13-22-05-768x432.jpg 768w, https:\/\/agora.xtec.cat\/iesserrallarga\/wp-content\/uploads\/usu54\/2024\/12\/PHOTO-2024-11-29-13-22-05-1536x865.jpg 1536w, https:\/\/agora.xtec.cat\/iesserrallarga\/wp-content\/uploads\/usu54\/2024\/12\/PHOTO-2024-11-29-13-22-05-2048x1153.jpg 2048w\" sizes=\"auto, (max-width: 1024px) 100vw, 1024px\" \/><\/a><br \/>\n<a href=\"https:\/\/agora.xtec.cat\/iesserrallarga\/wp-content\/uploads\/usu54\/2024\/12\/IMG_2818-scaled.jpg\"><img loading=\"lazy\" decoding=\"async\" src=\"https:\/\/agora.xtec.cat\/iesserrallarga\/wp-content\/uploads\/usu54\/2024\/12\/IMG_2818-1024x768.jpg\" alt=\"\" width=\"1024\" height=\"768\" class=\"aligncenter size-large wp-image-13036\" srcset=\"https:\/\/agora.xtec.cat\/iesserrallarga\/wp-content\/uploads\/usu54\/2024\/12\/IMG_2818-1024x768.jpg 1024w, https:\/\/agora.xtec.cat\/iesserrallarga\/wp-content\/uploads\/usu54\/2024\/12\/IMG_2818-300x225.jpg 300w, https:\/\/agora.xtec.cat\/iesserrallarga\/wp-content\/uploads\/usu54\/2024\/12\/IMG_2818-768x576.jpg 768w, https:\/\/agora.xtec.cat\/iesserrallarga\/wp-content\/uploads\/usu54\/2024\/12\/IMG_2818-1536x1152.jpg 1536w, https:\/\/agora.xtec.cat\/iesserrallarga\/wp-content\/uploads\/usu54\/2024\/12\/IMG_2818-2048x1536.jpg 2048w, https:\/\/agora.xtec.cat\/iesserrallarga\/wp-content\/uploads\/usu54\/2024\/12\/IMG_2818-200x150.jpg 200w\" sizes=\"auto, (max-width: 1024px) 100vw, 1024px\" \/><\/a><\/p>\n","protected":false},"excerpt":{"rendered":"<p>Aquest divendres passat, l&#8217;alumnat de 1r d&#8217;ESO va gaudir d&#8217;una jornada l\u00fadica i de cohesi\u00f3 a l&#8217;Aventuring de Massanes. Ha estat la seva primera sortida de tutoria de l&#8217;etapa d&#8217;ESO i s&#8217;ho van passar d&#8217;all\u00f2 m\u00e9s b\u00e9.<br \/>\n<a href=\"https:\/\/agora.xtec.cat\/iesserrallarga\/wp-content\/uploads\/usu54\/2024\/12\/PHOTO-2024-11-29-13-22-05-scaled.jpg\"><\/a><br \/>\n<a href=\"https:\/\/agora.xtec.cat\/iesserrallarga\/wp-content\/uploads\/usu54\/2024\/12\/IMG_2818-scaled.jpg\"><\/a><\/p>\n","protected":false},"author":1,"featured_media":13033,"comment_status":"closed","ping_status":"closed","sticky":false,"template":"","format":"standard","meta":{"_bbp_topic_count":0,"_bbp_reply_count":0,"_bbp_total_topic_count":0,"_bbp_total_reply_count":0,"_bbp_voice_count":0,"_bbp_anonymous_reply_count":0,"_bbp_topic_count_hidden":0,"_bbp_reply_count_hidden":0,"_bbp_forum_subforum_count":0,"footnotes":""},"categories":[4,9,10,11,1,57,29],"tags":[],"class_list":["post-13032","post","type-post","status-publish","format-standard","has-post-thumbnail","hentry","category-eso-1","category-eso-1a","category-eso-1b","category-eso-1c","category-general","category-informacio","category-portada"],"post_mailing_queue_ids":[],"_links":{"self":[{"href":"https:\/\/agora.xtec.cat\/iesserrallarga\/wp-json\/wp\/v2\/posts\/13032","targetHints":{"allow":["GET"]}}],"collection":[{"href":"https:\/\/agora.xtec.cat\/iesserrallarga\/wp-json\/wp\/v2\/posts"}],"about":[{"href":"https:\/\/agora.xtec.cat\/iesserrallarga\/wp-json\/wp\/v2\/types\/post"}],"author":[{"embeddable":true,"href":"https:\/\/agora.xtec.cat\/iesserrallarga\/wp-json\/wp\/v2\/users\/1"}],"replies":[{"embeddable":true,"href":"https:\/\/agora.xtec.cat\/iesserrallarga\/wp-json\/wp\/v2\/comments?post=13032"}],"version-history":[{"count":3,"href":"https:\/\/agora.xtec.cat\/iesserrallarga\/wp-json\/wp\/v2\/posts\/13032\/revisions"}],"predecessor-version":[{"id":13037,"href":"https:\/\/agora.xtec.cat\/iesserrallarga\/wp-json\/wp\/v2\/posts\/13032\/revisions\/13037"}],"wp:featuredmedia":[{"embeddable":true,"href":"https:\/\/agora.xtec.cat\/iesserrallarga\/wp-json\/wp\/v2\/media\/13033"}],"wp:attachment":[{"href":"https:\/\/agora.xtec.cat\/iesserrallarga\/wp-json\/wp\/v2\/media?parent=13032"}],"wp:term":[{"taxonomy":"category","embeddable":true,"href":"https:\/\/agora.xtec.cat\/iesserrallarga\/wp-json\/wp\/v2\/categories?post=13032"},{"taxonomy":"post_tag","embeddable":true,"href":"https:\/\/agora.xtec.cat\/iesserrallarga\/wp-json\/wp\/v2\/tags?post=13032"}],"curies":[{"name":"wp","href":"https:\/\/api.w.org\/{rel}","templated":true}]}}