{"id":12735,"date":"2024-10-04T10:20:30","date_gmt":"2024-10-04T08:20:30","guid":{"rendered":"https:\/\/agora.xtec.cat\/iesserrallarga\/?p=12735"},"modified":"2025-02-20T19:11:02","modified_gmt":"2025-02-20T18:11:02","slug":"inscripcio-mobilitat-3eso-neumunster-alemanya-24-25","status":"publish","type":"post","link":"https:\/\/agora.xtec.cat\/iesserrallarga\/general\/inscripcio-mobilitat-3eso-neumunster-alemanya-24-25\/","title":{"rendered":"Inscripci\u00f3 mobilitat 3ESO Neum\u00fcnster, Alemanya 24-25"},"content":{"rendered":"<p>Aquest curs 2024-25, els alumnes de 3r de l\u2019Institut Serrallarga poden participar en una<strong> mobilitat de 7 dies<\/strong> a l\u2019institut <a href=\"https:\/\/gems-brachenfeld.de\/\">Gemeinschaftsschule<\/a> de Neum\u00fcnster (Alemanya) gr\u00e0cies a les beques Erasmus+ de la Comissi\u00f3 Europea.<\/p>\n<p>Les mobilitats internacionals afavoreixen i reforcen l\u2019aprenentatge i desenvolupament dels estudiants fora de l\u2019aula, proveint-los d\u2019una experi\u00e8ncia immersiva en un pa\u00eds de la UE.<\/p>\n<p>Abans de completar <a href=\"https:\/\/docs.google.com\/forms\/d\/e\/1FAIpQLSfcWxTyuSmZCgKGy_rhcsiQYWLMy1E0URxvZ1ZUPQhTkXp91g\/viewform?pli=1\">el formulari d&#8217;inscripci\u00f3<\/a>, reviseu els <a href=\"https:\/\/drive.google.com\/file\/d\/1QhQBZP0IMhR-11Bvcm5kzhorAs1aIQqM\/view\">criteris de selecci\u00f3 que trobareu en aquest enlla\u00e7<\/a>.<\/p>\n<p><strong>Inscripci\u00f3<\/strong> disponible <strong>fins a l&#8217;11 d&#8217;octubre<\/strong> 23.55h.<\/p>\n<p><a href=\"https:\/\/agora.xtec.cat\/iesserrallarga\/wp-content\/uploads\/usu54\/2024\/10\/Schule.png\"><img loading=\"lazy\" decoding=\"async\" class=\"aligncenter size-full wp-image-12737\" src=\"https:\/\/agora.xtec.cat\/iesserrallarga\/wp-content\/uploads\/usu54\/2024\/10\/Schule.png\" alt=\"\" width=\"300\" height=\"162\" \/><\/a><\/p>\n<p><a href=\"https:\/\/agora.xtec.cat\/iesserrallarga\/wp-content\/uploads\/usu54\/2024\/10\/Logo-Erasmus-horitzontal-scaled.jpg\"><img loading=\"lazy\" decoding=\"async\" class=\"aligncenter size-large wp-image-12736\" src=\"https:\/\/agora.xtec.cat\/iesserrallarga\/wp-content\/uploads\/usu54\/2024\/10\/Logo-Erasmus-horitzontal-1024x215.jpg\" alt=\"\" width=\"1024\" height=\"215\" srcset=\"https:\/\/agora.xtec.cat\/iesserrallarga\/wp-content\/uploads\/usu54\/2024\/10\/Logo-Erasmus-horitzontal-1024x215.jpg 1024w, https:\/\/agora.xtec.cat\/iesserrallarga\/wp-content\/uploads\/usu54\/2024\/10\/Logo-Erasmus-horitzontal-300x63.jpg 300w, https:\/\/agora.xtec.cat\/iesserrallarga\/wp-content\/uploads\/usu54\/2024\/10\/Logo-Erasmus-horitzontal-768x161.jpg 768w, https:\/\/agora.xtec.cat\/iesserrallarga\/wp-content\/uploads\/usu54\/2024\/10\/Logo-Erasmus-horitzontal-1536x322.jpg 1536w, https:\/\/agora.xtec.cat\/iesserrallarga\/wp-content\/uploads\/usu54\/2024\/10\/Logo-Erasmus-horitzontal-2048x430.jpg 2048w\" sizes=\"auto, (max-width: 1024px) 100vw, 1024px\" \/><\/a><\/p>\n","protected":false},"excerpt":{"rendered":"<p>Aquest curs 2024-25, els alumnes de 3r de l\u2019Institut Serrallarga poden participar en una mobilitat de 7 dies a l\u2019institut <a href=\"https:\/\/gems-brachenfeld.de\/\">Gemeinschaftsschule<\/a> de Neum\u00fcnster (Alemanya) gr\u00e0cies a les beques Erasmus+ de la Comissi\u00f3 Europea.<br \/>\nLes mobilitats internacionals afavoreixen i reforcen l\u2019aprenentatge i desenvolupament dels estudiants fora&hellip;  <a href=\"https:\/\/agora.xtec.cat\/iesserrallarga\/general\/inscripcio-mobilitat-3eso-neumunster-alemanya-24-25\/\" title=\"Read Inscripci\u00f3 mobilitat 3ESO Neum\u00fcnster, Alemanya 24-25\">Llegeix m\u00e9s\u00bb<\/a><\/p>\n","protected":false},"author":1,"featured_media":12737,"comment_status":"closed","ping_status":"closed","sticky":false,"template":"","format":"standard","meta":{"_bbp_topic_count":0,"_bbp_reply_count":0,"_bbp_total_topic_count":0,"_bbp_total_reply_count":0,"_bbp_voice_count":0,"_bbp_anonymous_reply_count":0,"_bbp_topic_count_hidden":0,"_bbp_reply_count_hidden":0,"_bbp_forum_subforum_count":0,"footnotes":""},"categories":[3,6,1,57,29],"tags":[],"class_list":["post-12735","post","type-post","status-publish","format-standard","has-post-thumbnail","hentry","category-eso","category-eso-3","category-general","category-informacio","category-portada"],"post_mailing_queue_ids":[],"_links":{"self":[{"href":"https:\/\/agora.xtec.cat\/iesserrallarga\/wp-json\/wp\/v2\/posts\/12735","targetHints":{"allow":["GET"]}}],"collection":[{"href":"https:\/\/agora.xtec.cat\/iesserrallarga\/wp-json\/wp\/v2\/posts"}],"about":[{"href":"https:\/\/agora.xtec.cat\/iesserrallarga\/wp-json\/wp\/v2\/types\/post"}],"author":[{"embeddable":true,"href":"https:\/\/agora.xtec.cat\/iesserrallarga\/wp-json\/wp\/v2\/users\/1"}],"replies":[{"embeddable":true,"href":"https:\/\/agora.xtec.cat\/iesserrallarga\/wp-json\/wp\/v2\/comments?post=12735"}],"version-history":[{"count":1,"href":"https:\/\/agora.xtec.cat\/iesserrallarga\/wp-json\/wp\/v2\/posts\/12735\/revisions"}],"predecessor-version":[{"id":12738,"href":"https:\/\/agora.xtec.cat\/iesserrallarga\/wp-json\/wp\/v2\/posts\/12735\/revisions\/12738"}],"wp:featuredmedia":[{"embeddable":true,"href":"https:\/\/agora.xtec.cat\/iesserrallarga\/wp-json\/wp\/v2\/media\/12737"}],"wp:attachment":[{"href":"https:\/\/agora.xtec.cat\/iesserrallarga\/wp-json\/wp\/v2\/media?parent=12735"}],"wp:term":[{"taxonomy":"category","embeddable":true,"href":"https:\/\/agora.xtec.cat\/iesserrallarga\/wp-json\/wp\/v2\/categories?post=12735"},{"taxonomy":"post_tag","embeddable":true,"href":"https:\/\/agora.xtec.cat\/iesserrallarga\/wp-json\/wp\/v2\/tags?post=12735"}],"curies":[{"name":"wp","href":"https:\/\/api.w.org\/{rel}","templated":true}]}}