{"id":12724,"date":"2024-10-03T19:53:54","date_gmt":"2024-10-03T17:53:54","guid":{"rendered":"https:\/\/agora.xtec.cat\/iesserrallarga\/?p=12724"},"modified":"2025-02-20T19:11:06","modified_gmt":"2025-02-20T18:11:06","slug":"el-metode-japones-per-descobrir-el-nostre-proposit","status":"publish","type":"post","link":"https:\/\/agora.xtec.cat\/iesserrallarga\/portada\/el-metode-japones-per-descobrir-el-nostre-proposit\/","title":{"rendered":"El m\u00e8tode japon\u00e8s per descobrir el nostre prop\u00f2sit"},"content":{"rendered":"<p style=\"text-align: justify;\">Aquest dimecres 2\/10\/24 l&#8217;artista Ferran Tort (@ferran.tort) ha explicat al nostre alumnat el m\u00e8tode japon\u00e8s IKIGAI, per descobrir quins s\u00f3n els nostres prop\u00f2sits i objectius vitals. A m\u00e9s a m\u00e9s, ha donat eines per fomentar el creixement personal de les persones!<\/p>\n<p><a href=\"https:\/\/agora.xtec.cat\/iesserrallarga\/wp-content\/uploads\/usu54\/2024\/10\/Sin-titulo1.jpg\"><img loading=\"lazy\" decoding=\"async\" class=\"aligncenter size-large wp-image-12725\" src=\"https:\/\/agora.xtec.cat\/iesserrallarga\/wp-content\/uploads\/usu54\/2024\/10\/Sin-titulo1-1024x753.jpg\" alt=\"\" width=\"1024\" height=\"753\" srcset=\"https:\/\/agora.xtec.cat\/iesserrallarga\/wp-content\/uploads\/usu54\/2024\/10\/Sin-titulo1-1024x753.jpg 1024w, https:\/\/agora.xtec.cat\/iesserrallarga\/wp-content\/uploads\/usu54\/2024\/10\/Sin-titulo1-300x221.jpg 300w, https:\/\/agora.xtec.cat\/iesserrallarga\/wp-content\/uploads\/usu54\/2024\/10\/Sin-titulo1-768x565.jpg 768w, https:\/\/agora.xtec.cat\/iesserrallarga\/wp-content\/uploads\/usu54\/2024\/10\/Sin-titulo1.jpg 1192w\" sizes=\"auto, (max-width: 1024px) 100vw, 1024px\" \/><\/a><\/p>\n<p><a href=\"https:\/\/agora.xtec.cat\/iesserrallarga\/wp-content\/uploads\/usu54\/2024\/10\/Sin-titulo0.jpg\"><img loading=\"lazy\" decoding=\"async\" class=\"aligncenter size-large wp-image-12726\" src=\"https:\/\/agora.xtec.cat\/iesserrallarga\/wp-content\/uploads\/usu54\/2024\/10\/Sin-titulo0.jpg\" alt=\"\" width=\"870\" height=\"851\" srcset=\"https:\/\/agora.xtec.cat\/iesserrallarga\/wp-content\/uploads\/usu54\/2024\/10\/Sin-titulo0.jpg 870w, https:\/\/agora.xtec.cat\/iesserrallarga\/wp-content\/uploads\/usu54\/2024\/10\/Sin-titulo0-300x293.jpg 300w, https:\/\/agora.xtec.cat\/iesserrallarga\/wp-content\/uploads\/usu54\/2024\/10\/Sin-titulo0-768x751.jpg 768w\" sizes=\"auto, (max-width: 870px) 100vw, 870px\" \/><\/a><\/p>\n","protected":false},"excerpt":{"rendered":"<p>Aquest dimecres 2\/10\/24 l&#8217;artista Ferran Tort (@ferran.tort) ha explicat al nostre alumnat el m\u00e8tode japon\u00e8s IKIGAI, per descobrir quins s\u00f3n els nostres prop\u00f2sits i objectius vitals. A m\u00e9s a m\u00e9s, ha donat eines per fomentar el creixement personal de les persones!<br \/>\n<a href=\"https:\/\/agora.xtec.cat\/iesserrallarga\/wp-content\/uploads\/usu54\/2024\/10\/Sin-titulo1.jpg\"><\/a><br \/>\n<a href=\"https:\/\/agora.xtec.cat\/iesserrallarga\/wp-content\/uploads\/usu54\/2024\/10\/Sin-titulo0.jpg\"><\/a><\/p>\n","protected":false},"author":1,"featured_media":12726,"comment_status":"closed","ping_status":"closed","sticky":false,"template":"","format":"standard","meta":{"_bbp_topic_count":0,"_bbp_reply_count":0,"_bbp_total_topic_count":0,"_bbp_total_reply_count":0,"_bbp_voice_count":0,"_bbp_anonymous_reply_count":0,"_bbp_topic_count_hidden":0,"_bbp_reply_count_hidden":0,"_bbp_forum_subforum_count":0,"footnotes":""},"categories":[57,29],"tags":[],"class_list":["post-12724","post","type-post","status-publish","format-standard","has-post-thumbnail","hentry","category-informacio","category-portada"],"post_mailing_queue_ids":[],"_links":{"self":[{"href":"https:\/\/agora.xtec.cat\/iesserrallarga\/wp-json\/wp\/v2\/posts\/12724","targetHints":{"allow":["GET"]}}],"collection":[{"href":"https:\/\/agora.xtec.cat\/iesserrallarga\/wp-json\/wp\/v2\/posts"}],"about":[{"href":"https:\/\/agora.xtec.cat\/iesserrallarga\/wp-json\/wp\/v2\/types\/post"}],"author":[{"embeddable":true,"href":"https:\/\/agora.xtec.cat\/iesserrallarga\/wp-json\/wp\/v2\/users\/1"}],"replies":[{"embeddable":true,"href":"https:\/\/agora.xtec.cat\/iesserrallarga\/wp-json\/wp\/v2\/comments?post=12724"}],"version-history":[{"count":3,"href":"https:\/\/agora.xtec.cat\/iesserrallarga\/wp-json\/wp\/v2\/posts\/12724\/revisions"}],"predecessor-version":[{"id":12729,"href":"https:\/\/agora.xtec.cat\/iesserrallarga\/wp-json\/wp\/v2\/posts\/12724\/revisions\/12729"}],"wp:featuredmedia":[{"embeddable":true,"href":"https:\/\/agora.xtec.cat\/iesserrallarga\/wp-json\/wp\/v2\/media\/12726"}],"wp:attachment":[{"href":"https:\/\/agora.xtec.cat\/iesserrallarga\/wp-json\/wp\/v2\/media?parent=12724"}],"wp:term":[{"taxonomy":"category","embeddable":true,"href":"https:\/\/agora.xtec.cat\/iesserrallarga\/wp-json\/wp\/v2\/categories?post=12724"},{"taxonomy":"post_tag","embeddable":true,"href":"https:\/\/agora.xtec.cat\/iesserrallarga\/wp-json\/wp\/v2\/tags?post=12724"}],"curies":[{"name":"wp","href":"https:\/\/api.w.org\/{rel}","templated":true}]}}