{"id":12586,"date":"2024-09-19T14:18:17","date_gmt":"2024-09-19T12:18:17","guid":{"rendered":"https:\/\/agora.xtec.cat\/iesserrallarga\/?p=12586"},"modified":"2025-02-20T19:13:19","modified_gmt":"2025-02-20T18:13:19","slug":"cfgm-publicacio-de-la-llista-de-sollicituds-amb-la-puntuacio-validada-vacants-setembre","status":"publish","type":"post","link":"https:\/\/agora.xtec.cat\/iesserrallarga\/general\/cfgm-publicacio-de-la-llista-de-sollicituds-amb-la-puntuacio-validada-vacants-setembre\/","title":{"rendered":"CFGM \/ CFGS &#8211; Publicaci\u00f3 de les llistes de sol\u00b7licituds amb les puntuacions validades. Vacants setembre"},"content":{"rendered":"<p>Podeu consultar als enlla\u00e7os les llistes de les sol\u00b7licituds de preinscripci\u00f3 als cicles de grau mitj\u00e0 i superior del nostre centre, amb les puntuacions validades. \u00a0El fet d&#8217;apar\u00e8ixer en aquestes no implica que es tingui pla\u00e7a assignada. Les llistes definitives amb l&#8217;assignaci\u00f3 de places es publicaran el dia 25 de setembre.<\/p>\n<p><a href=\"https:\/\/agora.xtec.cat\/iesserrallarga\/wp-content\/uploads\/usu54\/2024\/09\/INFORME_BAREM_GESTIO_VACANTS_.pdf\">INFORME_BAREM_GESTIO_VACANTS_GM<\/a><\/p>\n<p><a href=\"https:\/\/agora.xtec.cat\/iesserrallarga\/wp-content\/uploads\/usu54\/2024\/09\/INFORME_BAREM_GESTIO_VACANTS_GS-1.pdf\">INFORME_BAREM_GESTIO_VACANTS_GS<\/a><\/p>\n","protected":false},"excerpt":{"rendered":"<p>Podeu consultar als enlla\u00e7os les llistes de les sol\u00b7licituds de preinscripci\u00f3 als cicles de grau mitj\u00e0 i superior del nostre centre, amb les puntuacions validades. \u00a0El fet d&#8217;apar\u00e8ixer en aquestes no implica que es tingui pla\u00e7a assignada. Les llistes definitives amb l&#8217;assignaci\u00f3 de places es&hellip;  <a href=\"https:\/\/agora.xtec.cat\/iesserrallarga\/general\/cfgm-publicacio-de-la-llista-de-sollicituds-amb-la-puntuacio-validada-vacants-setembre\/\" title=\"Read CFGM \/ CFGS &#8211; Publicaci\u00f3 de les llistes de sol\u00b7licituds amb les puntuacions validades. Vacants setembre\">Llegeix m\u00e9s\u00bb<\/a><\/p>\n","protected":false},"author":1,"featured_media":0,"comment_status":"closed","ping_status":"closed","sticky":false,"template":"","format":"standard","meta":{"_bbp_topic_count":0,"_bbp_reply_count":0,"_bbp_total_topic_count":0,"_bbp_total_reply_count":0,"_bbp_voice_count":0,"_bbp_anonymous_reply_count":0,"_bbp_topic_count_hidden":0,"_bbp_reply_count_hidden":0,"_bbp_forum_subforum_count":0,"footnotes":""},"categories":[30,1,57,29],"tags":[],"class_list":["post-12586","post","type-post","status-publish","format-standard","hentry","category-cicles-formatius","category-general","category-informacio","category-portada"],"post_mailing_queue_ids":[],"_links":{"self":[{"href":"https:\/\/agora.xtec.cat\/iesserrallarga\/wp-json\/wp\/v2\/posts\/12586","targetHints":{"allow":["GET"]}}],"collection":[{"href":"https:\/\/agora.xtec.cat\/iesserrallarga\/wp-json\/wp\/v2\/posts"}],"about":[{"href":"https:\/\/agora.xtec.cat\/iesserrallarga\/wp-json\/wp\/v2\/types\/post"}],"author":[{"embeddable":true,"href":"https:\/\/agora.xtec.cat\/iesserrallarga\/wp-json\/wp\/v2\/users\/1"}],"replies":[{"embeddable":true,"href":"https:\/\/agora.xtec.cat\/iesserrallarga\/wp-json\/wp\/v2\/comments?post=12586"}],"version-history":[{"count":4,"href":"https:\/\/agora.xtec.cat\/iesserrallarga\/wp-json\/wp\/v2\/posts\/12586\/revisions"}],"predecessor-version":[{"id":12594,"href":"https:\/\/agora.xtec.cat\/iesserrallarga\/wp-json\/wp\/v2\/posts\/12586\/revisions\/12594"}],"wp:attachment":[{"href":"https:\/\/agora.xtec.cat\/iesserrallarga\/wp-json\/wp\/v2\/media?parent=12586"}],"wp:term":[{"taxonomy":"category","embeddable":true,"href":"https:\/\/agora.xtec.cat\/iesserrallarga\/wp-json\/wp\/v2\/categories?post=12586"},{"taxonomy":"post_tag","embeddable":true,"href":"https:\/\/agora.xtec.cat\/iesserrallarga\/wp-json\/wp\/v2\/tags?post=12586"}],"curies":[{"name":"wp","href":"https:\/\/api.w.org\/{rel}","templated":true}]}}