{"id":12424,"date":"2024-07-11T10:26:48","date_gmt":"2024-07-11T08:26:48","guid":{"rendered":"https:\/\/agora.xtec.cat\/iesserrallarga\/?p=12424"},"modified":"2024-09-02T09:14:59","modified_gmt":"2024-09-02T07:14:59","slug":"llistats-preinscrits-i-assignats-al-centre-de-grau-superior","status":"publish","type":"post","link":"https:\/\/agora.xtec.cat\/iesserrallarga\/portada\/llistats-preinscrits-i-assignats-al-centre-de-grau-superior\/","title":{"rendered":"Llistes preinscrits i assignats al centre de grau superior"},"content":{"rendered":"<p>Aquesta \u00e9s la llista de les persones preinscrites al centre, <strong>per\u00f2 no tots els que apareixen poden formalitzar la matr\u00edcula entre el 15 i el 18 de juliol. \u00c9s un llistat informatiu, els que no han obtingut pla\u00e7a a la primera assignaci\u00f3 s&#8217;hauran d&#8217;esperar al dia 30 de juliol, que publicarem la llista d&#8217;admesos de la segona assignaci\u00f3.\u00a0<\/strong><\/p>\n<p><a href=\"https:\/\/agora.xtec.cat\/iesserrallarga\/wp-content\/uploads\/usu54\/2024\/07\/Preinscrits-centre_GRAU-SUPERIOR.pdf\">Preinscrits centre_GRAU SUPERIOR<\/a> <a href=\"https:\/\/agora.xtec.cat\/iesserrallarga\/wp-content\/uploads\/usu54\/2024\/07\/Assignades-centre_grau-superior.pdf\">Assignades centre_grau superior<\/a><\/p>\n<p><strong>Les persones que poden formalitzar la matr\u00edcula entre el 15 i el 18 de juliol s\u00f3n les que apareixen en aquesta llista i van triar el centre en primera opci\u00f3:<\/strong><\/p>\n<p><a href=\"https:\/\/agora.xtec.cat\/iesserrallarga\/wp-content\/uploads\/usu54\/2024\/07\/Assignades-centre_grau-superior.pdf\">Assignades centre_grau superior<\/a><\/p>\n","protected":false},"excerpt":{"rendered":"<p>Aquesta \u00e9s la llista de les persones preinscrites al centre, per\u00f2 no tots els que apareixen poden formalitzar la matr\u00edcula entre el 15 i el 18 de juliol. \u00c9s un llistat informatiu, els que no han obtingut pla\u00e7a a la primera assignaci\u00f3 s&#8217;hauran d&#8217;esperar al&hellip;  <a href=\"https:\/\/agora.xtec.cat\/iesserrallarga\/portada\/llistats-preinscrits-i-assignats-al-centre-de-grau-superior\/\" title=\"Read Llistes preinscrits i assignats al centre de grau superior\">Llegeix m\u00e9s\u00bb<\/a><\/p>\n","protected":false},"author":1,"featured_media":0,"comment_status":"closed","ping_status":"closed","sticky":false,"template":"","format":"standard","meta":{"_bbp_topic_count":0,"_bbp_reply_count":0,"_bbp_total_topic_count":0,"_bbp_total_reply_count":0,"_bbp_voice_count":0,"_bbp_anonymous_reply_count":0,"_bbp_topic_count_hidden":0,"_bbp_reply_count_hidden":0,"_bbp_forum_subforum_count":0,"footnotes":""},"categories":[29],"tags":[],"class_list":["post-12424","post","type-post","status-publish","format-standard","hentry","category-portada"],"post_mailing_queue_ids":[],"_links":{"self":[{"href":"https:\/\/agora.xtec.cat\/iesserrallarga\/wp-json\/wp\/v2\/posts\/12424","targetHints":{"allow":["GET"]}}],"collection":[{"href":"https:\/\/agora.xtec.cat\/iesserrallarga\/wp-json\/wp\/v2\/posts"}],"about":[{"href":"https:\/\/agora.xtec.cat\/iesserrallarga\/wp-json\/wp\/v2\/types\/post"}],"author":[{"embeddable":true,"href":"https:\/\/agora.xtec.cat\/iesserrallarga\/wp-json\/wp\/v2\/users\/1"}],"replies":[{"embeddable":true,"href":"https:\/\/agora.xtec.cat\/iesserrallarga\/wp-json\/wp\/v2\/comments?post=12424"}],"version-history":[{"count":3,"href":"https:\/\/agora.xtec.cat\/iesserrallarga\/wp-json\/wp\/v2\/posts\/12424\/revisions"}],"predecessor-version":[{"id":12507,"href":"https:\/\/agora.xtec.cat\/iesserrallarga\/wp-json\/wp\/v2\/posts\/12424\/revisions\/12507"}],"wp:attachment":[{"href":"https:\/\/agora.xtec.cat\/iesserrallarga\/wp-json\/wp\/v2\/media?parent=12424"}],"wp:term":[{"taxonomy":"category","embeddable":true,"href":"https:\/\/agora.xtec.cat\/iesserrallarga\/wp-json\/wp\/v2\/categories?post=12424"},{"taxonomy":"post_tag","embeddable":true,"href":"https:\/\/agora.xtec.cat\/iesserrallarga\/wp-json\/wp\/v2\/tags?post=12424"}],"curies":[{"name":"wp","href":"https:\/\/api.w.org\/{rel}","templated":true}]}}