{"id":7700,"date":"2026-09-02T14:35:44","date_gmt":"2026-09-02T12:35:44","guid":{"rendered":"https:\/\/agora.xtec.cat\/iessantramon\/?p=7700"},"modified":"2026-09-02T14:35:44","modified_gmt":"2026-09-02T12:35:44","slug":"inscripcio-al-cicle-formatiu-mitjancant-la-cua-virtual","status":"publish","type":"post","link":"https:\/\/agora.xtec.cat\/iessantramon\/general\/inscripcio-al-cicle-formatiu-mitjancant-la-cua-virtual\/","title":{"rendered":"Inscripci\u00f3 al Cicle Formatiu mitjan\u00e7ant la cua virtual"},"content":{"rendered":"\n<h2 class=\"wp-block-heading\" id=\"m_5804403620357045806gmail-h23\">Qu\u00e8 has de fer per optar a una pla\u00e7a al cicle al nostre centre:<\/h2>\n\n\n\n<ol class=\"wp-block-list\">\n<li>La inscripci\u00f3 de l\u2019alumnat a la cua virtual s\u2019activar\u00e0 de manera centralitzada i simult\u00e0nia per a tots els centres participants el <strong>7 de setembre de 2026, entre les 09.00 h i les 23.59 h.<\/strong><\/li>\n\n\n\n<li>Si est\u00e0s interessat en una pla\u00e7a vacant al cicle formatiu en el nostre centre, has d&#8217;accedir a\u00a0l\u2019enlla\u00e7 per a obtenir un n\u00famero de torn.\u00a0<\/li>\n\n\n\n<li>Haur\u00e0s d\u2019informar d&#8217;una s\u00e8rie de dades personals (totes obligat\u00f2ries, excepte el segon cognom).\u00a0<\/li>\n\n\n\n<li>El sistema t&#8217;assignar\u00e0 un n\u00famero de torn que nom\u00e9s ser\u00e0 visible pel centre i tan aviat com sigui possible ens posarem en contacte\u00a0amb tu per gestionar la matr\u00edcula. Tingues en compte que ho farem per estricte ordre de la llista.<\/li>\n<\/ol>\n\n\n\n<p><strong>Enlla\u00e7:\u00a0<a href=\"https:\/\/aplicacions.gestioeducativa.gencat.cat\/ords\/pls\/apex\/f?p=20160079072543618:650:::NO:650:P650_CENTRE:950279C726C63CE2FD329C27C72ABC4D5E72FB45BF257874\" target=\"_blank\" rel=\"noreferrer noopener\">Torn en l\u00ednia \u2013 Cua virtual INS Sant Ramon<\/a><\/strong><\/p>\n\n\n\n<p><\/p>\n","protected":false},"excerpt":{"rendered":"<p>Qu\u00e8 has de fer per optar a una pla\u00e7a al cicle al nostre centre: Enlla\u00e7:\u00a0Torn en l\u00ednia \u2013 Cua virtual INS Sant Ramon<\/p>\n","protected":false},"author":1,"featured_media":0,"comment_status":"closed","ping_status":"open","sticky":false,"template":"","format":"standard","meta":{"_bbp_topic_count":0,"_bbp_reply_count":0,"_bbp_total_topic_count":0,"_bbp_total_reply_count":0,"_bbp_voice_count":0,"_bbp_anonymous_reply_count":0,"_bbp_topic_count_hidden":0,"_bbp_reply_count_hidden":0,"_bbp_forum_subforum_count":0,"site-sidebar-layout":"default","site-content-layout":"","ast-site-content-layout":"default","site-content-style":"default","site-sidebar-style":"default","ast-global-header-display":"","ast-banner-title-visibility":"","ast-main-header-display":"","ast-hfb-above-header-display":"","ast-hfb-below-header-display":"","ast-hfb-mobile-header-display":"","site-post-title":"","ast-breadcrumbs-content":"","ast-featured-img":"","footer-sml-layout":"","theme-transparent-header-meta":"","adv-header-id-meta":"","stick-header-meta":"","header-above-stick-meta":"","header-main-stick-meta":"","header-below-stick-meta":"","astra-migrate-meta-layouts":"set","ast-page-background-enabled":"default","ast-page-background-meta":{"desktop":{"background-color":"var(--ast-global-color-4)","background-image":"","background-repeat":"repeat","background-position":"center center","background-size":"auto","background-attachment":"scroll","background-type":"","background-media":"","overlay-type":"","overlay-color":"","overlay-opacity":"","overlay-gradient":""},"tablet":{"background-color":"","background-image":"","background-repeat":"repeat","background-position":"center center","background-size":"auto","background-attachment":"scroll","background-type":"","background-media":"","overlay-type":"","overlay-color":"","overlay-opacity":"","overlay-gradient":""},"mobile":{"background-color":"","background-image":"","background-repeat":"repeat","background-position":"center center","background-size":"auto","background-attachment":"scroll","background-type":"","background-media":"","overlay-type":"","overlay-color":"","overlay-opacity":"","overlay-gradient":""}},"ast-content-background-meta":{"desktop":{"background-color":"var(--ast-global-color-5)","background-image":"","background-repeat":"repeat","background-position":"center center","background-size":"auto","background-attachment":"scroll","background-type":"","background-media":"","overlay-type":"","overlay-color":"","overlay-opacity":"","overlay-gradient":""},"tablet":{"background-color":"var(--ast-global-color-5)","background-image":"","background-repeat":"repeat","background-position":"center center","background-size":"auto","background-attachment":"scroll","background-type":"","background-media":"","overlay-type":"","overlay-color":"","overlay-opacity":"","overlay-gradient":""},"mobile":{"background-color":"var(--ast-global-color-5)","background-image":"","background-repeat":"repeat","background-position":"center center","background-size":"auto","background-attachment":"scroll","background-type":"","background-media":"","overlay-type":"","overlay-color":"","overlay-opacity":"","overlay-gradient":""}},"footnotes":""},"categories":[159,1,29],"tags":[],"class_list":["post-7700","post","type-post","status-publish","format-standard","hentry","category-cfgm-gestio-administrativa","category-general","category-portada"],"post_mailing_queue_ids":[],"_links":{"self":[{"href":"https:\/\/agora.xtec.cat\/iessantramon\/wp-json\/wp\/v2\/posts\/7700","targetHints":{"allow":["GET"]}}],"collection":[{"href":"https:\/\/agora.xtec.cat\/iessantramon\/wp-json\/wp\/v2\/posts"}],"about":[{"href":"https:\/\/agora.xtec.cat\/iessantramon\/wp-json\/wp\/v2\/types\/post"}],"author":[{"embeddable":true,"href":"https:\/\/agora.xtec.cat\/iessantramon\/wp-json\/wp\/v2\/users\/1"}],"replies":[{"embeddable":true,"href":"https:\/\/agora.xtec.cat\/iessantramon\/wp-json\/wp\/v2\/comments?post=7700"}],"version-history":[{"count":2,"href":"https:\/\/agora.xtec.cat\/iessantramon\/wp-json\/wp\/v2\/posts\/7700\/revisions"}],"predecessor-version":[{"id":7702,"href":"https:\/\/agora.xtec.cat\/iessantramon\/wp-json\/wp\/v2\/posts\/7700\/revisions\/7702"}],"wp:attachment":[{"href":"https:\/\/agora.xtec.cat\/iessantramon\/wp-json\/wp\/v2\/media?parent=7700"}],"wp:term":[{"taxonomy":"category","embeddable":true,"href":"https:\/\/agora.xtec.cat\/iessantramon\/wp-json\/wp\/v2\/categories?post=7700"},{"taxonomy":"post_tag","embeddable":true,"href":"https:\/\/agora.xtec.cat\/iessantramon\/wp-json\/wp\/v2\/tags?post=7700"}],"curies":[{"name":"wp","href":"https:\/\/api.w.org\/{rel}","templated":true}]}}