{"id":7588,"date":"2026-04-28T13:27:47","date_gmt":"2026-04-28T11:27:47","guid":{"rendered":"https:\/\/agora.xtec.cat\/iessantramon\/?p=7588"},"modified":"2026-04-28T13:28:47","modified_gmt":"2026-04-28T11:28:47","slug":"sortida-al-banc-despanya-i-a-la-borsa-de-barcelona","status":"publish","type":"post","link":"https:\/\/agora.xtec.cat\/iessantramon\/batxillerat\/sortida-al-banc-despanya-i-a-la-borsa-de-barcelona\/","title":{"rendered":"Sortida al Banc d&#8217;Espanya i a la Borsa de Barcelona"},"content":{"rendered":"\n<p><\/p>\n\n\n\n<p>L&#8217;alumnat del cicle formatiu de gesti\u00f3 administrativa i d&#8217;economia de 1r de Batxillerat van fer una sortida a Barcelona. <\/p>\n\n\n\n<p>Primer van visitar la seu de Barcelona del Banc d&#8217;Espanya, on els va rebre el seu director, el Sr. Lu\u00eds Exp\u00f3sito, i els va explicar les funcions principals de la instituci\u00f3.<\/p>\n\n\n\n<p>Despr\u00e9s van visitar la Borsa de Barcelona, on els van explicar la hist\u00f2ria de la borsa de Barcelona, la transformaci\u00f3 digital d&#8217;aquests \u00faltims anys i el seu funcionament.<\/p>\n\n\n\n<figure class=\"wp-block-image size-large\"><a href=\"https:\/\/drive.google.com\/drive\/folders\/1vld6v2wQLPH0qWJliEiRMWu4eo5oiDO-?usp=drive_link\"><img loading=\"lazy\" decoding=\"async\" width=\"1024\" height=\"769\" src=\"https:\/\/agora.xtec.cat\/iessantramon\/wp-content\/uploads\/usu387\/2026\/04\/1000099703-1024x769.jpg\" alt=\"\" class=\"wp-image-7589\" srcset=\"https:\/\/agora.xtec.cat\/iessantramon\/wp-content\/uploads\/usu387\/2026\/04\/1000099703-1024x769.jpg 1024w, https:\/\/agora.xtec.cat\/iessantramon\/wp-content\/uploads\/usu387\/2026\/04\/1000099703-300x225.jpg 300w, https:\/\/agora.xtec.cat\/iessantramon\/wp-content\/uploads\/usu387\/2026\/04\/1000099703-768x576.jpg 768w, https:\/\/agora.xtec.cat\/iessantramon\/wp-content\/uploads\/usu387\/2026\/04\/1000099703-1536x1153.jpg 1536w, https:\/\/agora.xtec.cat\/iessantramon\/wp-content\/uploads\/usu387\/2026\/04\/1000099703.jpg 2048w\" sizes=\"auto, (max-width: 1024px) 100vw, 1024px\" \/><\/a><figcaption class=\"wp-element-caption\"><em>Cliqueu a la imatge per veure les fotografies<\/em><\/figcaption><\/figure>\n\n\n\n<p><\/p>\n","protected":false},"excerpt":{"rendered":"<p>L&#8217;alumnat del cicle formatiu de gesti\u00f3 administrativa i d&#8217;economia de 1r de Batxillerat van fer una sortida a Barcelona. Primer van visitar la seu de Barcelona del Banc d&#8217;Espanya, on els va rebre el seu director, el Sr. Lu\u00eds Exp\u00f3sito, i els va explicar les funcions principals de la instituci\u00f3. Despr\u00e9s van visitar la Borsa [&hellip;]<\/p>\n","protected":false},"author":1,"featured_media":7589,"comment_status":"closed","ping_status":"open","sticky":false,"template":"","format":"standard","meta":{"_bbp_topic_count":0,"_bbp_reply_count":0,"_bbp_total_topic_count":0,"_bbp_total_reply_count":0,"_bbp_voice_count":0,"_bbp_anonymous_reply_count":0,"_bbp_topic_count_hidden":0,"_bbp_reply_count_hidden":0,"_bbp_forum_subforum_count":0,"site-sidebar-layout":"default","site-content-layout":"","ast-site-content-layout":"default","site-content-style":"default","site-sidebar-style":"default","ast-global-header-display":"","ast-banner-title-visibility":"","ast-main-header-display":"","ast-hfb-above-header-display":"","ast-hfb-below-header-display":"","ast-hfb-mobile-header-display":"","site-post-title":"","ast-breadcrumbs-content":"","ast-featured-img":"","footer-sml-layout":"","theme-transparent-header-meta":"","adv-header-id-meta":"","stick-header-meta":"","header-above-stick-meta":"","header-main-stick-meta":"","header-below-stick-meta":"","astra-migrate-meta-layouts":"set","ast-page-background-enabled":"default","ast-page-background-meta":{"desktop":{"background-color":"var(--ast-global-color-4)","background-image":"","background-repeat":"repeat","background-position":"center center","background-size":"auto","background-attachment":"scroll","background-type":"","background-media":"","overlay-type":"","overlay-color":"","overlay-opacity":"","overlay-gradient":""},"tablet":{"background-color":"","background-image":"","background-repeat":"repeat","background-position":"center center","background-size":"auto","background-attachment":"scroll","background-type":"","background-media":"","overlay-type":"","overlay-color":"","overlay-opacity":"","overlay-gradient":""},"mobile":{"background-color":"","background-image":"","background-repeat":"repeat","background-position":"center center","background-size":"auto","background-attachment":"scroll","background-type":"","background-media":"","overlay-type":"","overlay-color":"","overlay-opacity":"","overlay-gradient":""}},"ast-content-background-meta":{"desktop":{"background-color":"var(--ast-global-color-5)","background-image":"","background-repeat":"repeat","background-position":"center center","background-size":"auto","background-attachment":"scroll","background-type":"","background-media":"","overlay-type":"","overlay-color":"","overlay-opacity":"","overlay-gradient":""},"tablet":{"background-color":"var(--ast-global-color-5)","background-image":"","background-repeat":"repeat","background-position":"center center","background-size":"auto","background-attachment":"scroll","background-type":"","background-media":"","overlay-type":"","overlay-color":"","overlay-opacity":"","overlay-gradient":""},"mobile":{"background-color":"var(--ast-global-color-5)","background-image":"","background-repeat":"repeat","background-position":"center center","background-size":"auto","background-attachment":"scroll","background-type":"","background-media":"","overlay-type":"","overlay-color":"","overlay-opacity":"","overlay-gradient":""}},"footnotes":""},"categories":[115,8,159,105,29],"tags":[],"class_list":["post-7588","post","type-post","status-publish","format-standard","has-post-thumbnail","hentry","category-1r-batx","category-batxillerat","category-cfgm-gestio-administrativa","category-institut","category-portada"],"post_mailing_queue_ids":[],"_links":{"self":[{"href":"https:\/\/agora.xtec.cat\/iessantramon\/wp-json\/wp\/v2\/posts\/7588","targetHints":{"allow":["GET"]}}],"collection":[{"href":"https:\/\/agora.xtec.cat\/iessantramon\/wp-json\/wp\/v2\/posts"}],"about":[{"href":"https:\/\/agora.xtec.cat\/iessantramon\/wp-json\/wp\/v2\/types\/post"}],"author":[{"embeddable":true,"href":"https:\/\/agora.xtec.cat\/iessantramon\/wp-json\/wp\/v2\/users\/1"}],"replies":[{"embeddable":true,"href":"https:\/\/agora.xtec.cat\/iessantramon\/wp-json\/wp\/v2\/comments?post=7588"}],"version-history":[{"count":4,"href":"https:\/\/agora.xtec.cat\/iessantramon\/wp-json\/wp\/v2\/posts\/7588\/revisions"}],"predecessor-version":[{"id":7593,"href":"https:\/\/agora.xtec.cat\/iessantramon\/wp-json\/wp\/v2\/posts\/7588\/revisions\/7593"}],"wp:featuredmedia":[{"embeddable":true,"href":"https:\/\/agora.xtec.cat\/iessantramon\/wp-json\/wp\/v2\/media\/7589"}],"wp:attachment":[{"href":"https:\/\/agora.xtec.cat\/iessantramon\/wp-json\/wp\/v2\/media?parent=7588"}],"wp:term":[{"taxonomy":"category","embeddable":true,"href":"https:\/\/agora.xtec.cat\/iessantramon\/wp-json\/wp\/v2\/categories?post=7588"},{"taxonomy":"post_tag","embeddable":true,"href":"https:\/\/agora.xtec.cat\/iessantramon\/wp-json\/wp\/v2\/tags?post=7588"}],"curies":[{"name":"wp","href":"https:\/\/api.w.org\/{rel}","templated":true}]}}