{"id":7044,"date":"2025-03-25T09:55:39","date_gmt":"2025-03-25T08:55:39","guid":{"rendered":"https:\/\/agora.xtec.cat\/iessantramon\/?p=7044"},"modified":"2025-05-15T14:33:51","modified_gmt":"2025-05-15T12:33:51","slug":"beques-destudis-postobligatoris-no-universitaris-i-universitaris","status":"publish","type":"post","link":"https:\/\/agora.xtec.cat\/iessantramon\/general\/beques-destudis-postobligatoris-no-universitaris-i-universitaris\/","title":{"rendered":"Beques d&#8217;estudis postobligatoris no universitaris i universitaris"},"content":{"rendered":"<p>S&#8217;ha obert el termini per sol\u00b7licitar la beca per <strong>estudis postobligatoris<\/strong> no universitaris:\u00a0<b>Batxillerat<\/b>,\u00a0<b>cicles formatius de grau mitj\u00e0, entre d&#8217;altres<\/b><b>.\u00a0 I per estudis universitaris.<\/b><\/p>\n<p><b>\u00a0<\/b><b>Termini de sol\u00b7licitud: fins al 30 de maig a les 15 h<\/b><\/p>\n<p><b>Enlla\u00e7 per sol\u00b7licitar la beca per estudis postobligatoris:\u00a0<\/b><\/p>\n<p><a href=\"https:\/\/educacio.gencat.cat\/ca\/tramits\/tramits-temes\/beques-ministeri-postobligatoris\" target=\"_blank\" rel=\"noopener\" data-saferedirecturl=\"https:\/\/www.google.com\/url?q=https:\/\/educacio.gencat.cat\/ca\/tramits\/tramits-temes\/beques-ministeri-postobligatoris&amp;source=gmail&amp;ust=1742978922310000&amp;usg=AOvVaw2qttCBPSJE0XRyr5adkcNU\">https:\/\/educacio.gencat.cat\/<wbr \/>ca\/tramits\/tramits-temes\/<wbr \/>beques-ministeri-<wbr \/>postobligatoris<\/a><\/p>\n<p><b>\u00a0<\/b><b>Enlla\u00e7 per sol\u00b7licitar la beca per estudis universitaris:\u00a0\u00a0<\/b><\/p>\n<p><a href=\"https:\/\/agaur.gencat.cat\/ca\/beques-i-ajuts\/convocatories-per-temes\/Beques-de-caracter-general-del-Ministeri-per-a-estudis-postobligatoris-GRAL\" target=\"_blank\" rel=\"noopener\" data-saferedirecturl=\"https:\/\/www.google.com\/url?q=https:\/\/agaur.gencat.cat\/ca\/beques-i-ajuts\/convocatories-per-temes\/Beques-de-caracter-general-del-Ministeri-per-a-estudis-postobligatoris-GRAL&amp;source=gmail&amp;ust=1742978922310000&amp;usg=AOvVaw3JCDDJ3iZKxSYvqfMNbo-V\">https:\/\/agaur.gencat.cat\/ca\/<wbr \/>beques-i-ajuts\/convocatories-<wbr \/>per-temes\/Beques-de-caracter-<wbr \/>general-del-Ministeri-per-a-<wbr \/>estudis-postobligatoris-GRAL<\/a><b><br \/>\n<\/b><\/p>\n<p><span style=\"font-family: inherit; font-size: 1em;\">Si no heu sol\u00b7licitat mai cap ajut del Ministeri d&#8217;Educaci\u00f3, quan accediu a l&#8217;enlla\u00e7, us heu de registrar per primer cop (crear un usuari i contrasenya). \u00c9s molt important que guardeu el vostre usuari i contrasenya per futures sol\u00b7licituds de beques d&#8217;estudis.<\/span><\/p>\n<div>\n<div class=\"gmail_signature\" dir=\"ltr\">\n<div dir=\"ltr\">\n<p><span style=\"font-family: inherit; font-size: 1em;\">Us recomanem que no espereu a l&#8217;\u00faltim moment per sol\u00b7licitar-los perqu\u00e8 podeu trobar dificultats t\u00e8cniques. No cal dir, que si necessiteu ajuda, podeu passar per secretaria.<\/span><\/p>\n<h6><a href=\"https:\/\/agora.xtec.cat\/iessantramon\/wp-content\/uploads\/usu387\/2025\/03\/ATENCIO-1.jpg\"><img loading=\"lazy\" decoding=\"async\" class=\"alignnone size-medium wp-image-7050\" src=\"https:\/\/agora.xtec.cat\/iessantramon\/wp-content\/uploads\/usu387\/2025\/03\/ATENCIO-1-300x300.jpg\" alt=\"\" width=\"300\" height=\"300\" srcset=\"https:\/\/agora.xtec.cat\/iessantramon\/wp-content\/uploads\/usu387\/2025\/03\/ATENCIO-1-300x300.jpg 300w, https:\/\/agora.xtec.cat\/iessantramon\/wp-content\/uploads\/usu387\/2025\/03\/ATENCIO-1-1024x1024.jpg 1024w, https:\/\/agora.xtec.cat\/iessantramon\/wp-content\/uploads\/usu387\/2025\/03\/ATENCIO-1-150x150.jpg 150w, https:\/\/agora.xtec.cat\/iessantramon\/wp-content\/uploads\/usu387\/2025\/03\/ATENCIO-1-768x768.jpg 768w, https:\/\/agora.xtec.cat\/iessantramon\/wp-content\/uploads\/usu387\/2025\/03\/ATENCIO-1.jpg 1080w\" sizes=\"auto, (max-width: 300px) 100vw, 300px\" \/><\/a><\/h6>\n<\/div>\n<\/div>\n<\/div>\n","protected":false},"excerpt":{"rendered":"<p>S&#8217;ha obert el termini per sol\u00b7licitar la beca per estudis postobligatoris no universitaris:\u00a0Batxillerat,\u00a0cicles formatius de grau mitj\u00e0, entre d&#8217;altres.\u00a0 I per estudis universitaris. \u00a0Termini de sol\u00b7licitud: fins al 30 de maig a les 15 h Enlla\u00e7 per sol\u00b7licitar la beca per estudis postobligatoris:\u00a0 https:\/\/educacio.gencat.cat\/ca\/tramits\/tramits-temes\/beques-ministeri-postobligatoris \u00a0Enlla\u00e7 per sol\u00b7licitar la beca per estudis universitaris:\u00a0\u00a0 https:\/\/agaur.gencat.cat\/ca\/beques-i-ajuts\/convocatories-per-temes\/Beques-de-caracter-general-del-Ministeri-per-a-estudis-postobligatoris-GRAL Si no [&hellip;]<\/p>\n","protected":false},"author":38,"featured_media":0,"comment_status":"closed","ping_status":"closed","sticky":false,"template":"","format":"standard","meta":{"_bbp_topic_count":0,"_bbp_reply_count":0,"_bbp_total_topic_count":0,"_bbp_total_reply_count":0,"_bbp_voice_count":0,"_bbp_anonymous_reply_count":0,"_bbp_topic_count_hidden":0,"_bbp_reply_count_hidden":0,"_bbp_forum_subforum_count":0,"site-sidebar-layout":"default","site-content-layout":"","ast-site-content-layout":"","site-content-style":"default","site-sidebar-style":"default","ast-global-header-display":"","ast-banner-title-visibility":"","ast-main-header-display":"","ast-hfb-above-header-display":"","ast-hfb-below-header-display":"","ast-hfb-mobile-header-display":"","site-post-title":"","ast-breadcrumbs-content":"","ast-featured-img":"","footer-sml-layout":"","theme-transparent-header-meta":"","adv-header-id-meta":"","stick-header-meta":"","header-above-stick-meta":"","header-main-stick-meta":"","header-below-stick-meta":"","astra-migrate-meta-layouts":"default","ast-page-background-enabled":"default","ast-page-background-meta":{"desktop":{"background-color":"var(--ast-global-color-4)","background-image":"","background-repeat":"repeat","background-position":"center center","background-size":"auto","background-attachment":"scroll","background-type":"","background-media":"","overlay-type":"","overlay-color":"","overlay-opacity":"","overlay-gradient":""},"tablet":{"background-color":"","background-image":"","background-repeat":"repeat","background-position":"center center","background-size":"auto","background-attachment":"scroll","background-type":"","background-media":"","overlay-type":"","overlay-color":"","overlay-opacity":"","overlay-gradient":""},"mobile":{"background-color":"","background-image":"","background-repeat":"repeat","background-position":"center center","background-size":"auto","background-attachment":"scroll","background-type":"","background-media":"","overlay-type":"","overlay-color":"","overlay-opacity":"","overlay-gradient":""}},"ast-content-background-meta":{"desktop":{"background-color":"var(--ast-global-color-5)","background-image":"","background-repeat":"repeat","background-position":"center center","background-size":"auto","background-attachment":"scroll","background-type":"","background-media":"","overlay-type":"","overlay-color":"","overlay-opacity":"","overlay-gradient":""},"tablet":{"background-color":"var(--ast-global-color-5)","background-image":"","background-repeat":"repeat","background-position":"center center","background-size":"auto","background-attachment":"scroll","background-type":"","background-media":"","overlay-type":"","overlay-color":"","overlay-opacity":"","overlay-gradient":""},"mobile":{"background-color":"var(--ast-global-color-5)","background-image":"","background-repeat":"repeat","background-position":"center center","background-size":"auto","background-attachment":"scroll","background-type":"","background-media":"","overlay-type":"","overlay-color":"","overlay-opacity":"","overlay-gradient":""}},"footnotes":""},"categories":[115,116,114,8,159,3,1,105,29],"tags":[],"class_list":["post-7044","post","type-post","status-publish","format-standard","hentry","category-1r-batx","category-2n-batx","category-4t-eso","category-batxillerat","category-cfgm-gestio-administrativa","category-eso","category-general","category-institut","category-portada"],"post_mailing_queue_ids":[],"_links":{"self":[{"href":"https:\/\/agora.xtec.cat\/iessantramon\/wp-json\/wp\/v2\/posts\/7044","targetHints":{"allow":["GET"]}}],"collection":[{"href":"https:\/\/agora.xtec.cat\/iessantramon\/wp-json\/wp\/v2\/posts"}],"about":[{"href":"https:\/\/agora.xtec.cat\/iessantramon\/wp-json\/wp\/v2\/types\/post"}],"author":[{"embeddable":true,"href":"https:\/\/agora.xtec.cat\/iessantramon\/wp-json\/wp\/v2\/users\/38"}],"replies":[{"embeddable":true,"href":"https:\/\/agora.xtec.cat\/iessantramon\/wp-json\/wp\/v2\/comments?post=7044"}],"version-history":[{"count":6,"href":"https:\/\/agora.xtec.cat\/iessantramon\/wp-json\/wp\/v2\/posts\/7044\/revisions"}],"predecessor-version":[{"id":7186,"href":"https:\/\/agora.xtec.cat\/iessantramon\/wp-json\/wp\/v2\/posts\/7044\/revisions\/7186"}],"wp:attachment":[{"href":"https:\/\/agora.xtec.cat\/iessantramon\/wp-json\/wp\/v2\/media?parent=7044"}],"wp:term":[{"taxonomy":"category","embeddable":true,"href":"https:\/\/agora.xtec.cat\/iessantramon\/wp-json\/wp\/v2\/categories?post=7044"},{"taxonomy":"post_tag","embeddable":true,"href":"https:\/\/agora.xtec.cat\/iessantramon\/wp-json\/wp\/v2\/tags?post=7044"}],"curies":[{"name":"wp","href":"https:\/\/api.w.org\/{rel}","templated":true}]}}