{"id":3178,"date":"2019-11-11T17:31:44","date_gmt":"2019-11-11T16:31:44","guid":{"rendered":"http:\/\/agora.xtec.cat\/iessantramon\/?p=3178"},"modified":"2019-11-13T09:25:00","modified_gmt":"2019-11-13T08:25:00","slug":"interncanvi-amb-cesson-savigne-franca","status":"publish","type":"post","link":"https:\/\/agora.xtec.cat\/iessantramon\/general\/interncanvi-amb-cesson-savigne-franca\/","title":{"rendered":"Intercanvi amb Cesson Savign\u00e9 (Fran\u00e7a)"},"content":{"rendered":"<p>Aquesta passada nit ha arribat l&#8217;alumnat de la localitat de Cesson Savign\u00e9 que participa a l&#8217;intercanvi del nostre centre.<\/p>\n<p>S&#8217;han programat activitats culturals i l\u00fadiques per tota la setmana. Anirem a la Sagrada Fam\u00edlia, al Parc G\u00fcell, a Montserrat, al Castell i Mina de Cardona&#8230;<\/p>\n<p><a href=\"https:\/\/photos.app.goo.gl\/MHvh6W9k3dKnz4Zq8\">(veure Fotos)<\/a><\/p>\n<p><a href=\"https:\/\/photos.app.goo.gl\/MHvh6W9k3dKnz4Zq8\"><img loading=\"lazy\" decoding=\"async\" class=\"aligncenter size-large\" src=\"https:\/\/lh3.googleusercontent.com\/xxilRSexaUYMuC1cwQIpioYu5PjSXP6F1_5PcBo1GuxtLk60X3zCevnxImHNFvCh1a29yzbkBsq1XtxWuZGYpl439avNv15YDGBHR7h2qzXLG5Zfmwh8GtgAOO8s4DhLRAckbvX-NLvIkHg9cdG-lJXFQ8w2Ns8WuNsf0ho7MB9mqYnPpjz28b9mzBuZqnqrrGCcWdY3sw0iestUsBFIHWwuzT0b4pn3QZ0mSiYkUbO9BrnWs6A3W1OfFBSXLTzLwqf4vtgHI9dlZBf6qg2ncN2PQtf-BbDYyDF1UmrWsjGx4eO6aqXfggFqHuP9_ilvbTpNBNaEjP8Af0HrQTqdkHLluy8dfw-7amp112Iwkhj_xQwTCjz4qeuncr9qgY7pR5MhSj6ZFomLvrGdCnYlmgRZIg4dkEaPeW1v6mxGOS7ReL0JNK0UC6CqOVkWGNL7NZrA5TiwcBkPAfrei4VK4uq-OOehxcy9LF394lwYFEArGXjBMx30jJoMLx5LQUHpz-fk1yRVgwns58uy6fE-Z5OSBRLBOskT2ug8ddijDuTQrW-d1-PBu5Qd49ViVsKszJyfQ961Aqw0mgyeNGTPpQnRor1i0wZbNPc9N_vN9bjgWz-q-1SnxHZlyyzuG1wUZs8PTlZ_6GgGHmfycNCBXiWXCSbiYd-7SELzebcpV4HzNnP1sijgD7w-2awzfdc9n4-0tTZ3hnzAc40DsJgqE_AaDNK7PphREpkbJAzKYgNIHy4=w1679-h944-no\" width=\"1679\" height=\"944\" \/><\/a><\/p>\n","protected":false},"excerpt":{"rendered":"<p>Aquesta passada nit ha arribat l&#8217;alumnat de la localitat de Cesson Savign\u00e9 que participa a l&#8217;intercanvi del nostre centre. S&#8217;han programat activitats culturals i l\u00fadiques per tota la setmana. Anirem a la Sagrada Fam\u00edlia, al Parc G\u00fcell, a Montserrat, al Castell i Mina de Cardona&#8230; (veure Fotos)<\/p>\n","protected":false},"author":1,"featured_media":3180,"comment_status":"closed","ping_status":"closed","sticky":false,"template":"","format":"standard","meta":{"_bbp_topic_count":0,"_bbp_reply_count":0,"_bbp_total_topic_count":0,"_bbp_total_reply_count":0,"_bbp_voice_count":0,"_bbp_anonymous_reply_count":0,"_bbp_topic_count_hidden":0,"_bbp_reply_count_hidden":0,"_bbp_forum_subforum_count":0,"site-sidebar-layout":"default","site-content-layout":"","ast-site-content-layout":"","site-content-style":"default","site-sidebar-style":"default","ast-global-header-display":"","ast-banner-title-visibility":"","ast-main-header-display":"","ast-hfb-above-header-display":"","ast-hfb-below-header-display":"","ast-hfb-mobile-header-display":"","site-post-title":"","ast-breadcrumbs-content":"","ast-featured-img":"","footer-sml-layout":"","theme-transparent-header-meta":"","adv-header-id-meta":"","stick-header-meta":"","header-above-stick-meta":"","header-main-stick-meta":"","header-below-stick-meta":"","astra-migrate-meta-layouts":"default","ast-page-background-enabled":"default","ast-page-background-meta":{"desktop":{"background-color":"var(--ast-global-color-4)","background-image":"","background-repeat":"repeat","background-position":"center center","background-size":"auto","background-attachment":"scroll","background-type":"","background-media":"","overlay-type":"","overlay-color":"","overlay-opacity":"","overlay-gradient":""},"tablet":{"background-color":"","background-image":"","background-repeat":"repeat","background-position":"center center","background-size":"auto","background-attachment":"scroll","background-type":"","background-media":"","overlay-type":"","overlay-color":"","overlay-opacity":"","overlay-gradient":""},"mobile":{"background-color":"","background-image":"","background-repeat":"repeat","background-position":"center center","background-size":"auto","background-attachment":"scroll","background-type":"","background-media":"","overlay-type":"","overlay-color":"","overlay-opacity":"","overlay-gradient":""}},"ast-content-background-meta":{"desktop":{"background-color":"var(--ast-global-color-5)","background-image":"","background-repeat":"repeat","background-position":"center center","background-size":"auto","background-attachment":"scroll","background-type":"","background-media":"","overlay-type":"","overlay-color":"","overlay-opacity":"","overlay-gradient":""},"tablet":{"background-color":"var(--ast-global-color-5)","background-image":"","background-repeat":"repeat","background-position":"center center","background-size":"auto","background-attachment":"scroll","background-type":"","background-media":"","overlay-type":"","overlay-color":"","overlay-opacity":"","overlay-gradient":""},"mobile":{"background-color":"var(--ast-global-color-5)","background-image":"","background-repeat":"repeat","background-position":"center center","background-size":"auto","background-attachment":"scroll","background-type":"","background-media":"","overlay-type":"","overlay-color":"","overlay-opacity":"","overlay-gradient":""}},"footnotes":""},"categories":[8,1,105],"tags":[137,101],"class_list":["post-3178","post","type-post","status-publish","format-standard","has-post-thumbnail","hentry","category-batxillerat","category-general","category-institut","tag-intercanvi","tag-noticies"],"post_mailing_queue_ids":[],"_links":{"self":[{"href":"https:\/\/agora.xtec.cat\/iessantramon\/wp-json\/wp\/v2\/posts\/3178","targetHints":{"allow":["GET"]}}],"collection":[{"href":"https:\/\/agora.xtec.cat\/iessantramon\/wp-json\/wp\/v2\/posts"}],"about":[{"href":"https:\/\/agora.xtec.cat\/iessantramon\/wp-json\/wp\/v2\/types\/post"}],"author":[{"embeddable":true,"href":"https:\/\/agora.xtec.cat\/iessantramon\/wp-json\/wp\/v2\/users\/1"}],"replies":[{"embeddable":true,"href":"https:\/\/agora.xtec.cat\/iessantramon\/wp-json\/wp\/v2\/comments?post=3178"}],"version-history":[{"count":3,"href":"https:\/\/agora.xtec.cat\/iessantramon\/wp-json\/wp\/v2\/posts\/3178\/revisions"}],"predecessor-version":[{"id":3184,"href":"https:\/\/agora.xtec.cat\/iessantramon\/wp-json\/wp\/v2\/posts\/3178\/revisions\/3184"}],"wp:featuredmedia":[{"embeddable":true,"href":"https:\/\/agora.xtec.cat\/iessantramon\/wp-json\/wp\/v2\/media\/3180"}],"wp:attachment":[{"href":"https:\/\/agora.xtec.cat\/iessantramon\/wp-json\/wp\/v2\/media?parent=3178"}],"wp:term":[{"taxonomy":"category","embeddable":true,"href":"https:\/\/agora.xtec.cat\/iessantramon\/wp-json\/wp\/v2\/categories?post=3178"},{"taxonomy":"post_tag","embeddable":true,"href":"https:\/\/agora.xtec.cat\/iessantramon\/wp-json\/wp\/v2\/tags?post=3178"}],"curies":[{"name":"wp","href":"https:\/\/api.w.org\/{rel}","templated":true}]}}