{"id":2869,"date":"2019-05-24T17:12:10","date_gmt":"2019-05-24T15:12:10","guid":{"rendered":"http:\/\/agora.xtec.cat\/iessantramon\/?p=2869"},"modified":"2019-05-24T17:23:26","modified_gmt":"2019-05-24T15:23:26","slug":"visita-a-lempresa-tallers-tort","status":"publish","type":"post","link":"https:\/\/agora.xtec.cat\/iessantramon\/general\/visita-a-lempresa-tallers-tort\/","title":{"rendered":"Visita a l&#8217;empresa tallers Tort"},"content":{"rendered":"<p>Els alumnes de 2n d&#8217;ESO han gaudit avui de la visita a l&#8217;empresa de Cardona <strong>Tallers Tort,<\/strong> que es dedica, sobre tot, a la construcci\u00f3 d&#8217;estructures i complements per a la maquin\u00e0ria agr\u00edcola.<\/p>\n<p>Ha estat una visita profitosa, ja que ha complementat a l&#8217;estudi d&#8217;un proc\u00e9s industrial que realitzen a l&#8217;assignatura de Tecnologia. All\u00e0\u00a0 han pogut veure com, a partir de xapa d&#8217;acer surten estructures i peces totalment acabades que s&#8217;utilitzen per muntar en tractors ai altres m\u00e0quines agr\u00edcoles. Ha seguit els diferents processos de tall amb l\u00e0ser, plegat, soldadura, mecanitzat, robots&#8230; No us perdeu els nostres <a href=\"https:\/\/photos.app.goo.gl\/tGJE3XxoGtPM1DqW6\">v\u00eddeos i fotos<\/a> de la maquin\u00e0ria treballant.<\/p>\n<p><a href=\"https:\/\/photos.app.goo.gl\/tGJE3XxoGtPM1DqW6\"><img loading=\"lazy\" decoding=\"async\" class=\"alignnone size-medium wp-image-2870 aligncenter\" src=\"https:\/\/agora.xtec.cat\/iessantramon\/wp-content\/uploads\/usu387\/2019\/05\/IMG_20190524_113357-300x225.jpg\" alt=\"\" width=\"300\" height=\"225\" srcset=\"https:\/\/agora.xtec.cat\/iessantramon\/wp-content\/uploads\/usu387\/2019\/05\/IMG_20190524_113357-300x225.jpg 300w, https:\/\/agora.xtec.cat\/iessantramon\/wp-content\/uploads\/usu387\/2019\/05\/IMG_20190524_113357-768x576.jpg 768w, https:\/\/agora.xtec.cat\/iessantramon\/wp-content\/uploads\/usu387\/2019\/05\/IMG_20190524_113357-1024x768.jpg 1024w, https:\/\/agora.xtec.cat\/iessantramon\/wp-content\/uploads\/usu387\/2019\/05\/IMG_20190524_113357-200x150.jpg 200w, https:\/\/agora.xtec.cat\/iessantramon\/wp-content\/uploads\/usu387\/2019\/05\/IMG_20190524_113357.jpg 1040w\" sizes=\"auto, (max-width: 300px) 100vw, 300px\" \/><\/a><\/p>\n<p>&nbsp;<\/p>\n","protected":false},"excerpt":{"rendered":"<p>Els alumnes de 2n d&#8217;ESO han gaudit avui de la visita a l&#8217;empresa de Cardona Tallers Tort, que es dedica, sobre tot, a la construcci\u00f3 d&#8217;estructures i complements per a la maquin\u00e0ria agr\u00edcola. Ha estat una visita profitosa, ja que ha complementat a l&#8217;estudi d&#8217;un proc\u00e9s industrial que realitzen a l&#8217;assignatura de Tecnologia. All\u00e0\u00a0 han [&hellip;]<\/p>\n","protected":false},"author":1,"featured_media":2870,"comment_status":"closed","ping_status":"closed","sticky":false,"template":"","format":"standard","meta":{"_bbp_topic_count":0,"_bbp_reply_count":0,"_bbp_total_topic_count":0,"_bbp_total_reply_count":0,"_bbp_voice_count":0,"_bbp_anonymous_reply_count":0,"_bbp_topic_count_hidden":0,"_bbp_reply_count_hidden":0,"_bbp_forum_subforum_count":0,"site-sidebar-layout":"default","site-content-layout":"","ast-site-content-layout":"","site-content-style":"default","site-sidebar-style":"default","ast-global-header-display":"","ast-banner-title-visibility":"","ast-main-header-display":"","ast-hfb-above-header-display":"","ast-hfb-below-header-display":"","ast-hfb-mobile-header-display":"","site-post-title":"","ast-breadcrumbs-content":"","ast-featured-img":"","footer-sml-layout":"","theme-transparent-header-meta":"","adv-header-id-meta":"","stick-header-meta":"","header-above-stick-meta":"","header-main-stick-meta":"","header-below-stick-meta":"","astra-migrate-meta-layouts":"default","ast-page-background-enabled":"default","ast-page-background-meta":{"desktop":{"background-color":"var(--ast-global-color-4)","background-image":"","background-repeat":"repeat","background-position":"center center","background-size":"auto","background-attachment":"scroll","background-type":"","background-media":"","overlay-type":"","overlay-color":"","overlay-opacity":"","overlay-gradient":""},"tablet":{"background-color":"","background-image":"","background-repeat":"repeat","background-position":"center center","background-size":"auto","background-attachment":"scroll","background-type":"","background-media":"","overlay-type":"","overlay-color":"","overlay-opacity":"","overlay-gradient":""},"mobile":{"background-color":"","background-image":"","background-repeat":"repeat","background-position":"center center","background-size":"auto","background-attachment":"scroll","background-type":"","background-media":"","overlay-type":"","overlay-color":"","overlay-opacity":"","overlay-gradient":""}},"ast-content-background-meta":{"desktop":{"background-color":"var(--ast-global-color-5)","background-image":"","background-repeat":"repeat","background-position":"center center","background-size":"auto","background-attachment":"scroll","background-type":"","background-media":"","overlay-type":"","overlay-color":"","overlay-opacity":"","overlay-gradient":""},"tablet":{"background-color":"var(--ast-global-color-5)","background-image":"","background-repeat":"repeat","background-position":"center center","background-size":"auto","background-attachment":"scroll","background-type":"","background-media":"","overlay-type":"","overlay-color":"","overlay-opacity":"","overlay-gradient":""},"mobile":{"background-color":"var(--ast-global-color-5)","background-image":"","background-repeat":"repeat","background-position":"center center","background-size":"auto","background-attachment":"scroll","background-type":"","background-media":"","overlay-type":"","overlay-color":"","overlay-opacity":"","overlay-gradient":""}},"footnotes":""},"categories":[3,1,105],"tags":[101,39],"class_list":["post-2869","post","type-post","status-publish","format-standard","has-post-thumbnail","hentry","category-eso","category-general","category-institut","tag-noticies","tag-sortides"],"post_mailing_queue_ids":[],"_links":{"self":[{"href":"https:\/\/agora.xtec.cat\/iessantramon\/wp-json\/wp\/v2\/posts\/2869","targetHints":{"allow":["GET"]}}],"collection":[{"href":"https:\/\/agora.xtec.cat\/iessantramon\/wp-json\/wp\/v2\/posts"}],"about":[{"href":"https:\/\/agora.xtec.cat\/iessantramon\/wp-json\/wp\/v2\/types\/post"}],"author":[{"embeddable":true,"href":"https:\/\/agora.xtec.cat\/iessantramon\/wp-json\/wp\/v2\/users\/1"}],"replies":[{"embeddable":true,"href":"https:\/\/agora.xtec.cat\/iessantramon\/wp-json\/wp\/v2\/comments?post=2869"}],"version-history":[{"count":2,"href":"https:\/\/agora.xtec.cat\/iessantramon\/wp-json\/wp\/v2\/posts\/2869\/revisions"}],"predecessor-version":[{"id":2872,"href":"https:\/\/agora.xtec.cat\/iessantramon\/wp-json\/wp\/v2\/posts\/2869\/revisions\/2872"}],"wp:featuredmedia":[{"embeddable":true,"href":"https:\/\/agora.xtec.cat\/iessantramon\/wp-json\/wp\/v2\/media\/2870"}],"wp:attachment":[{"href":"https:\/\/agora.xtec.cat\/iessantramon\/wp-json\/wp\/v2\/media?parent=2869"}],"wp:term":[{"taxonomy":"category","embeddable":true,"href":"https:\/\/agora.xtec.cat\/iessantramon\/wp-json\/wp\/v2\/categories?post=2869"},{"taxonomy":"post_tag","embeddable":true,"href":"https:\/\/agora.xtec.cat\/iessantramon\/wp-json\/wp\/v2\/tags?post=2869"}],"curies":[{"name":"wp","href":"https:\/\/api.w.org\/{rel}","templated":true}]}}