{"id":2702,"date":"2019-04-05T10:27:24","date_gmt":"2019-04-05T08:27:24","guid":{"rendered":"http:\/\/agora.xtec.cat\/iessantramon\/?p=2702"},"modified":"2019-04-08T08:24:40","modified_gmt":"2019-04-08T06:24:40","slug":"conferencies-experimentals-a-carrec-de-marc-boada-aquest-dimecres-10-dabril-a-linstitut","status":"publish","type":"post","link":"https:\/\/agora.xtec.cat\/iessantramon\/general\/conferencies-experimentals-a-carrec-de-marc-boada-aquest-dimecres-10-dabril-a-linstitut\/","title":{"rendered":"Confer\u00e8ncies experimentals a c\u00e0rrec de Marc Boada. Aquest dimecres 10 d&#8217;abril a l&#8217;Institut."},"content":{"rendered":"<p>El proper dimecres, 10 d\u2019abril, l\u2019institut organitza un seguit de confer\u00e8ncies experimentals, per tal d\u2019apropar, d\u2019una forma m\u00e9s vivencial, els continguts cient\u00edfics a l\u2019alumnat.<\/p>\n<p>El professor i divulgador cient\u00edfic Marc Boada, que presenta el programa de TV3 Qu\u00e8quicom i lidera l\u2019Associaci\u00f3 P\u00e8ndulum (Associaci\u00f3 per a\u00a0la Difusi\u00f3 del Coneixement Cient\u00edfic), ser\u00e0 l\u2019encarregat de realitzar aquesta formaci\u00f3.<br \/>\nLes confer\u00e8ncies s\u00f3n les seg\u00fcents:<br \/>\n&#8211; \u201cCranis, dents i banyes\u201d. Adre\u00e7ada a primer i segon d\u2019ESO.<br \/>\n&#8211; \u201cFascinats pel m\u00f2bil, 300 anys d\u2019evoluci\u00f3 tecnol\u00f2gica\u201d. Adre\u00e7ada a tercer i quart d\u2019ESO.<br \/>\n&#8211; \u201cL\u2019espectre electromagn\u00e8tic\u201d. Adre\u00e7ada a primer i segon de batxillerat.<\/p>\n<p>M\u00e9s informaci\u00f3 de p\u00e8ndulum:\u00a0<a href=\"http:\/\/www.pendulum.es\/Qui-som-i-d-on-venim\/\">http:\/\/www.pendulum.es\/Qui-som-i-d-on-venim\/<\/a><\/p>\n<p>&nbsp;<\/p>\n","protected":false},"excerpt":{"rendered":"<p>El proper dimecres, 10 d\u2019abril, l\u2019institut organitza un seguit de confer\u00e8ncies experimentals, per tal d\u2019apropar, d\u2019una forma m\u00e9s vivencial, els continguts cient\u00edfics a l\u2019alumnat. El professor i divulgador cient\u00edfic Marc Boada, que presenta el programa de TV3 Qu\u00e8quicom i lidera l\u2019Associaci\u00f3 P\u00e8ndulum (Associaci\u00f3 per a\u00a0la Difusi\u00f3 del Coneixement Cient\u00edfic), ser\u00e0 l\u2019encarregat de realitzar aquesta formaci\u00f3. [&hellip;]<\/p>\n","protected":false},"author":1,"featured_media":0,"comment_status":"closed","ping_status":"closed","sticky":false,"template":"","format":"standard","meta":{"_bbp_topic_count":0,"_bbp_reply_count":0,"_bbp_total_topic_count":0,"_bbp_total_reply_count":0,"_bbp_voice_count":0,"_bbp_anonymous_reply_count":0,"_bbp_topic_count_hidden":0,"_bbp_reply_count_hidden":0,"_bbp_forum_subforum_count":0,"site-sidebar-layout":"default","site-content-layout":"","ast-site-content-layout":"","site-content-style":"default","site-sidebar-style":"default","ast-global-header-display":"","ast-banner-title-visibility":"","ast-main-header-display":"","ast-hfb-above-header-display":"","ast-hfb-below-header-display":"","ast-hfb-mobile-header-display":"","site-post-title":"","ast-breadcrumbs-content":"","ast-featured-img":"","footer-sml-layout":"","theme-transparent-header-meta":"","adv-header-id-meta":"","stick-header-meta":"","header-above-stick-meta":"","header-main-stick-meta":"","header-below-stick-meta":"","astra-migrate-meta-layouts":"default","ast-page-background-enabled":"default","ast-page-background-meta":{"desktop":{"background-color":"var(--ast-global-color-4)","background-image":"","background-repeat":"repeat","background-position":"center center","background-size":"auto","background-attachment":"scroll","background-type":"","background-media":"","overlay-type":"","overlay-color":"","overlay-opacity":"","overlay-gradient":""},"tablet":{"background-color":"","background-image":"","background-repeat":"repeat","background-position":"center center","background-size":"auto","background-attachment":"scroll","background-type":"","background-media":"","overlay-type":"","overlay-color":"","overlay-opacity":"","overlay-gradient":""},"mobile":{"background-color":"","background-image":"","background-repeat":"repeat","background-position":"center center","background-size":"auto","background-attachment":"scroll","background-type":"","background-media":"","overlay-type":"","overlay-color":"","overlay-opacity":"","overlay-gradient":""}},"ast-content-background-meta":{"desktop":{"background-color":"var(--ast-global-color-5)","background-image":"","background-repeat":"repeat","background-position":"center center","background-size":"auto","background-attachment":"scroll","background-type":"","background-media":"","overlay-type":"","overlay-color":"","overlay-opacity":"","overlay-gradient":""},"tablet":{"background-color":"var(--ast-global-color-5)","background-image":"","background-repeat":"repeat","background-position":"center center","background-size":"auto","background-attachment":"scroll","background-type":"","background-media":"","overlay-type":"","overlay-color":"","overlay-opacity":"","overlay-gradient":""},"mobile":{"background-color":"var(--ast-global-color-5)","background-image":"","background-repeat":"repeat","background-position":"center center","background-size":"auto","background-attachment":"scroll","background-type":"","background-media":"","overlay-type":"","overlay-color":"","overlay-opacity":"","overlay-gradient":""}},"footnotes":""},"categories":[3,1,105,29],"tags":[],"class_list":["post-2702","post","type-post","status-publish","format-standard","hentry","category-eso","category-general","category-institut","category-portada"],"post_mailing_queue_ids":[],"_links":{"self":[{"href":"https:\/\/agora.xtec.cat\/iessantramon\/wp-json\/wp\/v2\/posts\/2702","targetHints":{"allow":["GET"]}}],"collection":[{"href":"https:\/\/agora.xtec.cat\/iessantramon\/wp-json\/wp\/v2\/posts"}],"about":[{"href":"https:\/\/agora.xtec.cat\/iessantramon\/wp-json\/wp\/v2\/types\/post"}],"author":[{"embeddable":true,"href":"https:\/\/agora.xtec.cat\/iessantramon\/wp-json\/wp\/v2\/users\/1"}],"replies":[{"embeddable":true,"href":"https:\/\/agora.xtec.cat\/iessantramon\/wp-json\/wp\/v2\/comments?post=2702"}],"version-history":[{"count":3,"href":"https:\/\/agora.xtec.cat\/iessantramon\/wp-json\/wp\/v2\/posts\/2702\/revisions"}],"predecessor-version":[{"id":2726,"href":"https:\/\/agora.xtec.cat\/iessantramon\/wp-json\/wp\/v2\/posts\/2702\/revisions\/2726"}],"wp:attachment":[{"href":"https:\/\/agora.xtec.cat\/iessantramon\/wp-json\/wp\/v2\/media?parent=2702"}],"wp:term":[{"taxonomy":"category","embeddable":true,"href":"https:\/\/agora.xtec.cat\/iessantramon\/wp-json\/wp\/v2\/categories?post=2702"},{"taxonomy":"post_tag","embeddable":true,"href":"https:\/\/agora.xtec.cat\/iessantramon\/wp-json\/wp\/v2\/tags?post=2702"}],"curies":[{"name":"wp","href":"https:\/\/api.w.org\/{rel}","templated":true}]}}