{"id":2396,"date":"2018-11-28T11:11:09","date_gmt":"2018-11-28T10:11:09","guid":{"rendered":"http:\/\/agora.xtec.cat\/iessantramon\/?p=2396"},"modified":"2018-12-03T08:08:20","modified_gmt":"2018-12-03T07:08:20","slug":"eleccions-al-consell-escolar-sector-alumnat","status":"publish","type":"post","link":"https:\/\/agora.xtec.cat\/iessantramon\/general\/eleccions-al-consell-escolar-sector-alumnat\/","title":{"rendered":"Eleccions al Consell Escolar sector alumnat"},"content":{"rendered":"<p>Aquest mat\u00ed hem realitzat les eleccions al Consell Escolar del sector alumnat. El candidat que ha estat proclamat \u00e9s Josep M. Riera Vicente. Enhorabona Josep M.!<\/p>\n<p>Gr\u00e0cies a tot l&#8217;alumnat per haver participat! Podeu trobar l&#8217;acta de votaci\u00f3 al vest\u00edbul de l&#8217;institut.<\/p>\n<p><a href=\"https:\/\/agora.xtec.cat\/iessantramon\/wp-content\/uploads\/usu387\/2018\/11\/ELECCIONS-CONSELL-ESCOLAR-1.jpg\"><img loading=\"lazy\" decoding=\"async\" class=\"aligncenter size-full wp-image-2405\" src=\"https:\/\/agora.xtec.cat\/iessantramon\/wp-content\/uploads\/usu387\/2018\/11\/ELECCIONS-CONSELL-ESCOLAR-1.jpg\" alt=\"\" width=\"279\" height=\"244\" \/><\/a><\/p>\n<p>Us adjuntem la nova composici\u00f3 del Consell Escolar de l&#8217;Institut.<\/p>\n<p><a href=\"https:\/\/agora.xtec.cat\/iessantramon\/wp-content\/uploads\/usu387\/2018\/11\/consell-escolar-composici\u00f3-2.jpg\"><img loading=\"lazy\" decoding=\"async\" class=\"aligncenter wp-image-2403\" src=\"https:\/\/agora.xtec.cat\/iessantramon\/wp-content\/uploads\/usu387\/2018\/11\/consell-escolar-composici\u00f3-2.jpg\" alt=\"\" width=\"301\" height=\"454\" srcset=\"https:\/\/agora.xtec.cat\/iessantramon\/wp-content\/uploads\/usu387\/2018\/11\/consell-escolar-composici\u00f3-2.jpg 542w, https:\/\/agora.xtec.cat\/iessantramon\/wp-content\/uploads\/usu387\/2018\/11\/consell-escolar-composici\u00f3-2-199x300.jpg 199w\" sizes=\"auto, (max-width: 301px) 100vw, 301px\" \/><\/a><\/p>\n","protected":false},"excerpt":{"rendered":"<p>Aquest mat\u00ed hem realitzat les eleccions al Consell Escolar del sector alumnat. El candidat que ha estat proclamat \u00e9s Josep M. Riera Vicente. Enhorabona Josep M.! Gr\u00e0cies a tot l&#8217;alumnat per haver participat! Podeu trobar l&#8217;acta de votaci\u00f3 al vest\u00edbul de l&#8217;institut. Us adjuntem la nova composici\u00f3 del Consell Escolar de l&#8217;Institut.<\/p>\n","protected":false},"author":1,"featured_media":0,"comment_status":"closed","ping_status":"closed","sticky":false,"template":"","format":"standard","meta":{"_bbp_topic_count":0,"_bbp_reply_count":0,"_bbp_total_topic_count":0,"_bbp_total_reply_count":0,"_bbp_voice_count":0,"_bbp_anonymous_reply_count":0,"_bbp_topic_count_hidden":0,"_bbp_reply_count_hidden":0,"_bbp_forum_subforum_count":0,"site-sidebar-layout":"default","site-content-layout":"","ast-site-content-layout":"","site-content-style":"default","site-sidebar-style":"default","ast-global-header-display":"","ast-banner-title-visibility":"","ast-main-header-display":"","ast-hfb-above-header-display":"","ast-hfb-below-header-display":"","ast-hfb-mobile-header-display":"","site-post-title":"","ast-breadcrumbs-content":"","ast-featured-img":"","footer-sml-layout":"","theme-transparent-header-meta":"","adv-header-id-meta":"","stick-header-meta":"","header-above-stick-meta":"","header-main-stick-meta":"","header-below-stick-meta":"","astra-migrate-meta-layouts":"default","ast-page-background-enabled":"default","ast-page-background-meta":{"desktop":{"background-color":"var(--ast-global-color-4)","background-image":"","background-repeat":"repeat","background-position":"center center","background-size":"auto","background-attachment":"scroll","background-type":"","background-media":"","overlay-type":"","overlay-color":"","overlay-opacity":"","overlay-gradient":""},"tablet":{"background-color":"","background-image":"","background-repeat":"repeat","background-position":"center center","background-size":"auto","background-attachment":"scroll","background-type":"","background-media":"","overlay-type":"","overlay-color":"","overlay-opacity":"","overlay-gradient":""},"mobile":{"background-color":"","background-image":"","background-repeat":"repeat","background-position":"center center","background-size":"auto","background-attachment":"scroll","background-type":"","background-media":"","overlay-type":"","overlay-color":"","overlay-opacity":"","overlay-gradient":""}},"ast-content-background-meta":{"desktop":{"background-color":"var(--ast-global-color-5)","background-image":"","background-repeat":"repeat","background-position":"center center","background-size":"auto","background-attachment":"scroll","background-type":"","background-media":"","overlay-type":"","overlay-color":"","overlay-opacity":"","overlay-gradient":""},"tablet":{"background-color":"var(--ast-global-color-5)","background-image":"","background-repeat":"repeat","background-position":"center center","background-size":"auto","background-attachment":"scroll","background-type":"","background-media":"","overlay-type":"","overlay-color":"","overlay-opacity":"","overlay-gradient":""},"mobile":{"background-color":"var(--ast-global-color-5)","background-image":"","background-repeat":"repeat","background-position":"center center","background-size":"auto","background-attachment":"scroll","background-type":"","background-media":"","overlay-type":"","overlay-color":"","overlay-opacity":"","overlay-gradient":""}},"footnotes":""},"categories":[1,105,29],"tags":[],"class_list":["post-2396","post","type-post","status-publish","format-standard","hentry","category-general","category-institut","category-portada"],"post_mailing_queue_ids":[],"_links":{"self":[{"href":"https:\/\/agora.xtec.cat\/iessantramon\/wp-json\/wp\/v2\/posts\/2396","targetHints":{"allow":["GET"]}}],"collection":[{"href":"https:\/\/agora.xtec.cat\/iessantramon\/wp-json\/wp\/v2\/posts"}],"about":[{"href":"https:\/\/agora.xtec.cat\/iessantramon\/wp-json\/wp\/v2\/types\/post"}],"author":[{"embeddable":true,"href":"https:\/\/agora.xtec.cat\/iessantramon\/wp-json\/wp\/v2\/users\/1"}],"replies":[{"embeddable":true,"href":"https:\/\/agora.xtec.cat\/iessantramon\/wp-json\/wp\/v2\/comments?post=2396"}],"version-history":[{"count":3,"href":"https:\/\/agora.xtec.cat\/iessantramon\/wp-json\/wp\/v2\/posts\/2396\/revisions"}],"predecessor-version":[{"id":2410,"href":"https:\/\/agora.xtec.cat\/iessantramon\/wp-json\/wp\/v2\/posts\/2396\/revisions\/2410"}],"wp:attachment":[{"href":"https:\/\/agora.xtec.cat\/iessantramon\/wp-json\/wp\/v2\/media?parent=2396"}],"wp:term":[{"taxonomy":"category","embeddable":true,"href":"https:\/\/agora.xtec.cat\/iessantramon\/wp-json\/wp\/v2\/categories?post=2396"},{"taxonomy":"post_tag","embeddable":true,"href":"https:\/\/agora.xtec.cat\/iessantramon\/wp-json\/wp\/v2\/tags?post=2396"}],"curies":[{"name":"wp","href":"https:\/\/api.w.org\/{rel}","templated":true}]}}