{"id":4732,"date":"2025-04-11T18:04:47","date_gmt":"2025-04-11T16:04:47","guid":{"rendered":"https:\/\/agora.xtec.cat\/iessantjust\/?p=4732"},"modified":"2025-04-11T18:31:57","modified_gmt":"2025-04-11T16:31:57","slug":"viatge-a-italia-1r-batxillerat","status":"publish","type":"post","link":"https:\/\/agora.xtec.cat\/iessantjust\/batxillerat\/viatge-a-italia-1r-batxillerat\/","title":{"rendered":"Viatge a It\u00e0lia 1r Batxillerat"},"content":{"rendered":"\n<figure class=\"wp-block-image size-large\"><a href=\"https:\/\/agora.xtec.cat\/iessantjust\/wp-content\/uploads\/usu366\/2025\/04\/Colisseu-a-mida-gran.jpeg\"><img loading=\"lazy\" decoding=\"async\" width=\"1024\" height=\"771\" src=\"https:\/\/agora.xtec.cat\/iessantjust\/wp-content\/uploads\/usu366\/2025\/04\/Colisseu-a-mida-gran-1024x771.jpeg\" alt=\"\" class=\"wp-image-4733\" srcset=\"https:\/\/agora.xtec.cat\/iessantjust\/wp-content\/uploads\/usu366\/2025\/04\/Colisseu-a-mida-gran-1024x771.jpeg 1024w, https:\/\/agora.xtec.cat\/iessantjust\/wp-content\/uploads\/usu366\/2025\/04\/Colisseu-a-mida-gran-300x226.jpeg 300w, https:\/\/agora.xtec.cat\/iessantjust\/wp-content\/uploads\/usu366\/2025\/04\/Colisseu-a-mida-gran-768x578.jpeg 768w, https:\/\/agora.xtec.cat\/iessantjust\/wp-content\/uploads\/usu366\/2025\/04\/Colisseu-a-mida-gran-200x150.jpeg 200w, https:\/\/agora.xtec.cat\/iessantjust\/wp-content\/uploads\/usu366\/2025\/04\/Colisseu-a-mida-gran.jpeg 1280w\" sizes=\"auto, (max-width: 1024px) 100vw, 1024px\" \/><\/a><\/figure>\n\n\n\n<h2 class=\"wp-block-heading\"><\/h2>\n\n\n\n<p>La setmana passada, de l&#8217;1 al 4 d&#8217;abril, l&#8217;alumnat de 1r de batxillerat va viatjar a Roma! Hem gaudit d&#8217;uns dies intensos de visites culturals i bon menjar entre companyes\/es i amics. Tot plegat ha estat una experi\u00e8ncia incre\u00edble. Poder tenir d&#8217;aprop obres de l&#8217;art universal com el Coliseu, el Pante\u00f3, el Mois\u00e9s de Miquel \u00c0ngel, l&#8217;\u00e8xtasis de Santa Teresa de Bernini, Sant Pere del Vatic\u00e0 o la Capella Sixtina, ens ha emocionat. Fins i tot vam tenir la sort de visitar l&#8217;exposici\u00f3 monogr\u00e0fica de Caravaggio al palau Barberini. Tot un luxe! Tornem amb l&#8217;esperit ple d&#8217;imatges inolvidables i en plena forma! Aqu\u00ed us deixem un recull del nostre viatge, esperem que us agradin. Cliqueu <a href=\"https:\/\/photos.app.goo.gl\/AsmEkixCgNVxuJdM6\" data-type=\"link\" data-id=\"https:\/\/photos.app.goo.gl\/AsmEkixCgNVxuJdM6\" target=\"_blank\" rel=\"noreferrer noopener\">aqu\u00ed per veure l&#8217;\u00e0lbum de Google Fotos <img loading=\"lazy\" decoding=\"async\" width=\"25\" height=\"25\" class=\"wp-image-1355\" style=\"width: 25px;\" src=\"https:\/\/agora.xtec.cat\/iessantjust\/wp-content\/uploads\/usu366\/2023\/06\/Google_Photos_icon_2020.png\" alt=\"\" srcset=\"https:\/\/agora.xtec.cat\/iessantjust\/wp-content\/uploads\/usu366\/2023\/06\/Google_Photos_icon_2020.png 1280w, https:\/\/agora.xtec.cat\/iessantjust\/wp-content\/uploads\/usu366\/2023\/06\/Google_Photos_icon_2020-300x300.png 300w, https:\/\/agora.xtec.cat\/iessantjust\/wp-content\/uploads\/usu366\/2023\/06\/Google_Photos_icon_2020-1024x1024.png 1024w, https:\/\/agora.xtec.cat\/iessantjust\/wp-content\/uploads\/usu366\/2023\/06\/Google_Photos_icon_2020-150x150.png 150w, https:\/\/agora.xtec.cat\/iessantjust\/wp-content\/uploads\/usu366\/2023\/06\/Google_Photos_icon_2020-768x768.png 768w\" sizes=\"auto, (max-width: 25px) 100vw, 25px\" \/>.<\/a><\/p>\n\n\n\n<p>Tamb\u00e9 vam fer una FlashMob que us compartim aqu\u00ed:<\/p>\n\n\n\n<h2 class=\"wp-block-heading\"><\/h2>\n\n\n\n<figure class=\"wp-block-embed is-type-video is-provider-vimeo wp-block-embed-vimeo wp-embed-aspect-9-16 wp-has-aspect-ratio\"><div class=\"wp-block-embed__wrapper\">\n<div class=\"ast-oembed-container \" style=\"height: 100%;\"><iframe loading=\"lazy\" title=\"FlashMob Ita\u0300lia\" src=\"https:\/\/player.vimeo.com\/video\/1074722005?h=1d78076cec&amp;dnt=1&amp;app_id=122963\" width=\"422\" height=\"750\" frameborder=\"0\" allow=\"autoplay; fullscreen; picture-in-picture; clipboard-write; encrypted-media\"><\/iframe><\/div>\n<\/div><\/figure>\n","protected":false},"excerpt":{"rendered":"<p>La setmana passada, de l&#8217;1 al 4 d&#8217;abril, l&#8217;alumnat de 1r de batxillerat va viatjar a Roma! Hem gaudit d&#8217;uns dies intensos de visites culturals i bon menjar entre companyes\/es i amics. Tot plegat ha estat una experi\u00e8ncia incre\u00edble. Poder tenir d&#8217;aprop obres de l&#8217;art universal com el Coliseu, el Pante\u00f3, el Mois\u00e9s de Miquel [&hellip;]<\/p>\n","protected":false},"author":1,"featured_media":4733,"comment_status":"closed","ping_status":"open","sticky":false,"template":"","format":"standard","meta":{"_bbp_topic_count":0,"_bbp_reply_count":0,"_bbp_total_topic_count":0,"_bbp_total_reply_count":0,"_bbp_voice_count":0,"_bbp_anonymous_reply_count":0,"_bbp_topic_count_hidden":0,"_bbp_reply_count_hidden":0,"_bbp_forum_subforum_count":0,"site-sidebar-layout":"default","site-content-layout":"","ast-site-content-layout":"","site-content-style":"default","site-sidebar-style":"default","ast-global-header-display":"","ast-banner-title-visibility":"","ast-main-header-display":"","ast-hfb-above-header-display":"","ast-hfb-below-header-display":"","ast-hfb-mobile-header-display":"","site-post-title":"","ast-breadcrumbs-content":"","ast-featured-img":"","footer-sml-layout":"","theme-transparent-header-meta":"","adv-header-id-meta":"","stick-header-meta":"","header-above-stick-meta":"","header-main-stick-meta":"","header-below-stick-meta":"","astra-migrate-meta-layouts":"default","ast-page-background-enabled":"default","ast-page-background-meta":{"desktop":{"background-color":"var(--ast-global-color-4)","background-image":"","background-repeat":"repeat","background-position":"center center","background-size":"auto","background-attachment":"scroll","background-type":"","background-media":"","overlay-type":"","overlay-color":"","overlay-opacity":"","overlay-gradient":""},"tablet":{"background-color":"","background-image":"","background-repeat":"repeat","background-position":"center center","background-size":"auto","background-attachment":"scroll","background-type":"","background-media":"","overlay-type":"","overlay-color":"","overlay-opacity":"","overlay-gradient":""},"mobile":{"background-color":"","background-image":"","background-repeat":"repeat","background-position":"center center","background-size":"auto","background-attachment":"scroll","background-type":"","background-media":"","overlay-type":"","overlay-color":"","overlay-opacity":"","overlay-gradient":""}},"ast-content-background-meta":{"desktop":{"background-color":"var(--ast-global-color-5)","background-image":"","background-repeat":"repeat","background-position":"center center","background-size":"auto","background-attachment":"scroll","background-type":"","background-media":"","overlay-type":"","overlay-color":"","overlay-opacity":"","overlay-gradient":""},"tablet":{"background-color":"var(--ast-global-color-5)","background-image":"","background-repeat":"repeat","background-position":"center center","background-size":"auto","background-attachment":"scroll","background-type":"","background-media":"","overlay-type":"","overlay-color":"","overlay-opacity":"","overlay-gradient":""},"mobile":{"background-color":"var(--ast-global-color-5)","background-image":"","background-repeat":"repeat","background-position":"center center","background-size":"auto","background-attachment":"scroll","background-type":"","background-media":"","overlay-type":"","overlay-color":"","overlay-opacity":"","overlay-gradient":""}},"footnotes":""},"categories":[155,8,115,29],"tags":[],"class_list":["post-4732","post","type-post","status-publish","format-standard","has-post-thumbnail","hentry","category-activitats","category-batxillerat","category-batx1","category-portada"],"post_mailing_queue_ids":[],"_links":{"self":[{"href":"https:\/\/agora.xtec.cat\/iessantjust\/wp-json\/wp\/v2\/posts\/4732","targetHints":{"allow":["GET"]}}],"collection":[{"href":"https:\/\/agora.xtec.cat\/iessantjust\/wp-json\/wp\/v2\/posts"}],"about":[{"href":"https:\/\/agora.xtec.cat\/iessantjust\/wp-json\/wp\/v2\/types\/post"}],"author":[{"embeddable":true,"href":"https:\/\/agora.xtec.cat\/iessantjust\/wp-json\/wp\/v2\/users\/1"}],"replies":[{"embeddable":true,"href":"https:\/\/agora.xtec.cat\/iessantjust\/wp-json\/wp\/v2\/comments?post=4732"}],"version-history":[{"count":5,"href":"https:\/\/agora.xtec.cat\/iessantjust\/wp-json\/wp\/v2\/posts\/4732\/revisions"}],"predecessor-version":[{"id":4738,"href":"https:\/\/agora.xtec.cat\/iessantjust\/wp-json\/wp\/v2\/posts\/4732\/revisions\/4738"}],"wp:featuredmedia":[{"embeddable":true,"href":"https:\/\/agora.xtec.cat\/iessantjust\/wp-json\/wp\/v2\/media\/4733"}],"wp:attachment":[{"href":"https:\/\/agora.xtec.cat\/iessantjust\/wp-json\/wp\/v2\/media?parent=4732"}],"wp:term":[{"taxonomy":"category","embeddable":true,"href":"https:\/\/agora.xtec.cat\/iessantjust\/wp-json\/wp\/v2\/categories?post=4732"},{"taxonomy":"post_tag","embeddable":true,"href":"https:\/\/agora.xtec.cat\/iessantjust\/wp-json\/wp\/v2\/tags?post=4732"}],"curies":[{"name":"wp","href":"https:\/\/api.w.org\/{rel}","templated":true}]}}