{"id":7687,"date":"2023-03-01T11:22:04","date_gmt":"2023-03-01T10:22:04","guid":{"rendered":"https:\/\/agora.xtec.cat\/iessantfeliu\/?p=7687"},"modified":"2023-06-23T09:15:31","modified_gmt":"2023-06-23T07:15:31","slug":"preinscripcio-2022-23-informacions","status":"publish","type":"post","link":"https:\/\/agora.xtec.cat\/iessantfeliu\/general\/preinscripcio-2022-23-informacions\/","title":{"rendered":"Preinscripci\u00f3 2023-24 &#8211; Informacions i preinscripci\u00f3"},"content":{"rendered":"<h2 class=\"NG-menu__title\">Informa&#8217;t abans<\/h2>\n<p>Informa&#8217;t dels aspectes t\u00e8cnics que has de tenir en compte a l&#8217;hora de triar el centre educatiu, perqu\u00e8 entenguis com funciona el sistema d&#8217;assignaci\u00f3 de places, s\u00e0pigues quin \u00e9s el calendari que cal tenir present i quina documentaci\u00f3 has de presentar.<\/p>\n<p style=\"text-align: center;\"><a href=\"https:\/\/preinscripcio.gencat.cat\/ca\/estudis\/eso\/informat\/\">Informa&#8217;t.<\/a><\/p>\n<h2>Calendari de preinscripci\u00f3 i matr\u00edcula ESO Curs 2023-2024<\/h2>\n<p><a href=\"https:\/\/agora.xtec.cat\/iessantfeliu\/wp-content\/uploads\/usu232\/2023\/03\/Captura-de-pantalla-2023-06-23-a-las-9.14.10.png\"><img loading=\"lazy\" decoding=\"async\" class=\"size-full wp-image-10315 aligncenter\" src=\"https:\/\/agora.xtec.cat\/iessantfeliu\/wp-content\/uploads\/usu232\/2023\/03\/Captura-de-pantalla-2023-06-23-a-las-9.14.10.png\" alt=\"\" width=\"825\" height=\"457\" srcset=\"https:\/\/agora.xtec.cat\/iessantfeliu\/wp-content\/uploads\/usu232\/2023\/03\/Captura-de-pantalla-2023-06-23-a-las-9.14.10.png 825w, https:\/\/agora.xtec.cat\/iessantfeliu\/wp-content\/uploads\/usu232\/2023\/03\/Captura-de-pantalla-2023-06-23-a-las-9.14.10-300x166.png 300w, https:\/\/agora.xtec.cat\/iessantfeliu\/wp-content\/uploads\/usu232\/2023\/03\/Captura-de-pantalla-2023-06-23-a-las-9.14.10-768x425.png 768w\" sizes=\"auto, (max-width: 825px) 100vw, 825px\" \/><\/a><\/p>\n<h4><\/h4>\n<table style=\"width: 101.368%; height: 598px;\">\n<tbody>\n<tr style=\"height: 58px;\">\n<td style=\"width: 70.3628%; height: 37px; background-color: #ffffff;\">Publicaci\u00f3 de l\u2019oferta inicial de places<\/td>\n<td style=\"width: 56.618%; height: 37px; background-color: #ffffff;\">3 de mar\u00e7<\/td>\n<\/tr>\n<tr style=\"height: 58px;\">\n<td style=\"width: 70.3628%; height: 41px; background-color: #ffffff;\">Presentaci\u00f3 de sol\u00b7licituds<\/td>\n<td style=\"width: 56.618%; height: 41px; background-color: #ffffff;\">8 al 20 de mar\u00e7 (ambd\u00f3s inclosos)<\/td>\n<\/tr>\n<tr style=\"height: 58px;\">\n<td style=\"width: 126.981%; height: 41px; background-color: #ffffff;\" colspan=\"2\">la documentaci\u00f3 es pot presentar fins al 22 de mar\u00e7<\/td>\n<\/tr>\n<tr style=\"height: 58px;\">\n<td style=\"width: 70.3628%; height: 58px; background-color: #ffffff;\">Publicaci\u00f3 de les llistes amb la puntuaci\u00f3 provisional<\/td>\n<td style=\"width: 56.618%; height: 58px; background-color: #ffffff;\">21 d\u2019abril<\/td>\n<\/tr>\n<tr style=\"height: 58px;\">\n<td style=\"width: 70.3628%; height: 58px; background-color: #ffffff;\">Presentaci\u00f3 reclamacions<\/td>\n<td style=\"width: 56.618%; height: 58px; background-color: #ffffff;\">21 al 27 d\u2019abril<\/td>\n<\/tr>\n<tr style=\"height: 58px;\">\n<td style=\"width: 70.3628%; height: 58px; background-color: #ffffff;\">Publicaci\u00f3 de les llistes un cop resoltes les reclamacions<\/td>\n<td style=\"width: 56.618%; height: 58px; background-color: #ffffff;\">3 de maig<\/td>\n<\/tr>\n<tr style=\"height: 58px;\">\n<td style=\"width: 70.3628%; height: 58px; background-color: #ffffff;\">Sorteig del n\u00famero de desempat<\/td>\n<td style=\"width: 56.618%; height: 58px; background-color: #ffffff;\">9 de maig<\/td>\n<\/tr>\n<tr style=\"height: 58px;\">\n<td style=\"width: 70.3628%; height: 58px; background-color: #ffffff;\">Publicaci\u00f3 de les llistes ordenades<\/td>\n<td style=\"width: 56.618%; height: 58px; background-color: #ffffff;\">11 de maig<\/td>\n<\/tr>\n<tr style=\"height: 98px;\">\n<td style=\"width: 70.3628%; height: 98px;\"><span style=\"font-weight: 400;\">Per\u00edode d\u2019ampliaci\u00f3 de peticions per les sol\u00b7licituds de preinscripci\u00f3 sense assignaci\u00f3 (assignaci\u00f3 d\u2019ofici)<\/span><\/td>\n<td style=\"width: 56.618%; height: 98px;\"><span style=\"font-weight: 400;\">29 de maig al 1 de juny<\/span><\/p>\n<p><span style=\"font-weight: 400;\">(ambd\u00f3s inclosos)<\/span><\/td>\n<\/tr>\n<tr style=\"height: 58px;\">\n<td style=\"width: 70.3628%; height: 58px;\">Publicaci\u00f3 de les llistes d\u2019admesos i llista d\u2019espera<\/td>\n<td style=\"width: 56.618%; height: 58px;\">12 de juny<\/td>\n<\/tr>\n<tr style=\"height: 33px;\">\n<td style=\"width: 70.3628%; height: 33px; background-color: #787878;\"><strong>Per\u00edode de matriculaci\u00f3 ESO<\/strong><\/td>\n<td style=\"width: 56.618%; height: 33px; background-color: #787878;\"><strong>20 al 28 de juny (ambd\u00f3s inclosos)<\/strong><\/td>\n<\/tr>\n<\/tbody>\n<\/table>\n<p style=\"text-align: center;\"><a href=\"https:\/\/drive.google.com\/file\/d\/1oF0Z3mwcq_W0CPBNvDCiQlAUf5dnAzXe\/view?usp=sharing\">Calendari preinscripci\u00f3<\/a><\/p>\n<p>&nbsp;<\/p>\n<h2>Llista d&#8217;alumnes assignats a l&#8217;institut Sant Feliu de Gu\u00edxols<\/h2>\n<p><a href=\"https:\/\/drive.google.com\/file\/d\/1yoL28UsUXJY0TkwLNDd82e7ZsqEHIMtY\/view?usp=sharing\">Llista d&#8217;alumnes assignats a l&#8217;institut Sant Feliu de Gu\u00edxols<\/a><\/p>\n<p>&nbsp;<\/p>\n<h2>Llista d&#8217;espera<\/h2>\n<p><a href=\"https:\/\/drive.google.com\/file\/d\/1lWHZXnelhgxJdJ2Y6a6gGNF2yMzyyoJq\/view?usp=sharing\">Llista d&#8217;espera<\/a><\/p>\n<h2><\/h2>\n<h2><strong>Oferta definitiva de places<\/strong><\/h2>\n<table style=\"width: 100.644%; height: 239px;\" width=\"71%\">\n<tbody>\n<tr style=\"height: 42px;\">\n<td style=\"width: 112.208%; height: 42px; background-color: #3b88cc; text-align: center;\" colspan=\"4\" width=\"75%\"><strong>ESO LOE &#8211; Educaci\u00f3 secund\u00e0ria obligat\u00f2ria\u00a0 &#8211; Di\u00fcrn\/Mat\u00ed i tarda<\/strong><\/td>\n<\/tr>\n<tr style=\"height: 36px;\">\n<td style=\"width: 16.8558%; height: 46px; background-color: #6e6b6b;\" rowspan=\"2\" width=\"12%\"><strong>Curs<\/strong><\/td>\n<td style=\"width: 29.3384%; height: 46px; background-color: #6e6b6b;\" rowspan=\"2\" width=\"26%\"><strong>Oferta escolar<\/strong><\/td>\n<td style=\"width: 66.0139%; height: 36px; background-color: #6e6b6b;\" colspan=\"2\" width=\"36%\"><strong>Oferta de places per a preinscripci\u00f3<\/strong><\/td>\n<\/tr>\n<tr style=\"height: 10px;\">\n<td style=\"width: 24.8285%; height: 10px; background-color: #aaaaaa;\" width=\"18%\"><strong>Ordin\u00e0ries<\/strong><\/td>\n<td style=\"width: 41.1854%; height: 10px; background-color: #aaaaaa;\" width=\"17%\"><strong>NEE<\/strong><\/td>\n<\/tr>\n<tr style=\"height: 58px;\">\n<td style=\"width: 16.8558%; height: 37px;\" width=\"12%\">1<\/td>\n<td style=\"width: 29.3384%; height: 37px;\" width=\"26%\">108<\/td>\n<td style=\"width: 24.8285%; height: 37px;\" width=\"18%\">58<\/td>\n<td style=\"width: 41.1854%; height: 37px;\" width=\"17%\">49<\/td>\n<\/tr>\n<tr style=\"height: 58px;\">\n<td style=\"width: 16.8558%; height: 36px;\" width=\"12%\">2<\/td>\n<td style=\"width: 29.3384%; height: 36px;\" width=\"26%\">108<\/td>\n<td style=\"width: 24.8285%; height: 36px;\" width=\"18%\">0<\/td>\n<td style=\"width: 41.1854%; height: 36px;\" width=\"17%\">0<\/td>\n<\/tr>\n<tr style=\"height: 58px;\">\n<td style=\"width: 16.8558%; height: 41px;\" width=\"12%\">3<\/td>\n<td style=\"width: 29.3384%; height: 41px;\" width=\"26%\">120<\/td>\n<td style=\"width: 24.8285%; height: 41px;\" width=\"18%\">0<\/td>\n<td style=\"width: 41.1854%; height: 41px;\" width=\"17%\">0<\/td>\n<\/tr>\n<tr style=\"height: 58px;\">\n<td style=\"width: 16.8558%; height: 37px;\" width=\"12%\">4<\/td>\n<td style=\"width: 29.3384%; height: 37px;\" width=\"26%\">120<\/td>\n<td style=\"width: 24.8285%; height: 37px;\" width=\"18%\">0<\/td>\n<td style=\"width: 41.1854%; height: 37px;\" width=\"17%\">0<\/td>\n<\/tr>\n<\/tbody>\n<\/table>\n<p style=\"text-align: center;\"><strong>\u00a0<a href=\"https:\/\/drive.google.com\/file\/d\/1N0qUmyKhPf7ypb-STVE_ZuBLIxt3Bt1S\/view?usp=sharing\">Oferta definitiva de places<\/a><\/strong><\/p>\n<h4><\/h4>\n<p>&nbsp;<\/p>\n<p>&nbsp;<\/p>\n<h4><\/h4>\n<h2><span style=\"color: #333333;\">Document d&#8217;informaci\u00f3 preinscripci\u00f3 2022\/2023<\/span><\/h2>\n<p><a href=\"https:\/\/agora.xtec.cat\/iessantfeliu\/wp-content\/uploads\/usu232\/2023\/03\/Captura-de-pantalla-2023-03-03-a-las-16.30.58.png\"><img loading=\"lazy\" decoding=\"async\" class=\"alignnone size-full wp-image-9537\" src=\"https:\/\/agora.xtec.cat\/iessantfeliu\/wp-content\/uploads\/usu232\/2023\/03\/Captura-de-pantalla-2023-03-03-a-las-16.30.58.png\" alt=\"\" width=\"515\" height=\"710\" srcset=\"https:\/\/agora.xtec.cat\/iessantfeliu\/wp-content\/uploads\/usu232\/2023\/03\/Captura-de-pantalla-2023-03-03-a-las-16.30.58.png 515w, https:\/\/agora.xtec.cat\/iessantfeliu\/wp-content\/uploads\/usu232\/2023\/03\/Captura-de-pantalla-2023-03-03-a-las-16.30.58-218x300.png 218w\" sizes=\"auto, (max-width: 515px) 100vw, 515px\" \/><\/a> <a href=\"https:\/\/agora.xtec.cat\/iessantfeliu\/wp-content\/uploads\/usu232\/2023\/03\/Captura-de-pantalla-2023-03-03-a-las-16.31.09.png\"><img loading=\"lazy\" decoding=\"async\" class=\"alignnone size-full wp-image-9538\" src=\"https:\/\/agora.xtec.cat\/iessantfeliu\/wp-content\/uploads\/usu232\/2023\/03\/Captura-de-pantalla-2023-03-03-a-las-16.31.09.png\" alt=\"\" width=\"515\" height=\"699\" srcset=\"https:\/\/agora.xtec.cat\/iessantfeliu\/wp-content\/uploads\/usu232\/2023\/03\/Captura-de-pantalla-2023-03-03-a-las-16.31.09.png 515w, https:\/\/agora.xtec.cat\/iessantfeliu\/wp-content\/uploads\/usu232\/2023\/03\/Captura-de-pantalla-2023-03-03-a-las-16.31.09-221x300.png 221w\" sizes=\"auto, (max-width: 515px) 100vw, 515px\" \/><\/a><\/p>\n<p style=\"text-align: center;\"><a href=\"https:\/\/drive.google.com\/file\/d\/1UUV5Ow4AOPlBChVfBVaWXrEUkVgJqaNe\/view?usp=sharing\">Informaci\u00f3ns preinscripci\u00f3 (Sol\u00b7licitud electr\u00f2nica, suport inform\u00e0tic, consideracions i informacions i\/o recomanacions)\u00a0<\/a><\/p>\n","protected":false},"excerpt":{"rendered":"<p>PREINSCRIPCI\u00d3 CURS 2023 &#8211; 2024. https:\/\/preinscripcio.gencat.cat\/ca\/estudis\/eso\/inici\/ &hellip;  <a href=\"https:\/\/agora.xtec.cat\/iessantfeliu\/general\/preinscripcio-2022-23-informacions\/\" title=\"Read Preinscripci\u00f3 2023-24 &#8211; Informacions i preinscripci\u00f3\">Llegeix m\u00e9s\u00bb<\/a><\/p>\n","protected":false},"author":1,"featured_media":9540,"comment_status":"closed","ping_status":"closed","sticky":false,"template":"","format":"standard","meta":{"_bbp_topic_count":0,"_bbp_reply_count":0,"_bbp_total_topic_count":0,"_bbp_total_reply_count":0,"_bbp_voice_count":0,"_bbp_anonymous_reply_count":0,"_bbp_topic_count_hidden":0,"_bbp_reply_count_hidden":0,"_bbp_forum_subforum_count":0,"footnotes":""},"categories":[1],"tags":[],"class_list":["post-7687","post","type-post","status-publish","format-standard","has-post-thumbnail","hentry","category-general"],"post_mailing_queue_ids":[],"_links":{"self":[{"href":"https:\/\/agora.xtec.cat\/iessantfeliu\/wp-json\/wp\/v2\/posts\/7687","targetHints":{"allow":["GET"]}}],"collection":[{"href":"https:\/\/agora.xtec.cat\/iessantfeliu\/wp-json\/wp\/v2\/posts"}],"about":[{"href":"https:\/\/agora.xtec.cat\/iessantfeliu\/wp-json\/wp\/v2\/types\/post"}],"author":[{"embeddable":true,"href":"https:\/\/agora.xtec.cat\/iessantfeliu\/wp-json\/wp\/v2\/users\/1"}],"replies":[{"embeddable":true,"href":"https:\/\/agora.xtec.cat\/iessantfeliu\/wp-json\/wp\/v2\/comments?post=7687"}],"version-history":[{"count":4,"href":"https:\/\/agora.xtec.cat\/iessantfeliu\/wp-json\/wp\/v2\/posts\/7687\/revisions"}],"predecessor-version":[{"id":10316,"href":"https:\/\/agora.xtec.cat\/iessantfeliu\/wp-json\/wp\/v2\/posts\/7687\/revisions\/10316"}],"wp:featuredmedia":[{"embeddable":true,"href":"https:\/\/agora.xtec.cat\/iessantfeliu\/wp-json\/wp\/v2\/media\/9540"}],"wp:attachment":[{"href":"https:\/\/agora.xtec.cat\/iessantfeliu\/wp-json\/wp\/v2\/media?parent=7687"}],"wp:term":[{"taxonomy":"category","embeddable":true,"href":"https:\/\/agora.xtec.cat\/iessantfeliu\/wp-json\/wp\/v2\/categories?post=7687"},{"taxonomy":"post_tag","embeddable":true,"href":"https:\/\/agora.xtec.cat\/iessantfeliu\/wp-json\/wp\/v2\/tags?post=7687"}],"curies":[{"name":"wp","href":"https:\/\/api.w.org\/{rel}","templated":true}]}}