{"id":654,"date":"2015-06-10T16:31:36","date_gmt":"2015-06-10T15:31:36","guid":{"rendered":"http:\/\/agora.xtec.cat\/iessantfeliu\/?p=654"},"modified":"2015-06-10T16:49:28","modified_gmt":"2015-06-10T15:49:28","slug":"els-nombres-decimals-ens-envolten","status":"publish","type":"post","link":"https:\/\/agora.xtec.cat\/iessantfeliu\/laboratori-de-les-mates\/els-nombres-decimals-ens-envolten\/","title":{"rendered":"Els nombres decimals ens envolten!"},"content":{"rendered":"<div class=\"entry-content\">\n<p>En aquesta pr\u00e0ctica del laboratori matem\u00e0tic, hem estudiat els nombres decimals que ens envolten en el nostre dia a dia.<\/p>\n<p>Per dur-la a terme, cada un de nosaltres hem portat diferents objectes on apareixia algun nombre decimal o una foto. Cada un havia de dir el seu i perqu\u00e8 servia, han sortit utilitats ben curioses i diferents com el nombre de peu que apareix a la sabata, la temperatura del term\u00f2metre, a la b\u00e0scula de casa quan ens pesem, a la caixa de les pastilles, la mina del llapis, la mida dels mobles o de la pantalla de la tele, la quantitat de les ampolles i llaunes, a les factures,\u2026 i sobretot, molts hem portat fotografies o prospectes de coses on surt el seu preu.<\/p>\n<p>Per \u00faltim, hem ordenat tots els nombres decimals que hem portat tots els alumnes de la classe de m\u00e9s petit a m\u00e9s gran que podeu veure en els v\u00eddeos seg\u00fcents:<\/p>\n<p><span class=\"vvqbox vvqyoutube\"><object id=\"vvq-49-youtube-1\" data=\"http:\/\/www.youtube.com\/v\/SHmeHTQbiuc&amp;#038;rel=0&amp;#038;fs=1&amp;#038;showsearch=0&amp;#038;showinfo=0\" type=\"application\/x-shockwave-flash\" width=\"425\" height=\"344\"><\/object><\/span> <span class=\"vvqbox vvqyoutube\"><object id=\"vvq-49-youtube-2\" data=\"http:\/\/www.youtube.com\/v\/pvWCeB-dgQY&amp;#038;rel=0&amp;#038;fs=1&amp;#038;showsearch=0&amp;#038;showinfo=0\" type=\"application\/x-shockwave-flash\" width=\"425\" height=\"344\"><\/object><\/span>Realment ens hem adonat que <strong>ELS NOMBRES DECIMALS ENS ENVOOOLTEN!<\/strong><\/p>\n<p>Judith Hernandez i Thais Nievas<\/p>\n<\/div>\n","protected":false},"excerpt":{"rendered":"<p>En aquesta pr\u00e0ctica del laboratori matem\u00e0tic, hem estudiat els nombres decimals que ens envolten en el nostre dia a dia<\/p>\n","protected":false},"author":1,"featured_media":655,"comment_status":"closed","ping_status":"closed","sticky":false,"template":"","format":"standard","meta":{"_bbp_topic_count":0,"_bbp_reply_count":0,"_bbp_total_topic_count":0,"_bbp_total_reply_count":0,"_bbp_voice_count":0,"_bbp_anonymous_reply_count":0,"_bbp_topic_count_hidden":0,"_bbp_reply_count_hidden":0,"_bbp_forum_subforum_count":0,"site-sidebar-layout":"default","site-content-layout":"","ast-site-content-layout":"","site-content-style":"default","site-sidebar-style":"default","ast-global-header-display":"","ast-banner-title-visibility":"","ast-main-header-display":"","ast-hfb-above-header-display":"","ast-hfb-below-header-display":"","ast-hfb-mobile-header-display":"","site-post-title":"","ast-breadcrumbs-content":"","ast-featured-img":"","footer-sml-layout":"","theme-transparent-header-meta":"","adv-header-id-meta":"","stick-header-meta":"","header-above-stick-meta":"","header-main-stick-meta":"","header-below-stick-meta":"","astra-migrate-meta-layouts":"default","ast-page-background-enabled":"default","ast-page-background-meta":{"desktop":{"background-color":"var(--ast-global-color-4)","background-image":"","background-repeat":"repeat","background-position":"center center","background-size":"auto","background-attachment":"scroll","background-type":"","background-media":"","overlay-type":"","overlay-color":"","overlay-opacity":"","overlay-gradient":""},"tablet":{"background-color":"","background-image":"","background-repeat":"repeat","background-position":"center center","background-size":"auto","background-attachment":"scroll","background-type":"","background-media":"","overlay-type":"","overlay-color":"","overlay-opacity":"","overlay-gradient":""},"mobile":{"background-color":"","background-image":"","background-repeat":"repeat","background-position":"center center","background-size":"auto","background-attachment":"scroll","background-type":"","background-media":"","overlay-type":"","overlay-color":"","overlay-opacity":"","overlay-gradient":""}},"ast-content-background-meta":{"desktop":{"background-color":"var(--ast-global-color-5)","background-image":"","background-repeat":"repeat","background-position":"center center","background-size":"auto","background-attachment":"scroll","background-type":"","background-media":"","overlay-type":"","overlay-color":"","overlay-opacity":"","overlay-gradient":""},"tablet":{"background-color":"var(--ast-global-color-5)","background-image":"","background-repeat":"repeat","background-position":"center center","background-size":"auto","background-attachment":"scroll","background-type":"","background-media":"","overlay-type":"","overlay-color":"","overlay-opacity":"","overlay-gradient":""},"mobile":{"background-color":"var(--ast-global-color-5)","background-image":"","background-repeat":"repeat","background-position":"center center","background-size":"auto","background-attachment":"scroll","background-type":"","background-media":"","overlay-type":"","overlay-color":"","overlay-opacity":"","overlay-gradient":""}},"footnotes":""},"categories":[70],"tags":[],"class_list":["post-654","post","type-post","status-publish","format-standard","has-post-thumbnail","hentry","category-laboratori-de-les-mates"],"post_mailing_queue_ids":[],"_links":{"self":[{"href":"https:\/\/agora.xtec.cat\/iessantfeliu\/wp-json\/wp\/v2\/posts\/654","targetHints":{"allow":["GET"]}}],"collection":[{"href":"https:\/\/agora.xtec.cat\/iessantfeliu\/wp-json\/wp\/v2\/posts"}],"about":[{"href":"https:\/\/agora.xtec.cat\/iessantfeliu\/wp-json\/wp\/v2\/types\/post"}],"author":[{"embeddable":true,"href":"https:\/\/agora.xtec.cat\/iessantfeliu\/wp-json\/wp\/v2\/users\/1"}],"replies":[{"embeddable":true,"href":"https:\/\/agora.xtec.cat\/iessantfeliu\/wp-json\/wp\/v2\/comments?post=654"}],"version-history":[{"count":1,"href":"https:\/\/agora.xtec.cat\/iessantfeliu\/wp-json\/wp\/v2\/posts\/654\/revisions"}],"predecessor-version":[{"id":656,"href":"https:\/\/agora.xtec.cat\/iessantfeliu\/wp-json\/wp\/v2\/posts\/654\/revisions\/656"}],"wp:featuredmedia":[{"embeddable":true,"href":"https:\/\/agora.xtec.cat\/iessantfeliu\/wp-json\/wp\/v2\/media\/655"}],"wp:attachment":[{"href":"https:\/\/agora.xtec.cat\/iessantfeliu\/wp-json\/wp\/v2\/media?parent=654"}],"wp:term":[{"taxonomy":"category","embeddable":true,"href":"https:\/\/agora.xtec.cat\/iessantfeliu\/wp-json\/wp\/v2\/categories?post=654"},{"taxonomy":"post_tag","embeddable":true,"href":"https:\/\/agora.xtec.cat\/iessantfeliu\/wp-json\/wp\/v2\/tags?post=654"}],"curies":[{"name":"wp","href":"https:\/\/api.w.org\/{rel}","templated":true}]}}