{"id":5917,"date":"2020-05-12T23:12:18","date_gmt":"2020-05-12T21:12:18","guid":{"rendered":"https:\/\/agora.xtec.cat\/iessantfeliu\/?p=5917"},"modified":"2020-05-12T23:12:18","modified_gmt":"2020-05-12T21:12:18","slug":"celebracio-del-dia-escolar-de-les-matematiques","status":"publish","type":"post","link":"https:\/\/agora.xtec.cat\/iessantfeliu\/general\/celebracio-del-dia-escolar-de-les-matematiques\/","title":{"rendered":"Celebraci\u00f3 del dia escolar de les Matem\u00e0tiques"},"content":{"rendered":"<p>Els membres del departament de Matem\u00e0tiques (actuals i antics) han realitzat un esmorzar matem\u00e0tic virtual per celebrar el dia escolar de les Matem\u00e0tiques.<\/p>\n<p><img loading=\"lazy\" decoding=\"async\" class=\"aligncenter size-full wp-image-5918\" src=\"https:\/\/agora.xtec.cat\/iessantfeliu\/wp-content\/uploads\/usu232\/2020\/05\/IMG-20200512-WA0028.jpg\" alt=\"\" width=\"1239\" height=\"1753\" srcset=\"https:\/\/agora.xtec.cat\/iessantfeliu\/wp-content\/uploads\/usu232\/2020\/05\/IMG-20200512-WA0028.jpg 1239w, https:\/\/agora.xtec.cat\/iessantfeliu\/wp-content\/uploads\/usu232\/2020\/05\/IMG-20200512-WA0028-212x300.jpg 212w, https:\/\/agora.xtec.cat\/iessantfeliu\/wp-content\/uploads\/usu232\/2020\/05\/IMG-20200512-WA0028-768x1087.jpg 768w, https:\/\/agora.xtec.cat\/iessantfeliu\/wp-content\/uploads\/usu232\/2020\/05\/IMG-20200512-WA0028-724x1024.jpg 724w\" sizes=\"auto, (max-width: 1239px) 100vw, 1239px\" \/><\/p>\n","protected":false},"excerpt":{"rendered":"<p>Els membres del departament de Matem\u00e0tiques (actuals i antics) han realitzat un esmorzar matem\u00e0tic virtual per celebrar el dia escolar de les Matem\u00e0tiques. &hellip;  <a href=\"https:\/\/agora.xtec.cat\/iessantfeliu\/general\/celebracio-del-dia-escolar-de-les-matematiques\/\" title=\"Read Celebraci\u00f3 del dia escolar de les Matem\u00e0tiques\">Llegeix m\u00e9s\u00bb<\/a><\/p>\n","protected":false},"author":1,"featured_media":5918,"comment_status":"open","ping_status":"closed","sticky":false,"template":"","format":"standard","meta":{"_bbp_topic_count":0,"_bbp_reply_count":0,"_bbp_total_topic_count":0,"_bbp_total_reply_count":0,"_bbp_voice_count":0,"_bbp_anonymous_reply_count":0,"_bbp_topic_count_hidden":0,"_bbp_reply_count_hidden":0,"_bbp_forum_subforum_count":0,"footnotes":""},"categories":[1],"tags":[],"class_list":["post-5917","post","type-post","status-publish","format-standard","has-post-thumbnail","hentry","category-general"],"post_mailing_queue_ids":[],"_links":{"self":[{"href":"https:\/\/agora.xtec.cat\/iessantfeliu\/wp-json\/wp\/v2\/posts\/5917","targetHints":{"allow":["GET"]}}],"collection":[{"href":"https:\/\/agora.xtec.cat\/iessantfeliu\/wp-json\/wp\/v2\/posts"}],"about":[{"href":"https:\/\/agora.xtec.cat\/iessantfeliu\/wp-json\/wp\/v2\/types\/post"}],"author":[{"embeddable":true,"href":"https:\/\/agora.xtec.cat\/iessantfeliu\/wp-json\/wp\/v2\/users\/1"}],"replies":[{"embeddable":true,"href":"https:\/\/agora.xtec.cat\/iessantfeliu\/wp-json\/wp\/v2\/comments?post=5917"}],"version-history":[{"count":1,"href":"https:\/\/agora.xtec.cat\/iessantfeliu\/wp-json\/wp\/v2\/posts\/5917\/revisions"}],"predecessor-version":[{"id":5919,"href":"https:\/\/agora.xtec.cat\/iessantfeliu\/wp-json\/wp\/v2\/posts\/5917\/revisions\/5919"}],"wp:featuredmedia":[{"embeddable":true,"href":"https:\/\/agora.xtec.cat\/iessantfeliu\/wp-json\/wp\/v2\/media\/5918"}],"wp:attachment":[{"href":"https:\/\/agora.xtec.cat\/iessantfeliu\/wp-json\/wp\/v2\/media?parent=5917"}],"wp:term":[{"taxonomy":"category","embeddable":true,"href":"https:\/\/agora.xtec.cat\/iessantfeliu\/wp-json\/wp\/v2\/categories?post=5917"},{"taxonomy":"post_tag","embeddable":true,"href":"https:\/\/agora.xtec.cat\/iessantfeliu\/wp-json\/wp\/v2\/tags?post=5917"}],"curies":[{"name":"wp","href":"https:\/\/api.w.org\/{rel}","templated":true}]}}