{"id":5521,"date":"2020-03-23T07:56:39","date_gmt":"2020-03-23T06:56:39","guid":{"rendered":"https:\/\/agora.xtec.cat\/iessantfeliu\/?p=5521"},"modified":"2020-03-30T13:39:54","modified_gmt":"2020-03-30T11:39:54","slug":"activitats-pel-periode-16-de-marc-al-30-de-marc","status":"publish","type":"post","link":"https:\/\/agora.xtec.cat\/iessantfeliu\/general\/activitats-pel-periode-16-de-marc-al-30-de-marc\/","title":{"rendered":"Activitats pel per\u00edode 16 de mar\u00e7 al 30 de mar\u00e7"},"content":{"rendered":"<p>Hem afegit les activitats per la segona setmana de confinament. Per accedir cal que<strong> els alumnes<\/strong> entreu amb el vostre usuari de correu de l&#8217;institut (<strong>@alumnes.isantfeliu.net<\/strong>), i veureu que dins la carpeta de cada grup s&#8217;ha afegit una altra que es diu &#8220;Setmana 2&#8221; i all\u00e0 hi hem penjat les noves activitats.<\/p>\n<p><a href=\"https:\/\/drive.google.com\/drive\/folders\/1-qmZWCEAI4PX_HDtSQhtcUbHPYoY5MZb?usp=sharing\" target=\"_blank\" rel=\"noopener noreferrer\">Enlla\u00e7 a les activitats a realitzar durant el per\u00edode del 16 al 30 de mar\u00e7.<\/a><\/p>\n","protected":false},"excerpt":{"rendered":"<p>Hem afegit les activitats per la segona setmana de confinament. Per accedir cal que els alumnes entreu amb el vostre usuari de correu de l&#8217;institut (@alumnes.isantfeliu.net), i veureu que dins la carpeta de cada grup s&#8217;ha afegit una altra que es diu &#8220;Setmana 2&#8221; i&hellip;  <a href=\"https:\/\/agora.xtec.cat\/iessantfeliu\/general\/activitats-pel-periode-16-de-marc-al-30-de-marc\/\" title=\"Read Activitats pel per\u00edode 16 de mar\u00e7 al 30 de mar\u00e7\">Llegeix m\u00e9s\u00bb<\/a><\/p>\n","protected":false},"author":1,"featured_media":0,"comment_status":"closed","ping_status":"closed","sticky":false,"template":"","format":"standard","meta":{"_bbp_topic_count":0,"_bbp_reply_count":0,"_bbp_total_topic_count":0,"_bbp_total_reply_count":0,"_bbp_voice_count":0,"_bbp_anonymous_reply_count":0,"_bbp_topic_count_hidden":0,"_bbp_reply_count_hidden":0,"_bbp_forum_subforum_count":0,"footnotes":""},"categories":[1],"tags":[],"class_list":["post-5521","post","type-post","status-publish","format-standard","hentry","category-general"],"post_mailing_queue_ids":[],"_links":{"self":[{"href":"https:\/\/agora.xtec.cat\/iessantfeliu\/wp-json\/wp\/v2\/posts\/5521","targetHints":{"allow":["GET"]}}],"collection":[{"href":"https:\/\/agora.xtec.cat\/iessantfeliu\/wp-json\/wp\/v2\/posts"}],"about":[{"href":"https:\/\/agora.xtec.cat\/iessantfeliu\/wp-json\/wp\/v2\/types\/post"}],"author":[{"embeddable":true,"href":"https:\/\/agora.xtec.cat\/iessantfeliu\/wp-json\/wp\/v2\/users\/1"}],"replies":[{"embeddable":true,"href":"https:\/\/agora.xtec.cat\/iessantfeliu\/wp-json\/wp\/v2\/comments?post=5521"}],"version-history":[{"count":3,"href":"https:\/\/agora.xtec.cat\/iessantfeliu\/wp-json\/wp\/v2\/posts\/5521\/revisions"}],"predecessor-version":[{"id":5563,"href":"https:\/\/agora.xtec.cat\/iessantfeliu\/wp-json\/wp\/v2\/posts\/5521\/revisions\/5563"}],"wp:attachment":[{"href":"https:\/\/agora.xtec.cat\/iessantfeliu\/wp-json\/wp\/v2\/media?parent=5521"}],"wp:term":[{"taxonomy":"category","embeddable":true,"href":"https:\/\/agora.xtec.cat\/iessantfeliu\/wp-json\/wp\/v2\/categories?post=5521"},{"taxonomy":"post_tag","embeddable":true,"href":"https:\/\/agora.xtec.cat\/iessantfeliu\/wp-json\/wp\/v2\/tags?post=5521"}],"curies":[{"name":"wp","href":"https:\/\/api.w.org\/{rel}","templated":true}]}}