{"id":1830,"date":"2017-01-24T11:08:54","date_gmt":"2017-01-24T10:08:54","guid":{"rendered":"http:\/\/agora.xtec.cat\/iessantfeliu\/?p=1830"},"modified":"2017-01-24T11:28:16","modified_gmt":"2017-01-24T10:28:16","slug":"participacio-al-programa-deducacio-financera","status":"publish","type":"post","link":"https:\/\/agora.xtec.cat\/iessantfeliu\/general\/participacio-al-programa-deducacio-financera\/","title":{"rendered":"Participaci\u00f3 al programa d\u2019educaci\u00f3 financera"},"content":{"rendered":"<p><span lang=\"CA\">Els alumnes de 4t d\u2019ESO de l\u2019optativa d\u2019economia participen en el programa d\u2019educaci\u00f3 financera. Aquest programa t\u00e9 com a finalitat ensenyar habilitats i compet\u00e8ncies en finances b\u00e0siques. Consta de 6 sessions al llarg del curs i el realitzen diferents voluntaris del sector econ\u00f2mic i financer. Amb aquests tallers s\u2019intenta que els alumnes aprenguin nocions b\u00e0siques sobre l\u2019estalvi, targetes de cr\u00e8dit, planificaci\u00f3 financera, inversions&#8230;<\/span><\/p>\n<p><img loading=\"lazy\" decoding=\"async\" class=\"aligncenter wp-image-1831 size-full\" src=\"http:\/\/agora.xtec.cat\/iessantfeliu\/wp-content\/uploads\/usu232\/2017\/01\/IMG_3934.jpg\" alt=\"img_3934\" width=\"750\" height=\"563\" srcset=\"https:\/\/agora.xtec.cat\/iessantfeliu\/wp-content\/uploads\/usu232\/2017\/01\/IMG_3934.jpg 750w, https:\/\/agora.xtec.cat\/iessantfeliu\/wp-content\/uploads\/usu232\/2017\/01\/IMG_3934-300x225.jpg 300w, https:\/\/agora.xtec.cat\/iessantfeliu\/wp-content\/uploads\/usu232\/2017\/01\/IMG_3934-200x150.jpg 200w\" sizes=\"auto, (max-width: 750px) 100vw, 750px\" \/><\/p>\n","protected":false},"excerpt":{"rendered":"<p>Els alumnes de 4t d\u2019ESO de l\u2019optativa d\u2019economia participen en el programa d\u2019educaci\u00f3 financera&hellip;  <a href=\"https:\/\/agora.xtec.cat\/iessantfeliu\/general\/participacio-al-programa-deducacio-financera\/\" title=\"Read Participaci\u00f3 al programa d\u2019educaci\u00f3 financera\">Llegeix m\u00e9s\u00bb<\/a><\/p>\n","protected":false},"author":1,"featured_media":1831,"comment_status":"open","ping_status":"open","sticky":false,"template":"","format":"standard","meta":{"_bbp_topic_count":0,"_bbp_reply_count":0,"_bbp_total_topic_count":0,"_bbp_total_reply_count":0,"_bbp_voice_count":0,"_bbp_anonymous_reply_count":0,"_bbp_topic_count_hidden":0,"_bbp_reply_count_hidden":0,"_bbp_forum_subforum_count":0,"footnotes":""},"categories":[1],"tags":[],"class_list":["post-1830","post","type-post","status-publish","format-standard","has-post-thumbnail","hentry","category-general"],"post_mailing_queue_ids":[],"_links":{"self":[{"href":"https:\/\/agora.xtec.cat\/iessantfeliu\/wp-json\/wp\/v2\/posts\/1830","targetHints":{"allow":["GET"]}}],"collection":[{"href":"https:\/\/agora.xtec.cat\/iessantfeliu\/wp-json\/wp\/v2\/posts"}],"about":[{"href":"https:\/\/agora.xtec.cat\/iessantfeliu\/wp-json\/wp\/v2\/types\/post"}],"author":[{"embeddable":true,"href":"https:\/\/agora.xtec.cat\/iessantfeliu\/wp-json\/wp\/v2\/users\/1"}],"replies":[{"embeddable":true,"href":"https:\/\/agora.xtec.cat\/iessantfeliu\/wp-json\/wp\/v2\/comments?post=1830"}],"version-history":[{"count":1,"href":"https:\/\/agora.xtec.cat\/iessantfeliu\/wp-json\/wp\/v2\/posts\/1830\/revisions"}],"predecessor-version":[{"id":1832,"href":"https:\/\/agora.xtec.cat\/iessantfeliu\/wp-json\/wp\/v2\/posts\/1830\/revisions\/1832"}],"wp:featuredmedia":[{"embeddable":true,"href":"https:\/\/agora.xtec.cat\/iessantfeliu\/wp-json\/wp\/v2\/media\/1831"}],"wp:attachment":[{"href":"https:\/\/agora.xtec.cat\/iessantfeliu\/wp-json\/wp\/v2\/media?parent=1830"}],"wp:term":[{"taxonomy":"category","embeddable":true,"href":"https:\/\/agora.xtec.cat\/iessantfeliu\/wp-json\/wp\/v2\/categories?post=1830"},{"taxonomy":"post_tag","embeddable":true,"href":"https:\/\/agora.xtec.cat\/iessantfeliu\/wp-json\/wp\/v2\/tags?post=1830"}],"curies":[{"name":"wp","href":"https:\/\/api.w.org\/{rel}","templated":true}]}}