{"id":14890,"date":"2026-04-28T08:30:33","date_gmt":"2026-04-28T06:30:33","guid":{"rendered":"https:\/\/agora.xtec.cat\/iessantfeliu\/?p=14890"},"modified":"2026-04-27T11:34:27","modified_gmt":"2026-04-27T09:34:27","slug":"colonies-formatives-de-lalumnat-dein-aprenentatge-en-entorns-reals","status":"publish","type":"post","link":"https:\/\/agora.xtec.cat\/iessantfeliu\/general\/colonies-formatives-de-lalumnat-dein-aprenentatge-en-entorns-reals\/","title":{"rendered":"Col\u00f2nies formatives de l\u2019alumnat d\u2019EIN: aprenentatge en entorns reals"},"content":{"rendered":"<h3 data-start=\"73\" data-end=\"157\"><em data-start=\"86\" data-end=\"157\">Col\u00f2nies formatives de l\u2019alumnat d\u2019EIN: aprenentatge en entorns reals<\/em><\/h3>\n<p data-start=\"159\" data-end=\"330\">Els dies 20 i 21 d\u2019abril, l\u2019alumnat de 1r i 2n del cicle formatiu d\u2019Educaci\u00f3 Infantil (EIN) ha dut a terme les seves col\u00f2nies formatives en diferents espais del territori.<\/p>\n<p data-start=\"332\" data-end=\"542\">D\u2019una banda, l\u2019alumnat de 1r EIN s\u2019ha despla\u00e7at a la Casa de Col\u00f2nies Mas Panella, a Tordera, mentre que l\u2019alumnat de 2n EIN ha realitzat la seva estada a la Casa de Col\u00f2nies Can Sans, a Fellines de Viladasens.<\/p>\n<p data-start=\"544\" data-end=\"903\">Acompanyats pel professorat del cicle, els i les alumnes han desenvolupat diverses activitats que ells mateixos han planificat i preparat pr\u00e8viament dins del m\u00f2dul professional de Joc i la seva metodologia. Aquesta experi\u00e8ncia forma part del proc\u00e9s d\u2019aprenentatge del cicle i t\u00e9 com a objectiu aplicar, en un context real, els coneixements adquirits a l\u2019aula.<\/p>\n<p data-start=\"905\" data-end=\"1132\">Les col\u00f2nies han estat una oportunitat per posar en pr\u00e0ctica compet\u00e8ncies clau com el treball en equip, la creativitat, l\u2019organitzaci\u00f3 i la gesti\u00f3 d\u2019activitats educatives, tot afavorint un aprenentatge vivencial i significatiu.<\/p>\n<p data-start=\"1134\" data-end=\"1264\">Sens dubte, una experi\u00e8ncia enriquidora que refor\u00e7a la formaci\u00f3 pr\u00e0ctica de l\u2019alumnat i els prepara per al seu futur professional.<\/p>\n<p data-start=\"1134\" data-end=\"1264\"><a href=\"https:\/\/agora.xtec.cat\/iessantfeliu\/?attachment_id=14891\" rel=\"attachment wp-att-14891\"><img loading=\"lazy\" decoding=\"async\" class=\"size-full wp-image-14891 aligncenter\" src=\"https:\/\/agora.xtec.cat\/iessantfeliu\/wp-content\/uploads\/usu232\/2026\/04\/2.png\" alt=\"\" width=\"1080\" height=\"1350\" srcset=\"https:\/\/agora.xtec.cat\/iessantfeliu\/wp-content\/uploads\/usu232\/2026\/04\/2.png 1080w, https:\/\/agora.xtec.cat\/iessantfeliu\/wp-content\/uploads\/usu232\/2026\/04\/2-240x300.png 240w, https:\/\/agora.xtec.cat\/iessantfeliu\/wp-content\/uploads\/usu232\/2026\/04\/2-819x1024.png 819w, https:\/\/agora.xtec.cat\/iessantfeliu\/wp-content\/uploads\/usu232\/2026\/04\/2-768x960.png 768w\" sizes=\"auto, (max-width: 1080px) 100vw, 1080px\" \/><\/a><\/p>\n<p data-start=\"1134\" data-end=\"1264\"><a href=\"https:\/\/agora.xtec.cat\/iessantfeliu\/?attachment_id=14892\" rel=\"attachment wp-att-14892\"><img loading=\"lazy\" decoding=\"async\" class=\"size-full wp-image-14892 aligncenter\" src=\"https:\/\/agora.xtec.cat\/iessantfeliu\/wp-content\/uploads\/usu232\/2026\/04\/3.png\" alt=\"\" width=\"1080\" height=\"1350\" srcset=\"https:\/\/agora.xtec.cat\/iessantfeliu\/wp-content\/uploads\/usu232\/2026\/04\/3.png 1080w, https:\/\/agora.xtec.cat\/iessantfeliu\/wp-content\/uploads\/usu232\/2026\/04\/3-240x300.png 240w, https:\/\/agora.xtec.cat\/iessantfeliu\/wp-content\/uploads\/usu232\/2026\/04\/3-819x1024.png 819w, https:\/\/agora.xtec.cat\/iessantfeliu\/wp-content\/uploads\/usu232\/2026\/04\/3-768x960.png 768w\" sizes=\"auto, (max-width: 1080px) 100vw, 1080px\" \/><\/a><\/p>\n","protected":false},"excerpt":{"rendered":"<p>COL\u00d2NIES FORMATIVES DE L&#8217;ALUMNAT D&#8217;EDUCACI\u00d3 INFANTIL: APRENENTATGE EN ENTORNS REALS.<br \/>\nEls dies 20 i 21 d\u2019abril, l\u2019alumnat de 1r i 2n del cicle formatiu d\u2019Educaci\u00f3 Infantil (EIN) ha dut a terme les seves col\u00f2nies formatives en diferents espais del territori.&hellip;  <a href=\"https:\/\/agora.xtec.cat\/iessantfeliu\/general\/colonies-formatives-de-lalumnat-dein-aprenentatge-en-entorns-reals\/\" title=\"Read Col\u00f2nies formatives de l\u2019alumnat d\u2019EIN: aprenentatge en entorns reals\">Llegeix m\u00e9s\u00bb<\/a><\/p>\n","protected":false},"author":20,"featured_media":14893,"comment_status":"closed","ping_status":"closed","sticky":false,"template":"","format":"standard","meta":{"_bbp_topic_count":0,"_bbp_reply_count":0,"_bbp_total_topic_count":0,"_bbp_total_reply_count":0,"_bbp_voice_count":0,"_bbp_anonymous_reply_count":0,"_bbp_topic_count_hidden":0,"_bbp_reply_count_hidden":0,"_bbp_forum_subforum_count":0,"footnotes":""},"categories":[61,125,1],"tags":[],"class_list":["post-14890","post","type-post","status-publish","format-standard","has-post-thumbnail","hentry","category-cicles-formatius","category-educacio-infantil","category-general"],"post_mailing_queue_ids":[],"_links":{"self":[{"href":"https:\/\/agora.xtec.cat\/iessantfeliu\/wp-json\/wp\/v2\/posts\/14890","targetHints":{"allow":["GET"]}}],"collection":[{"href":"https:\/\/agora.xtec.cat\/iessantfeliu\/wp-json\/wp\/v2\/posts"}],"about":[{"href":"https:\/\/agora.xtec.cat\/iessantfeliu\/wp-json\/wp\/v2\/types\/post"}],"author":[{"embeddable":true,"href":"https:\/\/agora.xtec.cat\/iessantfeliu\/wp-json\/wp\/v2\/users\/20"}],"replies":[{"embeddable":true,"href":"https:\/\/agora.xtec.cat\/iessantfeliu\/wp-json\/wp\/v2\/comments?post=14890"}],"version-history":[{"count":1,"href":"https:\/\/agora.xtec.cat\/iessantfeliu\/wp-json\/wp\/v2\/posts\/14890\/revisions"}],"predecessor-version":[{"id":14894,"href":"https:\/\/agora.xtec.cat\/iessantfeliu\/wp-json\/wp\/v2\/posts\/14890\/revisions\/14894"}],"wp:featuredmedia":[{"embeddable":true,"href":"https:\/\/agora.xtec.cat\/iessantfeliu\/wp-json\/wp\/v2\/media\/14893"}],"wp:attachment":[{"href":"https:\/\/agora.xtec.cat\/iessantfeliu\/wp-json\/wp\/v2\/media?parent=14890"}],"wp:term":[{"taxonomy":"category","embeddable":true,"href":"https:\/\/agora.xtec.cat\/iessantfeliu\/wp-json\/wp\/v2\/categories?post=14890"},{"taxonomy":"post_tag","embeddable":true,"href":"https:\/\/agora.xtec.cat\/iessantfeliu\/wp-json\/wp\/v2\/tags?post=14890"}],"curies":[{"name":"wp","href":"https:\/\/api.w.org\/{rel}","templated":true}]}}