{"id":14886,"date":"2026-04-28T08:30:25","date_gmt":"2026-04-28T06:30:25","guid":{"rendered":"https:\/\/agora.xtec.cat\/iessantfeliu\/?p=14886"},"modified":"2026-04-27T11:25:28","modified_gmt":"2026-04-27T09:25:28","slug":"participacio-2a-fase-fem-matematiques","status":"publish","type":"post","link":"https:\/\/agora.xtec.cat\/iessantfeliu\/general\/participacio-2a-fase-fem-matematiques\/","title":{"rendered":"Participaci\u00f3 2a fase FEM MATEM\u00c0TIQUES"},"content":{"rendered":"<h3 dir=\"auto\"><i><b>Participaci\u00f3 2a fase FEM MATEM\u00c0TIQUES<\/b><\/i><\/h3>\n<div dir=\"auto\"><\/div>\n<div dir=\"auto\"><i>\u00a0<\/i><\/div>\n<p dir=\"auto\"><i>Aquest passat dissabte els alumnes de 4t ESO C: Aitor Carmona, Aitor Erratxu i Edgar Hern\u00e1ndez\u00a0 van participar a la segona fase del FEM MATEM\u00c0TIQUES 2026 que es va celebrar al Institut de Sant Gregori.<\/i><i><\/i><\/p>\n<p dir=\"auto\"><i>Primerament van fer la prova individual i despr\u00e9s van poder participar en grup amb alumnes d&#8217;altres centres a una gimcana matem\u00e0tica per Sant Gregori.<\/i><i><\/i><\/p>\n<p dir=\"auto\"><i>Des de l&#8217;Institut Sant Feliu de Gu\u00edxols els volem donar l&#8217;enhorabona per la seva participaci\u00f3 i esperem que hagin gaudit de l&#8217;experi\u00e8ncia. Bona feina nois!<\/i><\/p>\n<p dir=\"auto\">\n<p dir=\"auto\"><a href=\"https:\/\/agora.xtec.cat\/iessantfeliu\/?attachment_id=14887\" rel=\"attachment wp-att-14887\"><img loading=\"lazy\" decoding=\"async\" class=\"size-full wp-image-14887 aligncenter\" src=\"https:\/\/agora.xtec.cat\/iessantfeliu\/wp-content\/uploads\/usu232\/2026\/04\/IMG_20260425_174943.jpg\" alt=\"\" width=\"2063\" height=\"1840\" srcset=\"https:\/\/agora.xtec.cat\/iessantfeliu\/wp-content\/uploads\/usu232\/2026\/04\/IMG_20260425_174943.jpg 2063w, https:\/\/agora.xtec.cat\/iessantfeliu\/wp-content\/uploads\/usu232\/2026\/04\/IMG_20260425_174943-300x268.jpg 300w, https:\/\/agora.xtec.cat\/iessantfeliu\/wp-content\/uploads\/usu232\/2026\/04\/IMG_20260425_174943-1024x913.jpg 1024w, https:\/\/agora.xtec.cat\/iessantfeliu\/wp-content\/uploads\/usu232\/2026\/04\/IMG_20260425_174943-768x685.jpg 768w, https:\/\/agora.xtec.cat\/iessantfeliu\/wp-content\/uploads\/usu232\/2026\/04\/IMG_20260425_174943-1536x1370.jpg 1536w, https:\/\/agora.xtec.cat\/iessantfeliu\/wp-content\/uploads\/usu232\/2026\/04\/IMG_20260425_174943-2048x1827.jpg 2048w\" sizes=\"auto, (max-width: 2063px) 100vw, 2063px\" \/><\/a><\/p>\n","protected":false},"excerpt":{"rendered":"<p>PARTICIPACI\u00d3 2a FASE FEM MATEM\u00c0TIQUES.<br \/>\nAquest passat dissabte els alumnes de 4t ESO C: Aitor Carmona, Aitor Erratxu i Edgar Hern\u00e1ndez\u00a0 van participar a la segona fase del FEM MATEM\u00c0TIQUES 2026 que es va celebrar al Institut de Sant Gregori.<br \/>\nPrimerament van fer la prova individual i despr\u00e9s van poder participar en grup amb alumnes d&#8217;altres centres a una gimcana matem\u00e0tica per Sant Gregori.&hellip;  <a href=\"https:\/\/agora.xtec.cat\/iessantfeliu\/general\/participacio-2a-fase-fem-matematiques\/\" title=\"Read Participaci\u00f3 2a fase FEM MATEM\u00c0TIQUES\">Llegeix m\u00e9s\u00bb<\/a><\/p>\n","protected":false},"author":20,"featured_media":14888,"comment_status":"closed","ping_status":"closed","sticky":false,"template":"","format":"standard","meta":{"_bbp_topic_count":0,"_bbp_reply_count":0,"_bbp_total_topic_count":0,"_bbp_total_reply_count":0,"_bbp_voice_count":0,"_bbp_anonymous_reply_count":0,"_bbp_topic_count_hidden":0,"_bbp_reply_count_hidden":0,"_bbp_forum_subforum_count":0,"footnotes":""},"categories":[57,1],"tags":[],"class_list":["post-14886","post","type-post","status-publish","format-standard","has-post-thumbnail","hentry","category-2n-eso","category-general"],"post_mailing_queue_ids":[],"_links":{"self":[{"href":"https:\/\/agora.xtec.cat\/iessantfeliu\/wp-json\/wp\/v2\/posts\/14886","targetHints":{"allow":["GET"]}}],"collection":[{"href":"https:\/\/agora.xtec.cat\/iessantfeliu\/wp-json\/wp\/v2\/posts"}],"about":[{"href":"https:\/\/agora.xtec.cat\/iessantfeliu\/wp-json\/wp\/v2\/types\/post"}],"author":[{"embeddable":true,"href":"https:\/\/agora.xtec.cat\/iessantfeliu\/wp-json\/wp\/v2\/users\/20"}],"replies":[{"embeddable":true,"href":"https:\/\/agora.xtec.cat\/iessantfeliu\/wp-json\/wp\/v2\/comments?post=14886"}],"version-history":[{"count":1,"href":"https:\/\/agora.xtec.cat\/iessantfeliu\/wp-json\/wp\/v2\/posts\/14886\/revisions"}],"predecessor-version":[{"id":14889,"href":"https:\/\/agora.xtec.cat\/iessantfeliu\/wp-json\/wp\/v2\/posts\/14886\/revisions\/14889"}],"wp:featuredmedia":[{"embeddable":true,"href":"https:\/\/agora.xtec.cat\/iessantfeliu\/wp-json\/wp\/v2\/media\/14888"}],"wp:attachment":[{"href":"https:\/\/agora.xtec.cat\/iessantfeliu\/wp-json\/wp\/v2\/media?parent=14886"}],"wp:term":[{"taxonomy":"category","embeddable":true,"href":"https:\/\/agora.xtec.cat\/iessantfeliu\/wp-json\/wp\/v2\/categories?post=14886"},{"taxonomy":"post_tag","embeddable":true,"href":"https:\/\/agora.xtec.cat\/iessantfeliu\/wp-json\/wp\/v2\/tags?post=14886"}],"curies":[{"name":"wp","href":"https:\/\/api.w.org\/{rel}","templated":true}]}}