{"id":14872,"date":"2026-04-27T11:12:39","date_gmt":"2026-04-27T09:12:39","guid":{"rendered":"https:\/\/agora.xtec.cat\/iessantfeliu\/?p=14872"},"modified":"2026-04-27T11:12:41","modified_gmt":"2026-04-27T09:12:41","slug":"defensa-de-les-practiques-dual-dels-cicles-administratius","status":"publish","type":"post","link":"https:\/\/agora.xtec.cat\/iessantfeliu\/general\/defensa-de-les-practiques-dual-dels-cicles-administratius\/","title":{"rendered":"Defensa de les pr\u00e0ctiques DUAL dels cicles administratius"},"content":{"rendered":"<h3>Defensa de les pr\u00e0ctiques DUAL dels cicles administratius<\/h3>\n<p>&nbsp;<\/p>\n<p>Avui l\u2019alumnat de 2n de Gesti\u00f3 Administrativa i d\u2019Administraci\u00f3 i Finances ha dut a terme les seves defenses DUAL.<\/p>\n<p>Han presentat i defensat la seva mem\u00f2ria de pr\u00e0ctiques, resultat de tot l\u2019aprenentatge adquirit durant la seva estada en empreses dins del cicle formatiu.<\/p>\n<p>Volem posar en valor la formaci\u00f3 DUAL INTENSIVA, una oportunitat clau que permet a l&#8217;alumnat aprendre en un entorn real de treball, desenvolupar compet\u00e8ncies professionals i facilitar una alta inserci\u00f3 laboral.<\/p>\n<p>Tamb\u00e9 volem agrair a totes les empreses col\u00b7laboradores per acollir el nostre alumnat i fer possible aquesta experi\u00e8ncia, aix\u00ed com felicitar els i les alumnes per la seva implicaci\u00f3 i la gran feina realitzada<\/p>\n<p>Gr\u00e0cies a:<\/p>\n<p>@telsat_platja.daro<br \/>\n@aglomeratsgirona<br \/>\n@mugadas.slu<br \/>\n@dian_instalacions<br \/>\n@marfrancstores<br \/>\n@granjamasguri<br \/>\n@lagavinasagaro<br \/>\n@guixols_ajuntament<br \/>\n@imrecobros<br \/>\n@immobiliariaolive<\/p>\n<p>&nbsp;<\/p>\n<p><a href=\"https:\/\/agora.xtec.cat\/iessantfeliu\/general\/defensa-de-les-practiques-dual-dels-cicles-administratius\/attachment\/20260424_093801\/\" rel=\"attachment wp-att-14873\"><img loading=\"lazy\" decoding=\"async\" class=\"size-full wp-image-14873 aligncenter\" src=\"https:\/\/agora.xtec.cat\/iessantfeliu\/wp-content\/uploads\/usu232\/2026\/04\/20260424_093801-scaled.jpg\" alt=\"\" width=\"2560\" height=\"1152\" srcset=\"https:\/\/agora.xtec.cat\/iessantfeliu\/wp-content\/uploads\/usu232\/2026\/04\/20260424_093801-scaled.jpg 2560w, https:\/\/agora.xtec.cat\/iessantfeliu\/wp-content\/uploads\/usu232\/2026\/04\/20260424_093801-300x135.jpg 300w, https:\/\/agora.xtec.cat\/iessantfeliu\/wp-content\/uploads\/usu232\/2026\/04\/20260424_093801-1024x461.jpg 1024w, https:\/\/agora.xtec.cat\/iessantfeliu\/wp-content\/uploads\/usu232\/2026\/04\/20260424_093801-768x346.jpg 768w, https:\/\/agora.xtec.cat\/iessantfeliu\/wp-content\/uploads\/usu232\/2026\/04\/20260424_093801-1536x691.jpg 1536w, https:\/\/agora.xtec.cat\/iessantfeliu\/wp-content\/uploads\/usu232\/2026\/04\/20260424_093801-2048x922.jpg 2048w\" sizes=\"auto, (max-width: 2560px) 100vw, 2560px\" \/><\/a><\/p>\n<p><a href=\"https:\/\/agora.xtec.cat\/iessantfeliu\/general\/defensa-de-les-practiques-dual-dels-cicles-administratius\/attachment\/20260424_094147\/\" rel=\"attachment wp-att-14874\"><img loading=\"lazy\" decoding=\"async\" class=\"size-full wp-image-14874 aligncenter\" src=\"https:\/\/agora.xtec.cat\/iessantfeliu\/wp-content\/uploads\/usu232\/2026\/04\/20260424_094147-scaled.jpg\" alt=\"\" width=\"2560\" height=\"1152\" srcset=\"https:\/\/agora.xtec.cat\/iessantfeliu\/wp-content\/uploads\/usu232\/2026\/04\/20260424_094147-scaled.jpg 2560w, https:\/\/agora.xtec.cat\/iessantfeliu\/wp-content\/uploads\/usu232\/2026\/04\/20260424_094147-300x135.jpg 300w, https:\/\/agora.xtec.cat\/iessantfeliu\/wp-content\/uploads\/usu232\/2026\/04\/20260424_094147-1024x461.jpg 1024w, https:\/\/agora.xtec.cat\/iessantfeliu\/wp-content\/uploads\/usu232\/2026\/04\/20260424_094147-768x346.jpg 768w, https:\/\/agora.xtec.cat\/iessantfeliu\/wp-content\/uploads\/usu232\/2026\/04\/20260424_094147-1536x691.jpg 1536w, https:\/\/agora.xtec.cat\/iessantfeliu\/wp-content\/uploads\/usu232\/2026\/04\/20260424_094147-2048x922.jpg 2048w\" sizes=\"auto, (max-width: 2560px) 100vw, 2560px\" \/><\/a><\/p>\n<p><a href=\"https:\/\/agora.xtec.cat\/iessantfeliu\/general\/defensa-de-les-practiques-dual-dels-cicles-administratius\/attachment\/20260424_094457\/\" rel=\"attachment wp-att-14875\"><img loading=\"lazy\" decoding=\"async\" class=\"size-full wp-image-14875 aligncenter\" src=\"https:\/\/agora.xtec.cat\/iessantfeliu\/wp-content\/uploads\/usu232\/2026\/04\/20260424_094457-scaled.jpg\" alt=\"\" width=\"2560\" height=\"1152\" srcset=\"https:\/\/agora.xtec.cat\/iessantfeliu\/wp-content\/uploads\/usu232\/2026\/04\/20260424_094457-scaled.jpg 2560w, https:\/\/agora.xtec.cat\/iessantfeliu\/wp-content\/uploads\/usu232\/2026\/04\/20260424_094457-300x135.jpg 300w, https:\/\/agora.xtec.cat\/iessantfeliu\/wp-content\/uploads\/usu232\/2026\/04\/20260424_094457-1024x461.jpg 1024w, https:\/\/agora.xtec.cat\/iessantfeliu\/wp-content\/uploads\/usu232\/2026\/04\/20260424_094457-768x346.jpg 768w, https:\/\/agora.xtec.cat\/iessantfeliu\/wp-content\/uploads\/usu232\/2026\/04\/20260424_094457-1536x691.jpg 1536w, https:\/\/agora.xtec.cat\/iessantfeliu\/wp-content\/uploads\/usu232\/2026\/04\/20260424_094457-2048x922.jpg 2048w\" sizes=\"auto, (max-width: 2560px) 100vw, 2560px\" \/><\/a><\/p>\n<p><a href=\"https:\/\/agora.xtec.cat\/iessantfeliu\/general\/defensa-de-les-practiques-dual-dels-cicles-administratius\/attachment\/20260424_094937\/\" rel=\"attachment wp-att-14876\"><img loading=\"lazy\" decoding=\"async\" class=\"size-full wp-image-14876 aligncenter\" src=\"https:\/\/agora.xtec.cat\/iessantfeliu\/wp-content\/uploads\/usu232\/2026\/04\/20260424_094937-scaled.jpg\" alt=\"\" width=\"2560\" height=\"1152\" srcset=\"https:\/\/agora.xtec.cat\/iessantfeliu\/wp-content\/uploads\/usu232\/2026\/04\/20260424_094937-scaled.jpg 2560w, https:\/\/agora.xtec.cat\/iessantfeliu\/wp-content\/uploads\/usu232\/2026\/04\/20260424_094937-300x135.jpg 300w, https:\/\/agora.xtec.cat\/iessantfeliu\/wp-content\/uploads\/usu232\/2026\/04\/20260424_094937-1024x461.jpg 1024w, https:\/\/agora.xtec.cat\/iessantfeliu\/wp-content\/uploads\/usu232\/2026\/04\/20260424_094937-768x346.jpg 768w, https:\/\/agora.xtec.cat\/iessantfeliu\/wp-content\/uploads\/usu232\/2026\/04\/20260424_094937-1536x691.jpg 1536w, https:\/\/agora.xtec.cat\/iessantfeliu\/wp-content\/uploads\/usu232\/2026\/04\/20260424_094937-2048x922.jpg 2048w\" sizes=\"auto, (max-width: 2560px) 100vw, 2560px\" \/><\/a><\/p>\n<p><a href=\"https:\/\/agora.xtec.cat\/iessantfeliu\/general\/defensa-de-les-practiques-dual-dels-cicles-administratius\/attachment\/20260424_095745\/\" rel=\"attachment wp-att-14877\"><img loading=\"lazy\" decoding=\"async\" class=\"size-full wp-image-14877 aligncenter\" src=\"https:\/\/agora.xtec.cat\/iessantfeliu\/wp-content\/uploads\/usu232\/2026\/04\/20260424_095745-scaled.jpg\" alt=\"\" width=\"2560\" height=\"1152\" srcset=\"https:\/\/agora.xtec.cat\/iessantfeliu\/wp-content\/uploads\/usu232\/2026\/04\/20260424_095745-scaled.jpg 2560w, https:\/\/agora.xtec.cat\/iessantfeliu\/wp-content\/uploads\/usu232\/2026\/04\/20260424_095745-300x135.jpg 300w, https:\/\/agora.xtec.cat\/iessantfeliu\/wp-content\/uploads\/usu232\/2026\/04\/20260424_095745-1024x461.jpg 1024w, https:\/\/agora.xtec.cat\/iessantfeliu\/wp-content\/uploads\/usu232\/2026\/04\/20260424_095745-768x346.jpg 768w, https:\/\/agora.xtec.cat\/iessantfeliu\/wp-content\/uploads\/usu232\/2026\/04\/20260424_095745-1536x691.jpg 1536w, https:\/\/agora.xtec.cat\/iessantfeliu\/wp-content\/uploads\/usu232\/2026\/04\/20260424_095745-2048x922.jpg 2048w\" sizes=\"auto, (max-width: 2560px) 100vw, 2560px\" \/><\/a><\/p>\n<p><a href=\"https:\/\/agora.xtec.cat\/iessantfeliu\/general\/defensa-de-les-practiques-dual-dels-cicles-administratius\/attachment\/primera-3\/\" rel=\"attachment wp-att-14878\"><img loading=\"lazy\" decoding=\"async\" class=\"size-full wp-image-14878 aligncenter\" src=\"https:\/\/agora.xtec.cat\/iessantfeliu\/wp-content\/uploads\/usu232\/2026\/04\/Primera.jpeg\" alt=\"\" width=\"1600\" height=\"900\" srcset=\"https:\/\/agora.xtec.cat\/iessantfeliu\/wp-content\/uploads\/usu232\/2026\/04\/Primera.jpeg 1600w, https:\/\/agora.xtec.cat\/iessantfeliu\/wp-content\/uploads\/usu232\/2026\/04\/Primera-300x169.jpeg 300w, https:\/\/agora.xtec.cat\/iessantfeliu\/wp-content\/uploads\/usu232\/2026\/04\/Primera-1024x576.jpeg 1024w, https:\/\/agora.xtec.cat\/iessantfeliu\/wp-content\/uploads\/usu232\/2026\/04\/Primera-768x432.jpeg 768w, https:\/\/agora.xtec.cat\/iessantfeliu\/wp-content\/uploads\/usu232\/2026\/04\/Primera-1536x864.jpeg 1536w\" sizes=\"auto, (max-width: 1600px) 100vw, 1600px\" \/><\/a><\/p>\n<p><a href=\"https:\/\/agora.xtec.cat\/iessantfeliu\/general\/defensa-de-les-practiques-dual-dels-cicles-administratius\/attachment\/20260424_090513\/\" rel=\"attachment wp-att-14879\"><img loading=\"lazy\" decoding=\"async\" class=\"size-full wp-image-14879 aligncenter\" src=\"https:\/\/agora.xtec.cat\/iessantfeliu\/wp-content\/uploads\/usu232\/2026\/04\/20260424_090513-scaled.jpg\" alt=\"\" width=\"2560\" height=\"1152\" srcset=\"https:\/\/agora.xtec.cat\/iessantfeliu\/wp-content\/uploads\/usu232\/2026\/04\/20260424_090513-scaled.jpg 2560w, https:\/\/agora.xtec.cat\/iessantfeliu\/wp-content\/uploads\/usu232\/2026\/04\/20260424_090513-300x135.jpg 300w, https:\/\/agora.xtec.cat\/iessantfeliu\/wp-content\/uploads\/usu232\/2026\/04\/20260424_090513-1024x461.jpg 1024w, https:\/\/agora.xtec.cat\/iessantfeliu\/wp-content\/uploads\/usu232\/2026\/04\/20260424_090513-768x346.jpg 768w, https:\/\/agora.xtec.cat\/iessantfeliu\/wp-content\/uploads\/usu232\/2026\/04\/20260424_090513-1536x691.jpg 1536w, https:\/\/agora.xtec.cat\/iessantfeliu\/wp-content\/uploads\/usu232\/2026\/04\/20260424_090513-2048x922.jpg 2048w\" sizes=\"auto, (max-width: 2560px) 100vw, 2560px\" \/><\/a><\/p>\n<p><a href=\"https:\/\/agora.xtec.cat\/iessantfeliu\/general\/defensa-de-les-practiques-dual-dels-cicles-administratius\/attachment\/20260424_092655\/\" rel=\"attachment wp-att-14880\"><img loading=\"lazy\" decoding=\"async\" class=\"size-full wp-image-14880 aligncenter\" src=\"https:\/\/agora.xtec.cat\/iessantfeliu\/wp-content\/uploads\/usu232\/2026\/04\/20260424_092655-scaled.jpg\" alt=\"\" width=\"2560\" height=\"1152\" srcset=\"https:\/\/agora.xtec.cat\/iessantfeliu\/wp-content\/uploads\/usu232\/2026\/04\/20260424_092655-scaled.jpg 2560w, https:\/\/agora.xtec.cat\/iessantfeliu\/wp-content\/uploads\/usu232\/2026\/04\/20260424_092655-300x135.jpg 300w, https:\/\/agora.xtec.cat\/iessantfeliu\/wp-content\/uploads\/usu232\/2026\/04\/20260424_092655-1024x461.jpg 1024w, https:\/\/agora.xtec.cat\/iessantfeliu\/wp-content\/uploads\/usu232\/2026\/04\/20260424_092655-768x346.jpg 768w, https:\/\/agora.xtec.cat\/iessantfeliu\/wp-content\/uploads\/usu232\/2026\/04\/20260424_092655-1536x691.jpg 1536w, https:\/\/agora.xtec.cat\/iessantfeliu\/wp-content\/uploads\/usu232\/2026\/04\/20260424_092655-2048x922.jpg 2048w\" sizes=\"auto, (max-width: 2560px) 100vw, 2560px\" \/><\/a><\/p>\n<p><a href=\"https:\/\/agora.xtec.cat\/iessantfeliu\/general\/defensa-de-les-practiques-dual-dels-cicles-administratius\/attachment\/img_5084\/\" rel=\"attachment wp-att-14881\"><img loading=\"lazy\" decoding=\"async\" class=\"size-full wp-image-14881 aligncenter\" src=\"https:\/\/agora.xtec.cat\/iessantfeliu\/wp-content\/uploads\/usu232\/2026\/04\/IMG_5084-scaled.jpg\" alt=\"\" width=\"2560\" height=\"1440\" srcset=\"https:\/\/agora.xtec.cat\/iessantfeliu\/wp-content\/uploads\/usu232\/2026\/04\/IMG_5084-scaled.jpg 2560w, https:\/\/agora.xtec.cat\/iessantfeliu\/wp-content\/uploads\/usu232\/2026\/04\/IMG_5084-300x169.jpg 300w, https:\/\/agora.xtec.cat\/iessantfeliu\/wp-content\/uploads\/usu232\/2026\/04\/IMG_5084-1024x576.jpg 1024w, https:\/\/agora.xtec.cat\/iessantfeliu\/wp-content\/uploads\/usu232\/2026\/04\/IMG_5084-768x432.jpg 768w, https:\/\/agora.xtec.cat\/iessantfeliu\/wp-content\/uploads\/usu232\/2026\/04\/IMG_5084-1536x864.jpg 1536w, https:\/\/agora.xtec.cat\/iessantfeliu\/wp-content\/uploads\/usu232\/2026\/04\/IMG_5084-2048x1152.jpg 2048w\" sizes=\"auto, (max-width: 2560px) 100vw, 2560px\" \/><\/a><\/p>\n<p><a href=\"https:\/\/agora.xtec.cat\/iessantfeliu\/general\/defensa-de-les-practiques-dual-dels-cicles-administratius\/attachment\/img_5077\/\" rel=\"attachment wp-att-14882\"><img loading=\"lazy\" decoding=\"async\" class=\"size-full wp-image-14882 aligncenter\" src=\"https:\/\/agora.xtec.cat\/iessantfeliu\/wp-content\/uploads\/usu232\/2026\/04\/IMG_5077-scaled.jpg\" alt=\"\" width=\"2560\" height=\"1440\" srcset=\"https:\/\/agora.xtec.cat\/iessantfeliu\/wp-content\/uploads\/usu232\/2026\/04\/IMG_5077-scaled.jpg 2560w, https:\/\/agora.xtec.cat\/iessantfeliu\/wp-content\/uploads\/usu232\/2026\/04\/IMG_5077-300x169.jpg 300w, https:\/\/agora.xtec.cat\/iessantfeliu\/wp-content\/uploads\/usu232\/2026\/04\/IMG_5077-1024x576.jpg 1024w, https:\/\/agora.xtec.cat\/iessantfeliu\/wp-content\/uploads\/usu232\/2026\/04\/IMG_5077-768x432.jpg 768w, https:\/\/agora.xtec.cat\/iessantfeliu\/wp-content\/uploads\/usu232\/2026\/04\/IMG_5077-1536x864.jpg 1536w, https:\/\/agora.xtec.cat\/iessantfeliu\/wp-content\/uploads\/usu232\/2026\/04\/IMG_5077-2048x1152.jpg 2048w\" sizes=\"auto, (max-width: 2560px) 100vw, 2560px\" \/><\/a><\/p>\n","protected":false},"excerpt":{"rendered":"<p>DEFENSA DE LES PR\u00c0CTIQUES DUAL DELS CICLES ADMINISTRATIUS<br \/>\nAvui l\u2019alumnat de 2n de Gesti\u00f3 Administrativa i d\u2019Administraci\u00f3 i Finances ha dut a terme les seves defenses DUAL. Han presentat i defensat la seva mem\u00f2ria de pr\u00e0ctiques, resultat de tot l\u2019aprenentatge adquirit durant la seva estada en empreses dins del cicle formatiu.&hellip;  <a href=\"https:\/\/agora.xtec.cat\/iessantfeliu\/general\/defensa-de-les-practiques-dual-dels-cicles-administratius\/\" title=\"Read Defensa de les pr\u00e0ctiques DUAL dels cicles administratius\">Llegeix m\u00e9s\u00bb<\/a><\/p>\n","protected":false},"author":20,"featured_media":14883,"comment_status":"closed","ping_status":"closed","sticky":false,"template":"","format":"standard","meta":{"_bbp_topic_count":0,"_bbp_reply_count":0,"_bbp_total_topic_count":0,"_bbp_total_reply_count":0,"_bbp_voice_count":0,"_bbp_anonymous_reply_count":0,"_bbp_topic_count_hidden":0,"_bbp_reply_count_hidden":0,"_bbp_forum_subforum_count":0,"footnotes":""},"categories":[152,61,1,135],"tags":[],"class_list":["post-14872","post","type-post","status-publish","format-standard","has-post-thumbnail","hentry","category-administracio-i-finances","category-cicles-formatius","category-general","category-gestio-administrativa"],"post_mailing_queue_ids":[],"_links":{"self":[{"href":"https:\/\/agora.xtec.cat\/iessantfeliu\/wp-json\/wp\/v2\/posts\/14872","targetHints":{"allow":["GET"]}}],"collection":[{"href":"https:\/\/agora.xtec.cat\/iessantfeliu\/wp-json\/wp\/v2\/posts"}],"about":[{"href":"https:\/\/agora.xtec.cat\/iessantfeliu\/wp-json\/wp\/v2\/types\/post"}],"author":[{"embeddable":true,"href":"https:\/\/agora.xtec.cat\/iessantfeliu\/wp-json\/wp\/v2\/users\/20"}],"replies":[{"embeddable":true,"href":"https:\/\/agora.xtec.cat\/iessantfeliu\/wp-json\/wp\/v2\/comments?post=14872"}],"version-history":[{"count":2,"href":"https:\/\/agora.xtec.cat\/iessantfeliu\/wp-json\/wp\/v2\/posts\/14872\/revisions"}],"predecessor-version":[{"id":14885,"href":"https:\/\/agora.xtec.cat\/iessantfeliu\/wp-json\/wp\/v2\/posts\/14872\/revisions\/14885"}],"wp:featuredmedia":[{"embeddable":true,"href":"https:\/\/agora.xtec.cat\/iessantfeliu\/wp-json\/wp\/v2\/media\/14883"}],"wp:attachment":[{"href":"https:\/\/agora.xtec.cat\/iessantfeliu\/wp-json\/wp\/v2\/media?parent=14872"}],"wp:term":[{"taxonomy":"category","embeddable":true,"href":"https:\/\/agora.xtec.cat\/iessantfeliu\/wp-json\/wp\/v2\/categories?post=14872"},{"taxonomy":"post_tag","embeddable":true,"href":"https:\/\/agora.xtec.cat\/iessantfeliu\/wp-json\/wp\/v2\/tags?post=14872"}],"curies":[{"name":"wp","href":"https:\/\/api.w.org\/{rel}","templated":true}]}}