{"id":14855,"date":"2026-04-24T08:30:33","date_gmt":"2026-04-24T06:30:33","guid":{"rendered":"https:\/\/agora.xtec.cat\/iessantfeliu\/?p=14855"},"modified":"2026-04-23T11:36:21","modified_gmt":"2026-04-23T09:36:21","slug":"xerrada-sobre-serveis-socials","status":"publish","type":"post","link":"https:\/\/agora.xtec.cat\/iessantfeliu\/general\/xerrada-sobre-serveis-socials\/","title":{"rendered":"Xerrada sobre Serveis Socials"},"content":{"rendered":"<h3><strong>Xerrada sobre Serveis Socials<\/strong><\/h3>\n<p>&nbsp;<\/p>\n<p>Aquesta setmana l&#8217;alumnat de 1r d&#8217;Educaci\u00f3 Infantil ha participat a la xerrada informativa sobre els\u00a0<strong>Serveis Socials<\/strong>\u00a0del municipi.<\/p>\n<p>La sessi\u00f3 ha estat impartida per l&#8217;educadora social,\u00a0<strong>Marta And\u00fajar<\/strong>, que ha donat una pinzellada a les funcions i recursos que ofereix Serveis Socials per atendre la inf\u00e0ncia vulnerable i en situaci\u00f3 de risc social a Sant Feliu de Gu\u00edxols.<\/p>\n<p>La primera part de la sessi\u00f3, la Marta ha informat sobre el conjunt d&#8217;actuacions p\u00fabliques, especialitzades i socioeducatives destinades a protegir, atendre i donar suport a menors i les seves fam\u00edlies en situaci\u00f3 de risc, desemparament o necessitat. Tamb\u00e9 ha destacant la import\u00e0ncia de la mirada quotidiana i di\u00e0ria de l&#8217;educador i educadora per a la prevenci\u00f3, detecci\u00f3, protecci\u00f3 i acompanyament del menor; i sobretot, el treball en xarxa i la coordinaci\u00f3 amb els centres educatius i els serveis de salut.<\/p>\n<p>La segona part, els futurs educadors i educadores han pogut posar en pr\u00e0ctica el coneixement adquirit en els diferents m\u00f2duls formatius i el sentit com\u00fa per resoldre un parell de casos reals que els han fet pensar, reflexionar i treure conclusions.<\/p>\n<p>En definitiva, ha estat una sessi\u00f3 molt enriquidora, productiva i interessant.<\/p>\n<p><a href=\"https:\/\/agora.xtec.cat\/iessantfeliu\/?attachment_id=14856\" rel=\"attachment wp-att-14856\"><img loading=\"lazy\" decoding=\"async\" class=\"size-full wp-image-14856 aligncenter\" src=\"https:\/\/agora.xtec.cat\/iessantfeliu\/wp-content\/uploads\/usu232\/2026\/04\/IMG_1011-scaled.jpeg\" alt=\"\" width=\"2560\" height=\"1920\" srcset=\"https:\/\/agora.xtec.cat\/iessantfeliu\/wp-content\/uploads\/usu232\/2026\/04\/IMG_1011-scaled.jpeg 2560w, https:\/\/agora.xtec.cat\/iessantfeliu\/wp-content\/uploads\/usu232\/2026\/04\/IMG_1011-300x225.jpeg 300w, https:\/\/agora.xtec.cat\/iessantfeliu\/wp-content\/uploads\/usu232\/2026\/04\/IMG_1011-1024x768.jpeg 1024w, https:\/\/agora.xtec.cat\/iessantfeliu\/wp-content\/uploads\/usu232\/2026\/04\/IMG_1011-768x576.jpeg 768w, https:\/\/agora.xtec.cat\/iessantfeliu\/wp-content\/uploads\/usu232\/2026\/04\/IMG_1011-1536x1152.jpeg 1536w, https:\/\/agora.xtec.cat\/iessantfeliu\/wp-content\/uploads\/usu232\/2026\/04\/IMG_1011-2048x1536.jpeg 2048w, https:\/\/agora.xtec.cat\/iessantfeliu\/wp-content\/uploads\/usu232\/2026\/04\/IMG_1011-200x150.jpeg 200w\" sizes=\"auto, (max-width: 2560px) 100vw, 2560px\" \/><\/a><\/p>\n<p><a href=\"https:\/\/agora.xtec.cat\/iessantfeliu\/?attachment_id=14857\" rel=\"attachment wp-att-14857\"><img loading=\"lazy\" decoding=\"async\" class=\"size-full wp-image-14857 aligncenter\" src=\"https:\/\/agora.xtec.cat\/iessantfeliu\/wp-content\/uploads\/usu232\/2026\/04\/IMG_1014-scaled.jpeg\" alt=\"\" width=\"2560\" height=\"1920\" srcset=\"https:\/\/agora.xtec.cat\/iessantfeliu\/wp-content\/uploads\/usu232\/2026\/04\/IMG_1014-scaled.jpeg 2560w, https:\/\/agora.xtec.cat\/iessantfeliu\/wp-content\/uploads\/usu232\/2026\/04\/IMG_1014-300x225.jpeg 300w, https:\/\/agora.xtec.cat\/iessantfeliu\/wp-content\/uploads\/usu232\/2026\/04\/IMG_1014-1024x768.jpeg 1024w, https:\/\/agora.xtec.cat\/iessantfeliu\/wp-content\/uploads\/usu232\/2026\/04\/IMG_1014-768x576.jpeg 768w, https:\/\/agora.xtec.cat\/iessantfeliu\/wp-content\/uploads\/usu232\/2026\/04\/IMG_1014-1536x1152.jpeg 1536w, https:\/\/agora.xtec.cat\/iessantfeliu\/wp-content\/uploads\/usu232\/2026\/04\/IMG_1014-2048x1536.jpeg 2048w, https:\/\/agora.xtec.cat\/iessantfeliu\/wp-content\/uploads\/usu232\/2026\/04\/IMG_1014-200x150.jpeg 200w\" sizes=\"auto, (max-width: 2560px) 100vw, 2560px\" \/><\/a><\/p>\n<p>&nbsp;<\/p>\n","protected":false},"excerpt":{"rendered":"<p>XERRADA SOBRE SERVEIS SOCIALS.<br \/>\nAquesta setmana l&#8217;alumnat de 1r d&#8217;Educaci\u00f3 Infantil ha participat a la xerrada informativa sobre els\u00a0Serveis Socials\u00a0del municipi.\u00a0La sessi\u00f3 ha estat impartida per l&#8217;educadora social,\u00a0Marta And\u00fajar, que ha donat una pinzellada a les funcions i recursos que ofereix Serveis Socials per atendre la inf\u00e0ncia vulnerable i en situaci\u00f3 de risc social a Sant Feliu de Gu\u00edxols.&hellip;  <a href=\"https:\/\/agora.xtec.cat\/iessantfeliu\/general\/xerrada-sobre-serveis-socials\/\" title=\"Read Xerrada sobre Serveis Socials\">Llegeix m\u00e9s\u00bb<\/a><\/p>\n","protected":false},"author":20,"featured_media":14858,"comment_status":"closed","ping_status":"closed","sticky":false,"template":"","format":"standard","meta":{"_bbp_topic_count":0,"_bbp_reply_count":0,"_bbp_total_topic_count":0,"_bbp_total_reply_count":0,"_bbp_voice_count":0,"_bbp_anonymous_reply_count":0,"_bbp_topic_count_hidden":0,"_bbp_reply_count_hidden":0,"_bbp_forum_subforum_count":0,"footnotes":""},"categories":[61,125,1],"tags":[],"class_list":["post-14855","post","type-post","status-publish","format-standard","has-post-thumbnail","hentry","category-cicles-formatius","category-educacio-infantil","category-general"],"post_mailing_queue_ids":[],"_links":{"self":[{"href":"https:\/\/agora.xtec.cat\/iessantfeliu\/wp-json\/wp\/v2\/posts\/14855","targetHints":{"allow":["GET"]}}],"collection":[{"href":"https:\/\/agora.xtec.cat\/iessantfeliu\/wp-json\/wp\/v2\/posts"}],"about":[{"href":"https:\/\/agora.xtec.cat\/iessantfeliu\/wp-json\/wp\/v2\/types\/post"}],"author":[{"embeddable":true,"href":"https:\/\/agora.xtec.cat\/iessantfeliu\/wp-json\/wp\/v2\/users\/20"}],"replies":[{"embeddable":true,"href":"https:\/\/agora.xtec.cat\/iessantfeliu\/wp-json\/wp\/v2\/comments?post=14855"}],"version-history":[{"count":1,"href":"https:\/\/agora.xtec.cat\/iessantfeliu\/wp-json\/wp\/v2\/posts\/14855\/revisions"}],"predecessor-version":[{"id":14859,"href":"https:\/\/agora.xtec.cat\/iessantfeliu\/wp-json\/wp\/v2\/posts\/14855\/revisions\/14859"}],"wp:featuredmedia":[{"embeddable":true,"href":"https:\/\/agora.xtec.cat\/iessantfeliu\/wp-json\/wp\/v2\/media\/14858"}],"wp:attachment":[{"href":"https:\/\/agora.xtec.cat\/iessantfeliu\/wp-json\/wp\/v2\/media?parent=14855"}],"wp:term":[{"taxonomy":"category","embeddable":true,"href":"https:\/\/agora.xtec.cat\/iessantfeliu\/wp-json\/wp\/v2\/categories?post=14855"},{"taxonomy":"post_tag","embeddable":true,"href":"https:\/\/agora.xtec.cat\/iessantfeliu\/wp-json\/wp\/v2\/tags?post=14855"}],"curies":[{"name":"wp","href":"https:\/\/api.w.org\/{rel}","templated":true}]}}