{"id":14168,"date":"2026-01-23T12:53:15","date_gmt":"2026-01-23T11:53:15","guid":{"rendered":"https:\/\/agora.xtec.cat\/iessantfeliu\/?p=14168"},"modified":"2026-01-26T12:35:59","modified_gmt":"2026-01-26T11:35:59","slug":"mr-beast-comprara-hybe-i-new-jeans","status":"publish","type":"post","link":"https:\/\/agora.xtec.cat\/iessantfeliu\/revista\/musica\/mr-beast-comprara-hybe-i-new-jeans\/","title":{"rendered":"Mr Beast comprar\u00e0 Hybe i New Jeans?"},"content":{"rendered":"<p data-pm-slice=\"1 1 []\">Han passat quasi dos anys des de la controv\u00e8rsia de New Jeans i fa nom\u00e9s uns dies es va confirmar la sortida de Danielle del grup. La sortida es va rebre a qu\u00e8 la Danielle va firmar un contracte amb una altra ag\u00e8ncia i el contracte que ella tenia amb HYBE Labels deia que no podia firmar per una altra ag\u00e8ncia a menys que hagu\u00e9s acabat el contracte amb HYBE. A m\u00e9s, hi ha especulacions que Minji tamb\u00e9 s&#8217;anir\u00e0 del grup.<\/p>\n<p><img loading=\"lazy\" decoding=\"async\" class=\"aligncenter size-full wp-image-14227\" src=\"https:\/\/agora.xtec.cat\/iessantfeliu\/wp-content\/uploads\/usu232\/2026\/01\/NJZ.png\" alt=\"\" width=\"554\" height=\"255\" srcset=\"https:\/\/agora.xtec.cat\/iessantfeliu\/wp-content\/uploads\/usu232\/2026\/01\/NJZ.png 554w, https:\/\/agora.xtec.cat\/iessantfeliu\/wp-content\/uploads\/usu232\/2026\/01\/NJZ-300x138.png 300w\" sizes=\"auto, (max-width: 554px) 100vw, 554px\" \/><\/p>\n<p data-pm-slice=\"1 1 []\">Despr\u00e9s de tota aquesta pol\u00e8mica, els fans es van enfadar. I per aquesta ra\u00f3 van anar a demanar-li al MrBeast coses com &#8220;Salva a New Jeans&#8221; o &#8220;Compra HYBE&#8221;. El youtuber va respondre amb humor i va deixar la conversaci\u00f3 oberta. De moment no ha donat cap promesa que comprar\u00e0 HYBE.<\/p>\n<p>Sincerament, jo crec que el MrBeast no sap res sobre mantenir una empresa musical i molt menys com mantenir un grup. A banda d&#8217;aix\u00f2, HYBE costa m\u00e9s o menys 1 bili\u00f3 de d\u00f2lars, i els fans han vist que segurament no tindr\u00e0 prou diners. Hi ha fans que de veritat volen que compri HYBE i salvi el grup. Hi ha d&#8217;altres, com jo, que volen que es calli d&#8217;una vegada i no es posi en aquesta pol\u00e8mica. Tamb\u00e9 crec que si New Jeans torna, no tindran la mateixa fama i\/o fans que abans, ja que molts de <em>bunnies<\/em> (fans de New Jeans) han deixat de donar suport el grup per culpa de la controv\u00e8rsia.<\/p>\n<p>Vosaltres qu\u00e8 en penseu?<\/p>\n<p>&nbsp;<\/p>\n","protected":false},"excerpt":{"rendered":"<p>Han passat quasi dos anys des de la controv\u00e8rsia de New Jeans i fa nom\u00e9s uns dies es va confirmar la sortida de Danielle del grup.<\/p>\n","protected":false},"author":28,"featured_media":14227,"comment_status":"closed","ping_status":"open","sticky":false,"template":"","format":"standard","meta":{"_bbp_topic_count":0,"_bbp_reply_count":0,"_bbp_total_topic_count":0,"_bbp_total_reply_count":0,"_bbp_voice_count":0,"_bbp_anonymous_reply_count":0,"_bbp_topic_count_hidden":0,"_bbp_reply_count_hidden":0,"_bbp_forum_subforum_count":0,"site-sidebar-layout":"default","site-content-layout":"","ast-site-content-layout":"","site-content-style":"default","site-sidebar-style":"default","ast-global-header-display":"","ast-banner-title-visibility":"","ast-main-header-display":"","ast-hfb-above-header-display":"","ast-hfb-below-header-display":"","ast-hfb-mobile-header-display":"","site-post-title":"","ast-breadcrumbs-content":"","ast-featured-img":"","footer-sml-layout":"","theme-transparent-header-meta":"","adv-header-id-meta":"","stick-header-meta":"","header-above-stick-meta":"","header-main-stick-meta":"","header-below-stick-meta":"","astra-migrate-meta-layouts":"default","ast-page-background-enabled":"default","ast-page-background-meta":{"desktop":{"background-color":"var(--ast-global-color-4)","background-image":"","background-repeat":"repeat","background-position":"center center","background-size":"auto","background-attachment":"scroll","background-type":"","background-media":"","overlay-type":"","overlay-color":"","overlay-opacity":"","overlay-gradient":""},"tablet":{"background-color":"","background-image":"","background-repeat":"repeat","background-position":"center center","background-size":"auto","background-attachment":"scroll","background-type":"","background-media":"","overlay-type":"","overlay-color":"","overlay-opacity":"","overlay-gradient":""},"mobile":{"background-color":"","background-image":"","background-repeat":"repeat","background-position":"center center","background-size":"auto","background-attachment":"scroll","background-type":"","background-media":"","overlay-type":"","overlay-color":"","overlay-opacity":"","overlay-gradient":""}},"ast-content-background-meta":{"desktop":{"background-color":"var(--ast-global-color-5)","background-image":"","background-repeat":"repeat","background-position":"center center","background-size":"auto","background-attachment":"scroll","background-type":"","background-media":"","overlay-type":"","overlay-color":"","overlay-opacity":"","overlay-gradient":""},"tablet":{"background-color":"var(--ast-global-color-5)","background-image":"","background-repeat":"repeat","background-position":"center center","background-size":"auto","background-attachment":"scroll","background-type":"","background-media":"","overlay-type":"","overlay-color":"","overlay-opacity":"","overlay-gradient":""},"mobile":{"background-color":"var(--ast-global-color-5)","background-image":"","background-repeat":"repeat","background-position":"center center","background-size":"auto","background-attachment":"scroll","background-type":"","background-media":"","overlay-type":"","overlay-color":"","overlay-opacity":"","overlay-gradient":""}},"footnotes":""},"categories":[214,212],"tags":[],"class_list":["post-14168","post","type-post","status-publish","format-standard","has-post-thumbnail","hentry","category-actualitat","category-musica"],"post_mailing_queue_ids":[],"_links":{"self":[{"href":"https:\/\/agora.xtec.cat\/iessantfeliu\/wp-json\/wp\/v2\/posts\/14168","targetHints":{"allow":["GET"]}}],"collection":[{"href":"https:\/\/agora.xtec.cat\/iessantfeliu\/wp-json\/wp\/v2\/posts"}],"about":[{"href":"https:\/\/agora.xtec.cat\/iessantfeliu\/wp-json\/wp\/v2\/types\/post"}],"author":[{"embeddable":true,"href":"https:\/\/agora.xtec.cat\/iessantfeliu\/wp-json\/wp\/v2\/users\/28"}],"replies":[{"embeddable":true,"href":"https:\/\/agora.xtec.cat\/iessantfeliu\/wp-json\/wp\/v2\/comments?post=14168"}],"version-history":[{"count":6,"href":"https:\/\/agora.xtec.cat\/iessantfeliu\/wp-json\/wp\/v2\/posts\/14168\/revisions"}],"predecessor-version":[{"id":14228,"href":"https:\/\/agora.xtec.cat\/iessantfeliu\/wp-json\/wp\/v2\/posts\/14168\/revisions\/14228"}],"wp:featuredmedia":[{"embeddable":true,"href":"https:\/\/agora.xtec.cat\/iessantfeliu\/wp-json\/wp\/v2\/media\/14227"}],"wp:attachment":[{"href":"https:\/\/agora.xtec.cat\/iessantfeliu\/wp-json\/wp\/v2\/media?parent=14168"}],"wp:term":[{"taxonomy":"category","embeddable":true,"href":"https:\/\/agora.xtec.cat\/iessantfeliu\/wp-json\/wp\/v2\/categories?post=14168"},{"taxonomy":"post_tag","embeddable":true,"href":"https:\/\/agora.xtec.cat\/iessantfeliu\/wp-json\/wp\/v2\/tags?post=14168"}],"curies":[{"name":"wp","href":"https:\/\/api.w.org\/{rel}","templated":true}]}}