{"id":11227,"date":"2024-02-29T12:26:50","date_gmt":"2024-02-29T11:26:50","guid":{"rendered":"https:\/\/agora.xtec.cat\/iessantfeliu\/?p=11227"},"modified":"2024-02-29T12:30:55","modified_gmt":"2024-02-29T11:30:55","slug":"visita-conjunt-monumental-de-sant-pere-de-rodes","status":"publish","type":"post","link":"https:\/\/agora.xtec.cat\/iessantfeliu\/general\/visita-conjunt-monumental-de-sant-pere-de-rodes\/","title":{"rendered":"Visita conjunt monumental de Sant Pere de Rodes"},"content":{"rendered":"<p>El passat 8 de febrer l&#8217;alumnat de 2nESO\u00a0 va visitar el Conjunt Monumental de Sant Pere de Rodes (Port de la Selva), que consta d&#8217;un monestir, un castell i un poblat medieval. Un conjunt de ru\u00efnes d&#8217;un gran valor hist\u00f2ric i cultural.<\/p>\n<p>De fet, a partir de les edificacions del conjunt monestir-castell-poblat pot extreure&#8217;s en ess\u00e8ncia l&#8217;organitzaci\u00f3 social de l&#8217;Edat Mitjana:<\/p>\n<p>1- els que resen al monestir (oratores),<\/p>\n<p>2- els que treballen les terres del monestir i que viuen al poblat (laboratores) i,<\/p>\n<p>3- els que lluiten, vigilen i defensen als dos anteriors grups des del Castell de Verdera, situat a uns 670 m per sobre del nivell del mar.<\/p>\n<p>De qui s&#8217;havien de defensar aquesta part de poblaci\u00f3 del Comtat d&#8217;Emp\u00faries?<\/p>\n<p>De musulmans andalusins, de pirates o d&#8217;un ambici\u00f3s noble cristi\u00e0!<\/p>\n<p>Nogensmenys, fos qui fos l&#8217;enemic, qui volgu\u00e9s atacar el Castell, havia d&#8217;ascendir uns quants centenars de metres per un cam\u00ed tortu\u00f3s amb un desnivell del 20%, que \u00e9s el que van fer els nostres valents alumnes.<\/p>\n<p>Pr\u00e8viament, a l&#8217;aula, vam aprendre qu\u00e8 era un monestir, qui hi vivia, quines activitats crucials realitzaven i quina era la seva import\u00e0ncia a l&#8217;Edat Mitjana.<\/p>\n<p>Ai! Si no fos per aquells an\u00f2nims monjos copistes medievals no ens hagu\u00e9s arribat el coneixement dels grecs, egipcis i romans, un coneixement b\u00e0sic a partir del qual, en part, ha pogut construir-se i evolucionar la ci\u00e8ncia i, de retruc, el nostre m\u00f3n actual.<\/p>\n<p>El <a href=\"https:\/\/drive.google.com\/file\/d\/1DChbk92b5oOu7Z9DobvCLzsiCDhPhS8J\/view?usp=sharing\">v\u00eddeo<\/a> \u00e9s una mostra del que all\u00e0 va succeir i que, de ben segur, ser\u00e0 dif\u00edcil d&#8217;oblidar.<\/p>\n<p>Els murs del monestir de Sant Pere de Rodes foren, un cop m\u00e9s, testimonis inerts de la nostra viva pres\u00e8ncia com a &#8220;estudiants d&#8217;arqueologia del segle XIX&#8221;.<\/p>\n<p><a href=\"https:\/\/agora.xtec.cat\/iessantfeliu\/wp-content\/uploads\/usu232\/2024\/02\/rlm161103_080bx_0.jpg\"><img loading=\"lazy\" decoding=\"async\" class=\"size-large wp-image-11228 aligncenter\" src=\"https:\/\/agora.xtec.cat\/iessantfeliu\/wp-content\/uploads\/usu232\/2024\/02\/rlm161103_080bx_0-1024x435.jpg\" alt=\"\" width=\"1024\" height=\"435\" srcset=\"https:\/\/agora.xtec.cat\/iessantfeliu\/wp-content\/uploads\/usu232\/2024\/02\/rlm161103_080bx_0-1024x435.jpg 1024w, https:\/\/agora.xtec.cat\/iessantfeliu\/wp-content\/uploads\/usu232\/2024\/02\/rlm161103_080bx_0-300x128.jpg 300w, https:\/\/agora.xtec.cat\/iessantfeliu\/wp-content\/uploads\/usu232\/2024\/02\/rlm161103_080bx_0-768x326.jpg 768w, https:\/\/agora.xtec.cat\/iessantfeliu\/wp-content\/uploads\/usu232\/2024\/02\/rlm161103_080bx_0-1536x653.jpg 1536w, https:\/\/agora.xtec.cat\/iessantfeliu\/wp-content\/uploads\/usu232\/2024\/02\/rlm161103_080bx_0.jpg 2000w\" sizes=\"auto, (max-width: 1024px) 100vw, 1024px\" \/><\/a><\/p>\n<p><a href=\"https:\/\/agora.xtec.cat\/iessantfeliu\/wp-content\/uploads\/usu232\/2024\/02\/2_Foto01_11Sta-Creu-de-Rodes\u00a9PepoSegura_web.jpg\"><img loading=\"lazy\" decoding=\"async\" class=\"size-large wp-image-11229 aligncenter\" src=\"https:\/\/agora.xtec.cat\/iessantfeliu\/wp-content\/uploads\/usu232\/2024\/02\/2_Foto01_11Sta-Creu-de-Rodes\u00a9PepoSegura_web.jpg\" alt=\"\" width=\"820\" height=\"350\" srcset=\"https:\/\/agora.xtec.cat\/iessantfeliu\/wp-content\/uploads\/usu232\/2024\/02\/2_Foto01_11Sta-Creu-de-Rodes\u00a9PepoSegura_web.jpg 820w, https:\/\/agora.xtec.cat\/iessantfeliu\/wp-content\/uploads\/usu232\/2024\/02\/2_Foto01_11Sta-Creu-de-Rodes\u00a9PepoSegura_web-300x128.jpg 300w, https:\/\/agora.xtec.cat\/iessantfeliu\/wp-content\/uploads\/usu232\/2024\/02\/2_Foto01_11Sta-Creu-de-Rodes\u00a9PepoSegura_web-768x328.jpg 768w\" sizes=\"auto, (max-width: 820px) 100vw, 820px\" \/><\/a><\/p>\n<p><a href=\"https:\/\/agora.xtec.cat\/iessantfeliu\/wp-content\/uploads\/usu232\/2024\/02\/1599px-Monasterio_Sant_Pere_de_Rodes.jpeg\"><img loading=\"lazy\" decoding=\"async\" class=\"size-large wp-image-11230 aligncenter\" src=\"https:\/\/agora.xtec.cat\/iessantfeliu\/wp-content\/uploads\/usu232\/2024\/02\/1599px-Monasterio_Sant_Pere_de_Rodes-1024x683.jpeg\" alt=\"\" width=\"1024\" height=\"683\" srcset=\"https:\/\/agora.xtec.cat\/iessantfeliu\/wp-content\/uploads\/usu232\/2024\/02\/1599px-Monasterio_Sant_Pere_de_Rodes-1024x683.jpeg 1024w, https:\/\/agora.xtec.cat\/iessantfeliu\/wp-content\/uploads\/usu232\/2024\/02\/1599px-Monasterio_Sant_Pere_de_Rodes-300x200.jpeg 300w, https:\/\/agora.xtec.cat\/iessantfeliu\/wp-content\/uploads\/usu232\/2024\/02\/1599px-Monasterio_Sant_Pere_de_Rodes-768x512.jpeg 768w, https:\/\/agora.xtec.cat\/iessantfeliu\/wp-content\/uploads\/usu232\/2024\/02\/1599px-Monasterio_Sant_Pere_de_Rodes-1536x1024.jpeg 1536w, https:\/\/agora.xtec.cat\/iessantfeliu\/wp-content\/uploads\/usu232\/2024\/02\/1599px-Monasterio_Sant_Pere_de_Rodes.jpeg 1599w\" sizes=\"auto, (max-width: 1024px) 100vw, 1024px\" \/><\/a><\/p>\n","protected":false},"excerpt":{"rendered":"<p>VISITA CONJUNT MONUMENTAL DE SANT PERE DE RODES 2n ESO.&hellip;  <a href=\"https:\/\/agora.xtec.cat\/iessantfeliu\/general\/visita-conjunt-monumental-de-sant-pere-de-rodes\/\" title=\"Read Visita conjunt monumental de Sant Pere de Rodes\">Llegeix m\u00e9s\u00bb<\/a><\/p>\n","protected":false},"author":1,"featured_media":11231,"comment_status":"closed","ping_status":"closed","sticky":false,"template":"","format":"standard","meta":{"_bbp_topic_count":0,"_bbp_reply_count":0,"_bbp_total_topic_count":0,"_bbp_total_reply_count":0,"_bbp_voice_count":0,"_bbp_anonymous_reply_count":0,"_bbp_topic_count_hidden":0,"_bbp_reply_count_hidden":0,"_bbp_forum_subforum_count":0,"footnotes":""},"categories":[57,1],"tags":[],"class_list":["post-11227","post","type-post","status-publish","format-standard","has-post-thumbnail","hentry","category-2n-eso","category-general"],"post_mailing_queue_ids":[],"_links":{"self":[{"href":"https:\/\/agora.xtec.cat\/iessantfeliu\/wp-json\/wp\/v2\/posts\/11227","targetHints":{"allow":["GET"]}}],"collection":[{"href":"https:\/\/agora.xtec.cat\/iessantfeliu\/wp-json\/wp\/v2\/posts"}],"about":[{"href":"https:\/\/agora.xtec.cat\/iessantfeliu\/wp-json\/wp\/v2\/types\/post"}],"author":[{"embeddable":true,"href":"https:\/\/agora.xtec.cat\/iessantfeliu\/wp-json\/wp\/v2\/users\/1"}],"replies":[{"embeddable":true,"href":"https:\/\/agora.xtec.cat\/iessantfeliu\/wp-json\/wp\/v2\/comments?post=11227"}],"version-history":[{"count":3,"href":"https:\/\/agora.xtec.cat\/iessantfeliu\/wp-json\/wp\/v2\/posts\/11227\/revisions"}],"predecessor-version":[{"id":11234,"href":"https:\/\/agora.xtec.cat\/iessantfeliu\/wp-json\/wp\/v2\/posts\/11227\/revisions\/11234"}],"wp:featuredmedia":[{"embeddable":true,"href":"https:\/\/agora.xtec.cat\/iessantfeliu\/wp-json\/wp\/v2\/media\/11231"}],"wp:attachment":[{"href":"https:\/\/agora.xtec.cat\/iessantfeliu\/wp-json\/wp\/v2\/media?parent=11227"}],"wp:term":[{"taxonomy":"category","embeddable":true,"href":"https:\/\/agora.xtec.cat\/iessantfeliu\/wp-json\/wp\/v2\/categories?post=11227"},{"taxonomy":"post_tag","embeddable":true,"href":"https:\/\/agora.xtec.cat\/iessantfeliu\/wp-json\/wp\/v2\/tags?post=11227"}],"curies":[{"name":"wp","href":"https:\/\/api.w.org\/{rel}","templated":true}]}}