{"id":10794,"date":"2024-01-25T11:08:05","date_gmt":"2024-01-25T10:08:05","guid":{"rendered":"https:\/\/agora.xtec.cat\/iessantfeliu\/?p=10794"},"modified":"2024-01-25T11:08:05","modified_gmt":"2024-01-25T10:08:05","slug":"cursos-gratuits","status":"publish","type":"post","link":"https:\/\/agora.xtec.cat\/iessantfeliu\/general\/cursos-gratuits\/","title":{"rendered":"cursos gratu\u00efts"},"content":{"rendered":"<p>El dia 01 de febrer de 9:30h a 11h comencem els cursos gratu\u00efts, per adults i joves, per aprendre a fer \u00fas del m\u00f2bil, correu electr\u00f2nic, banca digital, demanar cita pr\u00e8via m\u00e8dica, tr\u00e0mits per internet amb les administracions &#8230; i molt m\u00e9s!!<\/p>\n<p>S\u00f3n cursos de 15 hores i a la finalitzaci\u00f3 s&#8217;expedeix el certificat corresponent.<\/p>\n<p>Per inscriure&#8217;s o sol.licitar m\u00e9s informaci\u00f3 truqueu al 972.82.01.18 o per mail a:\u00a0<a href=\"mailto:institut@isantfeliu.net\">institut@isantfeliu.net<\/a><\/p>\n<p>&nbsp;<\/p>\n<p><a href=\"https:\/\/agora.xtec.cat\/iessantfeliu\/wp-content\/uploads\/usu232\/2024\/01\/Disseny-sense-titol.png\"><img loading=\"lazy\" decoding=\"async\" class=\"alignnone size-large wp-image-10796\" src=\"https:\/\/agora.xtec.cat\/iessantfeliu\/wp-content\/uploads\/usu232\/2024\/01\/Disseny-sense-titol-1024x1024.png\" alt=\"\" width=\"1024\" height=\"1024\" srcset=\"https:\/\/agora.xtec.cat\/iessantfeliu\/wp-content\/uploads\/usu232\/2024\/01\/Disseny-sense-titol-1024x1024.png 1024w, https:\/\/agora.xtec.cat\/iessantfeliu\/wp-content\/uploads\/usu232\/2024\/01\/Disseny-sense-titol-300x300.png 300w, https:\/\/agora.xtec.cat\/iessantfeliu\/wp-content\/uploads\/usu232\/2024\/01\/Disseny-sense-titol-150x150.png 150w, https:\/\/agora.xtec.cat\/iessantfeliu\/wp-content\/uploads\/usu232\/2024\/01\/Disseny-sense-titol-768x768.png 768w, https:\/\/agora.xtec.cat\/iessantfeliu\/wp-content\/uploads\/usu232\/2024\/01\/Disseny-sense-titol.png 1080w\" sizes=\"auto, (max-width: 1024px) 100vw, 1024px\" \/><\/a><\/p>\n","protected":false},"excerpt":{"rendered":"<p>CURS GRATU\u00cfT DE CAPACITACI\u00d3 DIGITAL&hellip;  <a href=\"https:\/\/agora.xtec.cat\/iessantfeliu\/general\/cursos-gratuits\/\" title=\"Read cursos gratu\u00efts\">Llegeix m\u00e9s\u00bb<\/a><\/p>\n","protected":false},"author":1,"featured_media":10797,"comment_status":"closed","ping_status":"closed","sticky":false,"template":"","format":"standard","meta":{"_bbp_topic_count":0,"_bbp_reply_count":0,"_bbp_total_topic_count":0,"_bbp_total_reply_count":0,"_bbp_voice_count":0,"_bbp_anonymous_reply_count":0,"_bbp_topic_count_hidden":0,"_bbp_reply_count_hidden":0,"_bbp_forum_subforum_count":0,"footnotes":""},"categories":[1],"tags":[],"class_list":["post-10794","post","type-post","status-publish","format-standard","has-post-thumbnail","hentry","category-general"],"post_mailing_queue_ids":[],"_links":{"self":[{"href":"https:\/\/agora.xtec.cat\/iessantfeliu\/wp-json\/wp\/v2\/posts\/10794","targetHints":{"allow":["GET"]}}],"collection":[{"href":"https:\/\/agora.xtec.cat\/iessantfeliu\/wp-json\/wp\/v2\/posts"}],"about":[{"href":"https:\/\/agora.xtec.cat\/iessantfeliu\/wp-json\/wp\/v2\/types\/post"}],"author":[{"embeddable":true,"href":"https:\/\/agora.xtec.cat\/iessantfeliu\/wp-json\/wp\/v2\/users\/1"}],"replies":[{"embeddable":true,"href":"https:\/\/agora.xtec.cat\/iessantfeliu\/wp-json\/wp\/v2\/comments?post=10794"}],"version-history":[{"count":1,"href":"https:\/\/agora.xtec.cat\/iessantfeliu\/wp-json\/wp\/v2\/posts\/10794\/revisions"}],"predecessor-version":[{"id":10798,"href":"https:\/\/agora.xtec.cat\/iessantfeliu\/wp-json\/wp\/v2\/posts\/10794\/revisions\/10798"}],"wp:featuredmedia":[{"embeddable":true,"href":"https:\/\/agora.xtec.cat\/iessantfeliu\/wp-json\/wp\/v2\/media\/10797"}],"wp:attachment":[{"href":"https:\/\/agora.xtec.cat\/iessantfeliu\/wp-json\/wp\/v2\/media?parent=10794"}],"wp:term":[{"taxonomy":"category","embeddable":true,"href":"https:\/\/agora.xtec.cat\/iessantfeliu\/wp-json\/wp\/v2\/categories?post=10794"},{"taxonomy":"post_tag","embeddable":true,"href":"https:\/\/agora.xtec.cat\/iessantfeliu\/wp-json\/wp\/v2\/tags?post=10794"}],"curies":[{"name":"wp","href":"https:\/\/api.w.org\/{rel}","templated":true}]}}