{"id":9992,"date":"2023-09-27T17:48:19","date_gmt":"2023-09-27T15:48:19","guid":{"rendered":"https:\/\/agora.xtec.cat\/iessantaeugenia\/?p=9992"},"modified":"2023-10-02T10:12:00","modified_gmt":"2023-10-02T08:12:00","slug":"sortida-de-cohesio-de-3r-deso","status":"publish","type":"post","link":"https:\/\/agora.xtec.cat\/iessantaeugenia\/portada\/sortida-de-cohesio-de-3r-deso\/","title":{"rendered":"Sortida de cohesi\u00f3 de 3r D&#8217;ESO"},"content":{"rendered":"<p>Aquest mes de setembre els nois i noies de 3r d\u2019ESO han fet una visita a la catedral de Girona i a la Devesa. Un cop all\u00e0, se\u2019ls ha repartit unes l\u00e0mines i han dibuixat el que m\u00e9s els ha agradat de la catedral i voltants. A la Devesa han pogut gaudir una bona estona dels jocs tradicionals de sempre.<\/p>\n<p>Aquesta sortida, ben segur, servir\u00e0 per millorar el funcionament de l\u2019aula, tot potenciant-ne la confian\u00e7a, la col\u00b7laboraci\u00f3, el respecte i la sensaci\u00f3 d\u2019uni\u00f3 dins del grup.<\/p>\n<p>Cliqueu sobre l&#8217;enlla\u00e7 si voleu m\u00e9s informaci\u00f3 <a href=\"https:\/\/youtu.be\/br5mBxEW-fc?si=sTBpL6p8euJUhoH9\">https:\/\/youtu.be\/br5mBxEW-fc?si=sTBpL6p8euJUhoH9<\/a><\/p>\n<p><a href=\"https:\/\/agora.xtec.cat\/iessantaeugenia\/wp-content\/uploads\/usu1801\/2023\/09\/FOTO-4.jpg\"><img loading=\"lazy\" decoding=\"async\" class=\"alignnone wp-image-9994\" src=\"https:\/\/agora.xtec.cat\/iessantaeugenia\/wp-content\/uploads\/usu1801\/2023\/09\/FOTO-4-300x169.jpg\" alt=\"\" width=\"463\" height=\"261\" srcset=\"https:\/\/agora.xtec.cat\/iessantaeugenia\/wp-content\/uploads\/usu1801\/2023\/09\/FOTO-4-300x169.jpg 300w, https:\/\/agora.xtec.cat\/iessantaeugenia\/wp-content\/uploads\/usu1801\/2023\/09\/FOTO-4-1024x576.jpg 1024w, https:\/\/agora.xtec.cat\/iessantaeugenia\/wp-content\/uploads\/usu1801\/2023\/09\/FOTO-4-768x432.jpg 768w, https:\/\/agora.xtec.cat\/iessantaeugenia\/wp-content\/uploads\/usu1801\/2023\/09\/FOTO-4.jpg 1280w\" sizes=\"auto, (max-width: 463px) 100vw, 463px\" \/><\/a>\u00a0 \u00a0 <a href=\"https:\/\/agora.xtec.cat\/iessantaeugenia\/wp-content\/uploads\/usu1801\/2023\/09\/FOTO-3.jpg\"><img loading=\"lazy\" decoding=\"async\" class=\"alignnone wp-image-9996\" src=\"https:\/\/agora.xtec.cat\/iessantaeugenia\/wp-content\/uploads\/usu1801\/2023\/09\/FOTO-3-169x300.jpg\" alt=\"\" width=\"148\" height=\"262\" srcset=\"https:\/\/agora.xtec.cat\/iessantaeugenia\/wp-content\/uploads\/usu1801\/2023\/09\/FOTO-3-169x300.jpg 169w, https:\/\/agora.xtec.cat\/iessantaeugenia\/wp-content\/uploads\/usu1801\/2023\/09\/FOTO-3-576x1024.jpg 576w, https:\/\/agora.xtec.cat\/iessantaeugenia\/wp-content\/uploads\/usu1801\/2023\/09\/FOTO-3.jpg 720w\" sizes=\"auto, (max-width: 148px) 100vw, 148px\" \/><\/a><\/p>\n<p>&nbsp;<\/p>\n","protected":false},"excerpt":{"rendered":"<p>Aquest mes de setembre els nois i noies de 3r d\u2019ESO han fet una visita a la catedral de Girona i a la Devesa. Un cop all\u00e0, se\u2019ls ha repartit unes l\u00e0mines i han dibuixat el que m\u00e9s els ha agradat de la catedral i&hellip;  <a href=\"https:\/\/agora.xtec.cat\/iessantaeugenia\/portada\/sortida-de-cohesio-de-3r-deso\/\" title=\"Read Sortida de cohesi\u00f3 de 3r D&#8217;ESO\">Llegeix m\u00e9s\u00bb<\/a><\/p>\n","protected":false},"author":1,"featured_media":9993,"comment_status":"closed","ping_status":"closed","sticky":false,"template":"","format":"standard","meta":{"_bbp_topic_count":0,"_bbp_reply_count":0,"_bbp_total_topic_count":0,"_bbp_total_reply_count":0,"_bbp_voice_count":0,"_bbp_anonymous_reply_count":0,"_bbp_topic_count_hidden":0,"_bbp_reply_count_hidden":0,"_bbp_forum_subforum_count":0,"footnotes":""},"categories":[29],"tags":[],"class_list":["post-9992","post","type-post","status-publish","format-standard","has-post-thumbnail","hentry","category-portada"],"post_mailing_queue_ids":[],"_links":{"self":[{"href":"https:\/\/agora.xtec.cat\/iessantaeugenia\/wp-json\/wp\/v2\/posts\/9992","targetHints":{"allow":["GET"]}}],"collection":[{"href":"https:\/\/agora.xtec.cat\/iessantaeugenia\/wp-json\/wp\/v2\/posts"}],"about":[{"href":"https:\/\/agora.xtec.cat\/iessantaeugenia\/wp-json\/wp\/v2\/types\/post"}],"author":[{"embeddable":true,"href":"https:\/\/agora.xtec.cat\/iessantaeugenia\/wp-json\/wp\/v2\/users\/1"}],"replies":[{"embeddable":true,"href":"https:\/\/agora.xtec.cat\/iessantaeugenia\/wp-json\/wp\/v2\/comments?post=9992"}],"version-history":[{"count":3,"href":"https:\/\/agora.xtec.cat\/iessantaeugenia\/wp-json\/wp\/v2\/posts\/9992\/revisions"}],"predecessor-version":[{"id":10012,"href":"https:\/\/agora.xtec.cat\/iessantaeugenia\/wp-json\/wp\/v2\/posts\/9992\/revisions\/10012"}],"wp:featuredmedia":[{"embeddable":true,"href":"https:\/\/agora.xtec.cat\/iessantaeugenia\/wp-json\/wp\/v2\/media\/9993"}],"wp:attachment":[{"href":"https:\/\/agora.xtec.cat\/iessantaeugenia\/wp-json\/wp\/v2\/media?parent=9992"}],"wp:term":[{"taxonomy":"category","embeddable":true,"href":"https:\/\/agora.xtec.cat\/iessantaeugenia\/wp-json\/wp\/v2\/categories?post=9992"},{"taxonomy":"post_tag","embeddable":true,"href":"https:\/\/agora.xtec.cat\/iessantaeugenia\/wp-json\/wp\/v2\/tags?post=9992"}],"curies":[{"name":"wp","href":"https:\/\/api.w.org\/{rel}","templated":true}]}}