{"id":9960,"date":"2023-09-20T16:24:15","date_gmt":"2023-09-20T14:24:15","guid":{"rendered":"https:\/\/agora.xtec.cat\/iessantaeugenia\/?p=9960"},"modified":"2024-02-12T13:00:41","modified_gmt":"2024-02-12T12:00:41","slug":"el-pla-dimpuls-arriba-al-santa-eugenia","status":"publish","type":"post","link":"https:\/\/agora.xtec.cat\/iessantaeugenia\/general\/el-pla-dimpuls-arriba-al-santa-eugenia\/","title":{"rendered":"El Pla d&#8217;Impuls arriba al Santa Eug\u00e8nia"},"content":{"rendered":"<p>Fes la maleta i posa\u2019t en marxa!<\/p>\n<p><a href=\"https:\/\/agora.xtec.cat\/iessantaeugenia\/wp-content\/uploads\/usu1801\/2023\/09\/3.png\"><img loading=\"lazy\" decoding=\"async\" class=\"alignnone wp-image-9958\" src=\"https:\/\/agora.xtec.cat\/iessantaeugenia\/wp-content\/uploads\/usu1801\/2023\/09\/3-300x135.png\" alt=\"\" width=\"324\" height=\"146\" srcset=\"https:\/\/agora.xtec.cat\/iessantaeugenia\/wp-content\/uploads\/usu1801\/2023\/09\/3-300x135.png 300w, https:\/\/agora.xtec.cat\/iessantaeugenia\/wp-content\/uploads\/usu1801\/2023\/09\/3.png 510w\" sizes=\"auto, (max-width: 324px) 100vw, 324px\" \/><\/a><\/p>\n<p>Enguany l&#8217;institut Santa Eug\u00e8nia entra a formar part de la fam\u00edlia PILE (Programa d\u2019Impuls de Lleng\u00fces Estrangeres), un projecte finan\u00e7at pels fons del Mecanisme de Recuperaci\u00f3 i Resili\u00e8ncia i el fons REACT-EU.<\/p>\n<p>L&#8217;institut presenta una s\u00e8rie de propostes destinades a millorar la compet\u00e8ncia comunicativa dels estudiants en angl\u00e8s i s&#8217;adre\u00e7a a quatre cicles d\u2019FP: els cicles formatius de grau mitj\u00e0 d&#8217;Activitats comercials, Obres d\u2019interior i Preimpressi\u00f3 digital, i el cicle de grau superior de Gesti\u00f3 de Vendes i Espais Comercials.<\/p>\n<p>Gr\u00e0cies a l&#8217;ensenyament de continguts t\u00e8cnics i te\u00f2rics en angl\u00e8s i al suport d&#8217;un auxiliar de conversa, els alumnes perfeccionen les seves habilitats adquirint nous h\u00e0bits ling\u00fc\u00edstics. En finalitzar el cicle, que t\u00e9 una durada de dos cursos acad\u00e8mics, els alumnes podran fer un examen per obtenir el t\u00edtol oficial d&#8217;angl\u00e8s i durant el recorregut realitzaran experi\u00e8ncies formatives d&#8217;immersi\u00f3 ling\u00fc\u00edstica a l&#8217;estranger.<\/p>\n<p>Un projecte ambici\u00f3s que ens permetr\u00e0 familiaritzar-nos cada cop m\u00e9s amb una llengua capdavantera en l&#8217;entorn global, tot afavorint el creixement professional i personal de l&#8217;estudiant.<\/p>\n<p><strong>Nom\u00e9s ens queda desitjar-vos un bon viatge! Endavant les atxes! Full steam ahead!\u00a0<\/strong><\/p>\n<p><a href=\"https:\/\/agora.xtec.cat\/iessantaeugenia\/wp-content\/uploads\/usu1801\/2023\/09\/1.jpg\"><img loading=\"lazy\" decoding=\"async\" class=\"size-medium wp-image-9961 alignleft\" src=\"https:\/\/agora.xtec.cat\/iessantaeugenia\/wp-content\/uploads\/usu1801\/2023\/09\/1-300x200.jpg\" alt=\"\" width=\"300\" height=\"200\" srcset=\"https:\/\/agora.xtec.cat\/iessantaeugenia\/wp-content\/uploads\/usu1801\/2023\/09\/1-300x200.jpg 300w, https:\/\/agora.xtec.cat\/iessantaeugenia\/wp-content\/uploads\/usu1801\/2023\/09\/1-1024x682.jpg 1024w, https:\/\/agora.xtec.cat\/iessantaeugenia\/wp-content\/uploads\/usu1801\/2023\/09\/1-768x512.jpg 768w, https:\/\/agora.xtec.cat\/iessantaeugenia\/wp-content\/uploads\/usu1801\/2023\/09\/1-1536x1023.jpg 1536w, https:\/\/agora.xtec.cat\/iessantaeugenia\/wp-content\/uploads\/usu1801\/2023\/09\/1.jpg 1600w\" sizes=\"auto, (max-width: 300px) 100vw, 300px\" \/><\/a><\/p>\n","protected":false},"excerpt":{"rendered":"<p>Fes la maleta i posa\u2019t en marxa!<br \/>\n<a href=\"https:\/\/agora.xtec.cat\/iessantaeugenia\/wp-content\/uploads\/usu1801\/2023\/09\/3.png\"><\/a><br \/>\nEnguany l&#8217;institut Santa Eug\u00e8nia entra a formar part de la fam\u00edlia PILE (Programa d\u2019Impuls de Lleng\u00fces Estrangeres), un projecte finan\u00e7at pels fons del Mecanisme de Recuperaci\u00f3 i Resili\u00e8ncia i el fons REACT-EU.<br \/>\nL&#8217;institut presenta una s\u00e8rie de propostes destinades&hellip;  <a href=\"https:\/\/agora.xtec.cat\/iessantaeugenia\/general\/el-pla-dimpuls-arriba-al-santa-eugenia\/\" title=\"Read El Pla d&#8217;Impuls arriba al Santa Eug\u00e8nia\">Llegeix m\u00e9s\u00bb<\/a><\/p>\n","protected":false},"author":1,"featured_media":9961,"comment_status":"closed","ping_status":"closed","sticky":false,"template":"","format":"standard","meta":{"_bbp_topic_count":0,"_bbp_reply_count":0,"_bbp_total_topic_count":0,"_bbp_total_reply_count":0,"_bbp_voice_count":0,"_bbp_anonymous_reply_count":0,"_bbp_topic_count_hidden":0,"_bbp_reply_count_hidden":0,"_bbp_forum_subforum_count":0,"footnotes":""},"categories":[1,29],"tags":[],"class_list":["post-9960","post","type-post","status-publish","format-standard","has-post-thumbnail","hentry","category-general","category-portada"],"post_mailing_queue_ids":[],"_links":{"self":[{"href":"https:\/\/agora.xtec.cat\/iessantaeugenia\/wp-json\/wp\/v2\/posts\/9960","targetHints":{"allow":["GET"]}}],"collection":[{"href":"https:\/\/agora.xtec.cat\/iessantaeugenia\/wp-json\/wp\/v2\/posts"}],"about":[{"href":"https:\/\/agora.xtec.cat\/iessantaeugenia\/wp-json\/wp\/v2\/types\/post"}],"author":[{"embeddable":true,"href":"https:\/\/agora.xtec.cat\/iessantaeugenia\/wp-json\/wp\/v2\/users\/1"}],"replies":[{"embeddable":true,"href":"https:\/\/agora.xtec.cat\/iessantaeugenia\/wp-json\/wp\/v2\/comments?post=9960"}],"version-history":[{"count":3,"href":"https:\/\/agora.xtec.cat\/iessantaeugenia\/wp-json\/wp\/v2\/posts\/9960\/revisions"}],"predecessor-version":[{"id":10340,"href":"https:\/\/agora.xtec.cat\/iessantaeugenia\/wp-json\/wp\/v2\/posts\/9960\/revisions\/10340"}],"wp:featuredmedia":[{"embeddable":true,"href":"https:\/\/agora.xtec.cat\/iessantaeugenia\/wp-json\/wp\/v2\/media\/9961"}],"wp:attachment":[{"href":"https:\/\/agora.xtec.cat\/iessantaeugenia\/wp-json\/wp\/v2\/media?parent=9960"}],"wp:term":[{"taxonomy":"category","embeddable":true,"href":"https:\/\/agora.xtec.cat\/iessantaeugenia\/wp-json\/wp\/v2\/categories?post=9960"},{"taxonomy":"post_tag","embeddable":true,"href":"https:\/\/agora.xtec.cat\/iessantaeugenia\/wp-json\/wp\/v2\/tags?post=9960"}],"curies":[{"name":"wp","href":"https:\/\/api.w.org\/{rel}","templated":true}]}}