{"id":9809,"date":"2022-12-14T10:32:53","date_gmt":"2022-12-14T09:32:53","guid":{"rendered":"https:\/\/agora.xtec.cat\/iessantaeugenia\/?p=9809"},"modified":"2023-07-14T08:53:11","modified_gmt":"2023-07-14T06:53:11","slug":"la-biblioteca-al-servei-de-la-comunitat-educativa","status":"publish","type":"post","link":"https:\/\/agora.xtec.cat\/iessantaeugenia\/general\/la-biblioteca-al-servei-de-la-comunitat-educativa\/","title":{"rendered":"La Biblioteca al servei de la comunitat educativa"},"content":{"rendered":"<div>\n<p><span style=\"font-family: arial, sans-serif;\">Els centres p\u00fablics compten amb equipaments que van m\u00e9s enll\u00e0 del treball a l&#8217;aula. Un d&#8217;aquests equipaments s\u00f3n les Biblioteques, uns espais de formaci\u00f3, on tamb\u00e9 s&#8217;hi pot <strong>estudiar o treballar<\/strong>\u00a0aprofitant l\u2019ambient de tranquil\u00b7litat i silenci; i\u00a0fer servir els\u00a0<strong>ordinadors\u00a0<\/strong>per a realitzar treballs o per fer consultes a\u00a0<strong>Internet.<\/strong><\/span><\/p>\n<p><span style=\"font-family: arial, sans-serif;\">La biblioteca de l\u2019<strong>Institut Santa Eug\u00e8nia #isantaeugenia de #girona <\/strong>\u00e9s un\u00a0servei<strong>\u00a0<\/strong>adre\u00e7at a la\u00a0<strong>comunitat educativa<\/strong>\u00a0pel desenvolupament del\u00a0curr\u00edculum i durant les hores d&#8217;obertura els alumnes poden demanar\u00a0<strong>en pr\u00e9stec<\/strong>\u00a0aquells llibres que necessiten, amb atenci\u00f3 bibliotec\u00e0ria, que vetlla, organitza i els ajuda si ho requereixen.<\/span><\/p>\n<\/div>\n<div><span style=\"font-family: arial, sans-serif;\">Cada curs hi ha nous llibres que es compren segons demanda de llibres m\u00e9s sol\u00b7licitats per l\u2019alumnat. Aquestes compres es fan gr\u00e0cies a les aportacions econ\u00f2miques com la de l\u2019Associaci\u00f3 de Mares i Pares (AMPA) de l\u2019Institut Santa Eug\u00e8nia o les subvencions de l\u2019Ajuntament de Girona.\u00a0<\/span><\/div>\n<div><span style=\"font-family: arial, sans-serif;\">\u00a0<\/span><\/div>\n<div><span style=\"font-family: arial, sans-serif;\">Gr\u00e0cies a les <b>Subvencions per a Biblioteques Escolars<\/b>\u00a0aportada per l&#8217;<b>Ajuntament de Girona <\/b>que permet seguir disposant d&#8217;un servei tan necessari al nostre centre.<\/span><\/div>\n<div><\/div>\n<div><\/div>\n<div><\/div>\n<div><\/div>\n<div><\/div>\n<div><a href=\"https:\/\/agora.xtec.cat\/iessantaeugenia\/wp-content\/uploads\/usu1801\/2023\/07\/BIBLIOTECA.png\"><img loading=\"lazy\" decoding=\"async\" class=\"alignnone size-medium wp-image-9810\" src=\"https:\/\/agora.xtec.cat\/iessantaeugenia\/wp-content\/uploads\/usu1801\/2023\/07\/BIBLIOTECA-300x300.png\" alt=\"\" width=\"300\" height=\"300\" srcset=\"https:\/\/agora.xtec.cat\/iessantaeugenia\/wp-content\/uploads\/usu1801\/2023\/07\/BIBLIOTECA-300x300.png 300w, https:\/\/agora.xtec.cat\/iessantaeugenia\/wp-content\/uploads\/usu1801\/2023\/07\/BIBLIOTECA-1024x1024.png 1024w, https:\/\/agora.xtec.cat\/iessantaeugenia\/wp-content\/uploads\/usu1801\/2023\/07\/BIBLIOTECA-150x150.png 150w, https:\/\/agora.xtec.cat\/iessantaeugenia\/wp-content\/uploads\/usu1801\/2023\/07\/BIBLIOTECA-768x768.png 768w, https:\/\/agora.xtec.cat\/iessantaeugenia\/wp-content\/uploads\/usu1801\/2023\/07\/BIBLIOTECA.png 1080w\" sizes=\"auto, (max-width: 300px) 100vw, 300px\" \/><\/a><\/div>\n","protected":false},"excerpt":{"rendered":"<p>Els centres p\u00fablics compten amb equipaments que van m\u00e9s enll\u00e0 del treball a l&#8217;aula. Un d&#8217;aquests equipaments s\u00f3n les Biblioteques, uns espais de formaci\u00f3, on tamb\u00e9 s&#8217;hi pot estudiar o treballar\u00a0aprofitant l\u2019ambient de tranquil\u00b7litat i silenci; i\u00a0fer servir els\u00a0ordinadors\u00a0per a realitzar treballs o per fer&hellip;  <a href=\"https:\/\/agora.xtec.cat\/iessantaeugenia\/general\/la-biblioteca-al-servei-de-la-comunitat-educativa\/\" title=\"Read La Biblioteca al servei de la comunitat educativa\">Llegeix m\u00e9s\u00bb<\/a><\/p>\n","protected":false},"author":1,"featured_media":9810,"comment_status":"closed","ping_status":"closed","sticky":false,"template":"","format":"standard","meta":{"_bbp_topic_count":0,"_bbp_reply_count":0,"_bbp_total_topic_count":0,"_bbp_total_reply_count":0,"_bbp_voice_count":0,"_bbp_anonymous_reply_count":0,"_bbp_topic_count_hidden":0,"_bbp_reply_count_hidden":0,"_bbp_forum_subforum_count":0,"footnotes":""},"categories":[1,29],"tags":[197,849,848],"class_list":["post-9809","post","type-post","status-publish","format-standard","has-post-thumbnail","hentry","category-general","category-portada","tag-biblioteques-de-girona","tag-serveis-comunitat-educativa","tag-subvencio-biblioteques-escolars"],"post_mailing_queue_ids":[],"_links":{"self":[{"href":"https:\/\/agora.xtec.cat\/iessantaeugenia\/wp-json\/wp\/v2\/posts\/9809","targetHints":{"allow":["GET"]}}],"collection":[{"href":"https:\/\/agora.xtec.cat\/iessantaeugenia\/wp-json\/wp\/v2\/posts"}],"about":[{"href":"https:\/\/agora.xtec.cat\/iessantaeugenia\/wp-json\/wp\/v2\/types\/post"}],"author":[{"embeddable":true,"href":"https:\/\/agora.xtec.cat\/iessantaeugenia\/wp-json\/wp\/v2\/users\/1"}],"replies":[{"embeddable":true,"href":"https:\/\/agora.xtec.cat\/iessantaeugenia\/wp-json\/wp\/v2\/comments?post=9809"}],"version-history":[{"count":3,"href":"https:\/\/agora.xtec.cat\/iessantaeugenia\/wp-json\/wp\/v2\/posts\/9809\/revisions"}],"predecessor-version":[{"id":9816,"href":"https:\/\/agora.xtec.cat\/iessantaeugenia\/wp-json\/wp\/v2\/posts\/9809\/revisions\/9816"}],"wp:featuredmedia":[{"embeddable":true,"href":"https:\/\/agora.xtec.cat\/iessantaeugenia\/wp-json\/wp\/v2\/media\/9810"}],"wp:attachment":[{"href":"https:\/\/agora.xtec.cat\/iessantaeugenia\/wp-json\/wp\/v2\/media?parent=9809"}],"wp:term":[{"taxonomy":"category","embeddable":true,"href":"https:\/\/agora.xtec.cat\/iessantaeugenia\/wp-json\/wp\/v2\/categories?post=9809"},{"taxonomy":"post_tag","embeddable":true,"href":"https:\/\/agora.xtec.cat\/iessantaeugenia\/wp-json\/wp\/v2\/tags?post=9809"}],"curies":[{"name":"wp","href":"https:\/\/api.w.org\/{rel}","templated":true}]}}