{"id":9685,"date":"2023-07-03T06:00:59","date_gmt":"2023-07-03T04:00:59","guid":{"rendered":"https:\/\/agora.xtec.cat\/iessantaeugenia\/?p=9685"},"modified":"2023-07-02T11:28:02","modified_gmt":"2023-07-02T09:28:02","slug":"9685","status":"publish","type":"post","link":"https:\/\/agora.xtec.cat\/iessantaeugenia\/general\/9685\/","title":{"rendered":"El primer de BAT marxa de vacances amb coneixements te\u00f2rics i pr\u00e0ctics de la programaci\u00f3 en activitats f\u00edsiques i esportives"},"content":{"rendered":"<p>El <strong>primer curs de Batxillerat<\/strong> de l&#8217;Institut ha marxat de vacances amb <strong>coneixements te\u00f2rics i pr\u00e0ctics<\/strong> de la programaci\u00f3 en <strong>activitats f\u00edsiques i esportives<\/strong>.<\/p>\n<p>La unitat did\u00e0ctica <strong><em>El meu talent d\u2019educaci\u00f3 f\u00edsica<\/em><\/strong>, que tancava el curs, ha tingut\u00a0com a prop\u00f2sit principal aprendre a <strong>programar sessions<\/strong> d\u2019activitats f\u00edsiques i esportives, i portar-les a la pr\u00e0ctica respectant els<strong> objectius<\/strong> espec\u00edfics de les diferents parts de la sessi\u00f3.<\/p>\n<p>Tot l\u2019alumnat ha escollit el seu talent i se n\u2019ha fet un expert te\u00f2ric, treballant els aspectes d<strong>&#8216;hist\u00f2ria<\/strong>, <strong>reglament<\/strong>, <strong>t\u00e8cnica<\/strong>, <strong>t\u00e0ctica<\/strong>, <strong>qualitats f\u00edsiques<\/strong> i <strong>habilitats motrius<\/strong>.<\/p>\n<p>A partir d\u2019aqu\u00ed, cada estudiant ha dissenyat i executat <strong>quatre sessions individuals<\/strong> per tal de millorar les diferents habilitats.<\/p>\n<p>Finalment, en grups <strong>per similitud d\u2019activitats<\/strong>, s\u2019ha dissenyat una sessi\u00f3 per a dirigir-la amb tots els companys de classe i, d&#8217;aquesta manera, poder <strong>compartir els talents<\/strong>.<\/p>\n<p><a href=\"https:\/\/agora.xtec.cat\/iessantaeugenia\/wp-content\/uploads\/usu1801\/2023\/07\/06_2023_PROGRAMACIO_TALENT_EDUCACIO_FISICA_1080X1080_1-min.png\"><img loading=\"lazy\" decoding=\"async\" class=\"alignnone wp-image-9699\" src=\"https:\/\/agora.xtec.cat\/iessantaeugenia\/wp-content\/uploads\/usu1801\/2023\/07\/06_2023_PROGRAMACIO_TALENT_EDUCACIO_FISICA_1080X1080_1-min-300x300.png\" alt=\"\" width=\"400\" height=\"400\" srcset=\"https:\/\/agora.xtec.cat\/iessantaeugenia\/wp-content\/uploads\/usu1801\/2023\/07\/06_2023_PROGRAMACIO_TALENT_EDUCACIO_FISICA_1080X1080_1-min-300x300.png 300w, https:\/\/agora.xtec.cat\/iessantaeugenia\/wp-content\/uploads\/usu1801\/2023\/07\/06_2023_PROGRAMACIO_TALENT_EDUCACIO_FISICA_1080X1080_1-min-1024x1024.png 1024w, https:\/\/agora.xtec.cat\/iessantaeugenia\/wp-content\/uploads\/usu1801\/2023\/07\/06_2023_PROGRAMACIO_TALENT_EDUCACIO_FISICA_1080X1080_1-min-150x150.png 150w, https:\/\/agora.xtec.cat\/iessantaeugenia\/wp-content\/uploads\/usu1801\/2023\/07\/06_2023_PROGRAMACIO_TALENT_EDUCACIO_FISICA_1080X1080_1-min-768x768.png 768w, https:\/\/agora.xtec.cat\/iessantaeugenia\/wp-content\/uploads\/usu1801\/2023\/07\/06_2023_PROGRAMACIO_TALENT_EDUCACIO_FISICA_1080X1080_1-min.png 1080w\" sizes=\"auto, (max-width: 400px) 100vw, 400px\" \/>\u00a0 \u00a0 \u00a0<\/a><a href=\"https:\/\/agora.xtec.cat\/iessantaeugenia\/wp-content\/uploads\/usu1801\/2023\/07\/06_2023_PROGRAMACIO_TALENT_EDUCACIO_FISICA_1080X1080_4-min.png\"><img loading=\"lazy\" decoding=\"async\" class=\"alignnone wp-image-9698\" src=\"https:\/\/agora.xtec.cat\/iessantaeugenia\/wp-content\/uploads\/usu1801\/2023\/07\/06_2023_PROGRAMACIO_TALENT_EDUCACIO_FISICA_1080X1080_4-min-300x300.png\" alt=\"\" width=\"400\" height=\"400\" srcset=\"https:\/\/agora.xtec.cat\/iessantaeugenia\/wp-content\/uploads\/usu1801\/2023\/07\/06_2023_PROGRAMACIO_TALENT_EDUCACIO_FISICA_1080X1080_4-min-300x300.png 300w, https:\/\/agora.xtec.cat\/iessantaeugenia\/wp-content\/uploads\/usu1801\/2023\/07\/06_2023_PROGRAMACIO_TALENT_EDUCACIO_FISICA_1080X1080_4-min-1024x1024.png 1024w, https:\/\/agora.xtec.cat\/iessantaeugenia\/wp-content\/uploads\/usu1801\/2023\/07\/06_2023_PROGRAMACIO_TALENT_EDUCACIO_FISICA_1080X1080_4-min-150x150.png 150w, https:\/\/agora.xtec.cat\/iessantaeugenia\/wp-content\/uploads\/usu1801\/2023\/07\/06_2023_PROGRAMACIO_TALENT_EDUCACIO_FISICA_1080X1080_4-min-768x768.png 768w, https:\/\/agora.xtec.cat\/iessantaeugenia\/wp-content\/uploads\/usu1801\/2023\/07\/06_2023_PROGRAMACIO_TALENT_EDUCACIO_FISICA_1080X1080_4-min.png 1080w\" sizes=\"auto, (max-width: 400px) 100vw, 400px\" \/><\/a><\/p>\n<p><a href=\"https:\/\/agora.xtec.cat\/iessantaeugenia\/wp-content\/uploads\/usu1801\/2023\/07\/06_2023_PROGRAMACIO_TALENT_EDUCACIO_FISICA_1080X1080_3-min.png\"><img loading=\"lazy\" decoding=\"async\" class=\"alignnone wp-image-9697\" src=\"https:\/\/agora.xtec.cat\/iessantaeugenia\/wp-content\/uploads\/usu1801\/2023\/07\/06_2023_PROGRAMACIO_TALENT_EDUCACIO_FISICA_1080X1080_3-min-300x300.png\" alt=\"\" width=\"400\" height=\"400\" srcset=\"https:\/\/agora.xtec.cat\/iessantaeugenia\/wp-content\/uploads\/usu1801\/2023\/07\/06_2023_PROGRAMACIO_TALENT_EDUCACIO_FISICA_1080X1080_3-min-300x300.png 300w, https:\/\/agora.xtec.cat\/iessantaeugenia\/wp-content\/uploads\/usu1801\/2023\/07\/06_2023_PROGRAMACIO_TALENT_EDUCACIO_FISICA_1080X1080_3-min-1024x1024.png 1024w, https:\/\/agora.xtec.cat\/iessantaeugenia\/wp-content\/uploads\/usu1801\/2023\/07\/06_2023_PROGRAMACIO_TALENT_EDUCACIO_FISICA_1080X1080_3-min-150x150.png 150w, https:\/\/agora.xtec.cat\/iessantaeugenia\/wp-content\/uploads\/usu1801\/2023\/07\/06_2023_PROGRAMACIO_TALENT_EDUCACIO_FISICA_1080X1080_3-min-768x768.png 768w, https:\/\/agora.xtec.cat\/iessantaeugenia\/wp-content\/uploads\/usu1801\/2023\/07\/06_2023_PROGRAMACIO_TALENT_EDUCACIO_FISICA_1080X1080_3-min.png 1080w\" sizes=\"auto, (max-width: 400px) 100vw, 400px\" \/>\u00a0 \u00a0 \u00a0<\/a><a href=\"https:\/\/agora.xtec.cat\/iessantaeugenia\/wp-content\/uploads\/usu1801\/2023\/07\/06_2023_PROGRAMACIO_TALENT_EDUCACIO_FISICA_1080X1080_2-min.png\"><img loading=\"lazy\" decoding=\"async\" class=\"alignnone wp-image-9696\" src=\"https:\/\/agora.xtec.cat\/iessantaeugenia\/wp-content\/uploads\/usu1801\/2023\/07\/06_2023_PROGRAMACIO_TALENT_EDUCACIO_FISICA_1080X1080_2-min-300x300.png\" alt=\"\" width=\"400\" height=\"400\" srcset=\"https:\/\/agora.xtec.cat\/iessantaeugenia\/wp-content\/uploads\/usu1801\/2023\/07\/06_2023_PROGRAMACIO_TALENT_EDUCACIO_FISICA_1080X1080_2-min-300x300.png 300w, https:\/\/agora.xtec.cat\/iessantaeugenia\/wp-content\/uploads\/usu1801\/2023\/07\/06_2023_PROGRAMACIO_TALENT_EDUCACIO_FISICA_1080X1080_2-min-1024x1024.png 1024w, https:\/\/agora.xtec.cat\/iessantaeugenia\/wp-content\/uploads\/usu1801\/2023\/07\/06_2023_PROGRAMACIO_TALENT_EDUCACIO_FISICA_1080X1080_2-min-150x150.png 150w, https:\/\/agora.xtec.cat\/iessantaeugenia\/wp-content\/uploads\/usu1801\/2023\/07\/06_2023_PROGRAMACIO_TALENT_EDUCACIO_FISICA_1080X1080_2-min-768x768.png 768w, https:\/\/agora.xtec.cat\/iessantaeugenia\/wp-content\/uploads\/usu1801\/2023\/07\/06_2023_PROGRAMACIO_TALENT_EDUCACIO_FISICA_1080X1080_2-min.png 1080w\" sizes=\"auto, (max-width: 400px) 100vw, 400px\" \/><\/a><\/p>\n<p>&nbsp;<\/p>\n<p><iframe loading=\"lazy\" title=\"TALENTS D&#039;EDUCACI\u00d3 F\u00cdSICA\" width=\"500\" height=\"375\" src=\"https:\/\/www.youtube.com\/embed\/txh8p_hhDZ0?start=6&#038;feature=oembed\" frameborder=\"0\" allow=\"accelerometer; autoplay; clipboard-write; encrypted-media; gyroscope; picture-in-picture; web-share\" referrerpolicy=\"strict-origin-when-cross-origin\" allowfullscreen><\/iframe><\/p>\n","protected":false},"excerpt":{"rendered":"<p>El primer curs de Batxillerat de l&#8217;Institut ha marxat de vacances amb coneixements te\u00f2rics i pr\u00e0ctics de la programaci\u00f3 en activitats f\u00edsiques i esportives.<br \/>\nLa unitat did\u00e0ctica El meu talent d\u2019educaci\u00f3 f\u00edsica, que tancava el curs, ha tingut\u00a0com a prop\u00f2sit principal aprendre a programar sessions d\u2019activitats&hellip;  <a href=\"https:\/\/agora.xtec.cat\/iessantaeugenia\/general\/9685\/\" title=\"Read El primer de BAT marxa de vacances amb coneixements te\u00f2rics i pr\u00e0ctics de la programaci\u00f3 en activitats f\u00edsiques i esportives\">Llegeix m\u00e9s\u00bb<\/a><\/p>\n","protected":false},"author":7,"featured_media":9700,"comment_status":"closed","ping_status":"closed","sticky":false,"template":"","format":"standard","meta":{"_bbp_topic_count":0,"_bbp_reply_count":0,"_bbp_total_topic_count":0,"_bbp_total_reply_count":0,"_bbp_voice_count":0,"_bbp_anonymous_reply_count":0,"_bbp_topic_count_hidden":0,"_bbp_reply_count_hidden":0,"_bbp_forum_subforum_count":0,"footnotes":""},"categories":[8,116,117,1,29],"tags":[840,843,839,842,841],"class_list":["post-9685","post","type-post","status-publish","format-standard","has-post-thumbnail","hentry","category-batxillerat","category-batx-tecnologic","category-batx-humanitats-i-ciencies","category-general","category-portada","tag-activitats-fisiques-i-esportives","tag-habilitats-motrius","tag-programacio","tag-qualitats-fisiques","tag-tecnica"],"post_mailing_queue_ids":[],"_links":{"self":[{"href":"https:\/\/agora.xtec.cat\/iessantaeugenia\/wp-json\/wp\/v2\/posts\/9685","targetHints":{"allow":["GET"]}}],"collection":[{"href":"https:\/\/agora.xtec.cat\/iessantaeugenia\/wp-json\/wp\/v2\/posts"}],"about":[{"href":"https:\/\/agora.xtec.cat\/iessantaeugenia\/wp-json\/wp\/v2\/types\/post"}],"author":[{"embeddable":true,"href":"https:\/\/agora.xtec.cat\/iessantaeugenia\/wp-json\/wp\/v2\/users\/7"}],"replies":[{"embeddable":true,"href":"https:\/\/agora.xtec.cat\/iessantaeugenia\/wp-json\/wp\/v2\/comments?post=9685"}],"version-history":[{"count":3,"href":"https:\/\/agora.xtec.cat\/iessantaeugenia\/wp-json\/wp\/v2\/posts\/9685\/revisions"}],"predecessor-version":[{"id":9703,"href":"https:\/\/agora.xtec.cat\/iessantaeugenia\/wp-json\/wp\/v2\/posts\/9685\/revisions\/9703"}],"wp:featuredmedia":[{"embeddable":true,"href":"https:\/\/agora.xtec.cat\/iessantaeugenia\/wp-json\/wp\/v2\/media\/9700"}],"wp:attachment":[{"href":"https:\/\/agora.xtec.cat\/iessantaeugenia\/wp-json\/wp\/v2\/media?parent=9685"}],"wp:term":[{"taxonomy":"category","embeddable":true,"href":"https:\/\/agora.xtec.cat\/iessantaeugenia\/wp-json\/wp\/v2\/categories?post=9685"},{"taxonomy":"post_tag","embeddable":true,"href":"https:\/\/agora.xtec.cat\/iessantaeugenia\/wp-json\/wp\/v2\/tags?post=9685"}],"curies":[{"name":"wp","href":"https:\/\/api.w.org\/{rel}","templated":true}]}}