{"id":9651,"date":"2023-06-28T06:00:41","date_gmt":"2023-06-28T04:00:41","guid":{"rendered":"https:\/\/agora.xtec.cat\/iessantaeugenia\/?p=9651"},"modified":"2023-06-27T19:54:49","modified_gmt":"2023-06-27T17:54:49","slug":"9651","status":"publish","type":"post","link":"https:\/\/agora.xtec.cat\/iessantaeugenia\/general\/9651\/","title":{"rendered":"L&#8217;INS Montserrat Roig de Terrassa aprofundeix en la metodologia per projectes en el departament de Comer\u00e7 i M\u00e0rqueting"},"content":{"rendered":"<p>L<a href=\"https:\/\/agora.xtec.cat\/iesmontserratroig\/\" target=\"_blank\" rel=\"noopener\">&#8216;<\/a><a href=\"https:\/\/agora.xtec.cat\/iesmontserratroig\/\" target=\"_blank\" rel=\"noopener\">INS Montserrat Roig<\/a> de Terrassa, un dels <strong>centres m\u00e9s importants<\/strong> en Formaci\u00f3 Professional (FP) al<strong> Vall\u00e8s Occidental<\/strong>, s&#8217;ha despla\u00e7at a l&#8217;Institut per a aprofundir en la<strong> metodologia ABP<\/strong> (Aprenentatge Basat en Projectes) en els cicles de <strong>Comer\u00e7 i M\u00e0rqueting<\/strong>.<\/p>\n<p>En concret, el professorat d&#8217;aquesta fam\u00edlia professional i la cap d&#8217;estudis han compartit una jornada de treball amb <strong>Sandra Coll<\/strong>, cap de departament i professora de primer curs de <strong>Gesti\u00f3 de Vendes i Espais Comercials<\/strong>; <strong>Montse L\u00f3pez<\/strong>, professora de segon del mateix cicle; i <strong>Irene Freixas<\/strong>, professora de segon curs de <strong>M\u00e0rqueting i Publicitat<\/strong>.<\/p>\n<p>Ambd\u00f3s grups docents han<strong> compartit experi\u00e8ncies<\/strong> en el treball per projectes <strong>intramodulars<\/strong> que es porten a terme actualment.<\/p>\n<p>D&#8217;aquesta manera, la jornada ha repassat els inicis de la<strong> implementaci\u00f3<\/strong> de la metodologia a cada cicle i de l&#8217;<strong>organitzaci\u00f3<\/strong> que implica i s&#8217;ha compartit la <strong>reflexi\u00f3<\/strong> i <strong>millora<\/strong> que es fa cada curs d&#8217;all\u00f2 que cal modificar per aconseguir uns<strong> resultats \u00f2ptims<\/strong>.<\/p>\n<p><a href=\"https:\/\/agora.xtec.cat\/iessantaeugenia\/wp-content\/uploads\/usu1801\/2023\/06\/06_2023_VISITA_INS_MONTSERRAT_ROIG_TERRASSA_1501X884-min.png\"><img loading=\"lazy\" decoding=\"async\" class=\"alignnone wp-image-9653\" src=\"https:\/\/agora.xtec.cat\/iessantaeugenia\/wp-content\/uploads\/usu1801\/2023\/06\/06_2023_VISITA_INS_MONTSERRAT_ROIG_TERRASSA_1501X884-min-300x177.png\" alt=\"\" width=\"615\" height=\"363\" srcset=\"https:\/\/agora.xtec.cat\/iessantaeugenia\/wp-content\/uploads\/usu1801\/2023\/06\/06_2023_VISITA_INS_MONTSERRAT_ROIG_TERRASSA_1501X884-min-300x177.png 300w, https:\/\/agora.xtec.cat\/iessantaeugenia\/wp-content\/uploads\/usu1801\/2023\/06\/06_2023_VISITA_INS_MONTSERRAT_ROIG_TERRASSA_1501X884-min-1024x603.png 1024w, https:\/\/agora.xtec.cat\/iessantaeugenia\/wp-content\/uploads\/usu1801\/2023\/06\/06_2023_VISITA_INS_MONTSERRAT_ROIG_TERRASSA_1501X884-min-768x452.png 768w, https:\/\/agora.xtec.cat\/iessantaeugenia\/wp-content\/uploads\/usu1801\/2023\/06\/06_2023_VISITA_INS_MONTSERRAT_ROIG_TERRASSA_1501X884-min.png 1501w\" sizes=\"auto, (max-width: 615px) 100vw, 615px\" \/><\/a><\/p>\n","protected":false},"excerpt":{"rendered":"<p>L<a href=\"https:\/\/agora.xtec.cat\/iesmontserratroig\/\" target=\"_blank\" rel=\"noopener\">&#8216;<\/a><a href=\"https:\/\/agora.xtec.cat\/iesmontserratroig\/\" target=\"_blank\" rel=\"noopener\">INS Montserrat Roig<\/a> de Terrassa, un dels centres m\u00e9s importants en Formaci\u00f3 Professional (FP) al Vall\u00e8s Occidental, s&#8217;ha despla\u00e7at a l&#8217;Institut per a aprofundir en la metodologia ABP (Aprenentatge Basat en Projectes) en els cicles de Comer\u00e7 i M\u00e0rqueting.<br \/>\nEn&hellip;  <a href=\"https:\/\/agora.xtec.cat\/iessantaeugenia\/general\/9651\/\" title=\"Read L&#8217;INS Montserrat Roig de Terrassa aprofundeix en la metodologia per projectes en el departament de Comer\u00e7 i M\u00e0rqueting\">Llegeix m\u00e9s\u00bb<\/a><\/p>\n","protected":false},"author":7,"featured_media":9653,"comment_status":"closed","ping_status":"closed","sticky":false,"template":"","format":"standard","meta":{"_bbp_topic_count":0,"_bbp_reply_count":0,"_bbp_total_topic_count":0,"_bbp_total_reply_count":0,"_bbp_voice_count":0,"_bbp_anonymous_reply_count":0,"_bbp_topic_count_hidden":0,"_bbp_reply_count_hidden":0,"_bbp_forum_subforum_count":0,"footnotes":""},"categories":[30,1,29],"tags":[521,838,837],"class_list":["post-9651","post","type-post","status-publish","format-standard","has-post-thumbnail","hentry","category-cicles-formatius","category-general","category-portada","tag-abp","tag-intercanvi","tag-terrassa"],"post_mailing_queue_ids":[],"_links":{"self":[{"href":"https:\/\/agora.xtec.cat\/iessantaeugenia\/wp-json\/wp\/v2\/posts\/9651","targetHints":{"allow":["GET"]}}],"collection":[{"href":"https:\/\/agora.xtec.cat\/iessantaeugenia\/wp-json\/wp\/v2\/posts"}],"about":[{"href":"https:\/\/agora.xtec.cat\/iessantaeugenia\/wp-json\/wp\/v2\/types\/post"}],"author":[{"embeddable":true,"href":"https:\/\/agora.xtec.cat\/iessantaeugenia\/wp-json\/wp\/v2\/users\/7"}],"replies":[{"embeddable":true,"href":"https:\/\/agora.xtec.cat\/iessantaeugenia\/wp-json\/wp\/v2\/comments?post=9651"}],"version-history":[{"count":4,"href":"https:\/\/agora.xtec.cat\/iessantaeugenia\/wp-json\/wp\/v2\/posts\/9651\/revisions"}],"predecessor-version":[{"id":9661,"href":"https:\/\/agora.xtec.cat\/iessantaeugenia\/wp-json\/wp\/v2\/posts\/9651\/revisions\/9661"}],"wp:featuredmedia":[{"embeddable":true,"href":"https:\/\/agora.xtec.cat\/iessantaeugenia\/wp-json\/wp\/v2\/media\/9653"}],"wp:attachment":[{"href":"https:\/\/agora.xtec.cat\/iessantaeugenia\/wp-json\/wp\/v2\/media?parent=9651"}],"wp:term":[{"taxonomy":"category","embeddable":true,"href":"https:\/\/agora.xtec.cat\/iessantaeugenia\/wp-json\/wp\/v2\/categories?post=9651"},{"taxonomy":"post_tag","embeddable":true,"href":"https:\/\/agora.xtec.cat\/iessantaeugenia\/wp-json\/wp\/v2\/tags?post=9651"}],"curies":[{"name":"wp","href":"https:\/\/api.w.org\/{rel}","templated":true}]}}