{"id":9614,"date":"2023-06-26T06:00:33","date_gmt":"2023-06-26T04:00:33","guid":{"rendered":"https:\/\/agora.xtec.cat\/iessantaeugenia\/?p=9614"},"modified":"2023-07-10T11:08:52","modified_gmt":"2023-07-10T09:08:52","slug":"9614","status":"publish","type":"post","link":"https:\/\/agora.xtec.cat\/iessantaeugenia\/general\/9614\/","title":{"rendered":"Els i les estudiants fan el passad\u00eds d&#8217;honor al professor Joan Mercader, que afronta nou dest\u00ed despr\u00e9s de cinc anys a l&#8217;Institut"},"content":{"rendered":"<p style=\"text-align: left;\">Un grup nombr\u00f3s<strong> d&#8217;estudiants d&#8217;ESO<\/strong> ha fet el <strong>passad\u00eds d&#8217;honor<\/strong> al professor<strong> Joan Mercader<\/strong>, que afronta un <strong>nou dest\u00ed<\/strong> professional despr\u00e9s de <strong>cinc anys<\/strong> a l<strong>&#8216;Institut Santa Eug\u00e8nia<\/strong>.<\/p>\n<p>En un acte <strong>senzill i molt emotiu<\/strong>, els nois i les noies han exhibit <strong>pancartes i cartells<\/strong> i han esclatat en un <strong>sincer aplaudiment<\/strong> a fi de<strong> lamentar la marxa<\/strong> i desitjar-li <strong>molta sort<\/strong> davant el pr\u00f2xim <strong>repte docent<\/strong>.<\/p>\n<p><a href=\"https:\/\/agora.xtec.cat\/iessantaeugenia\/wp-content\/uploads\/usu1801\/2023\/06\/06_2023_COMIAT_JOAN_MERCADER_1080X1080_1.png\"><img loading=\"lazy\" decoding=\"async\" class=\"alignnone wp-image-9617\" src=\"https:\/\/agora.xtec.cat\/iessantaeugenia\/wp-content\/uploads\/usu1801\/2023\/06\/06_2023_COMIAT_JOAN_MERCADER_1080X1080_1-300x300.png\" alt=\"\" width=\"400\" height=\"400\" srcset=\"https:\/\/agora.xtec.cat\/iessantaeugenia\/wp-content\/uploads\/usu1801\/2023\/06\/06_2023_COMIAT_JOAN_MERCADER_1080X1080_1-300x300.png 300w, https:\/\/agora.xtec.cat\/iessantaeugenia\/wp-content\/uploads\/usu1801\/2023\/06\/06_2023_COMIAT_JOAN_MERCADER_1080X1080_1-1024x1024.png 1024w, https:\/\/agora.xtec.cat\/iessantaeugenia\/wp-content\/uploads\/usu1801\/2023\/06\/06_2023_COMIAT_JOAN_MERCADER_1080X1080_1-150x150.png 150w, https:\/\/agora.xtec.cat\/iessantaeugenia\/wp-content\/uploads\/usu1801\/2023\/06\/06_2023_COMIAT_JOAN_MERCADER_1080X1080_1-768x768.png 768w, https:\/\/agora.xtec.cat\/iessantaeugenia\/wp-content\/uploads\/usu1801\/2023\/06\/06_2023_COMIAT_JOAN_MERCADER_1080X1080_1.png 1080w\" sizes=\"auto, (max-width: 400px) 100vw, 400px\" \/><\/a><\/p>\n<p><a href=\"https:\/\/agora.xtec.cat\/iessantaeugenia\/wp-content\/uploads\/usu1801\/2023\/06\/06_2023_COMIAT_JOAN_MERCADER_1080X1080_3.png\"><img loading=\"lazy\" decoding=\"async\" class=\"alignnone wp-image-9619\" src=\"https:\/\/agora.xtec.cat\/iessantaeugenia\/wp-content\/uploads\/usu1801\/2023\/06\/06_2023_COMIAT_JOAN_MERCADER_1080X1080_3-300x300.png\" alt=\"\" width=\"400\" height=\"400\" srcset=\"https:\/\/agora.xtec.cat\/iessantaeugenia\/wp-content\/uploads\/usu1801\/2023\/06\/06_2023_COMIAT_JOAN_MERCADER_1080X1080_3-300x300.png 300w, https:\/\/agora.xtec.cat\/iessantaeugenia\/wp-content\/uploads\/usu1801\/2023\/06\/06_2023_COMIAT_JOAN_MERCADER_1080X1080_3-1024x1024.png 1024w, https:\/\/agora.xtec.cat\/iessantaeugenia\/wp-content\/uploads\/usu1801\/2023\/06\/06_2023_COMIAT_JOAN_MERCADER_1080X1080_3-150x150.png 150w, https:\/\/agora.xtec.cat\/iessantaeugenia\/wp-content\/uploads\/usu1801\/2023\/06\/06_2023_COMIAT_JOAN_MERCADER_1080X1080_3-768x768.png 768w, https:\/\/agora.xtec.cat\/iessantaeugenia\/wp-content\/uploads\/usu1801\/2023\/06\/06_2023_COMIAT_JOAN_MERCADER_1080X1080_3.png 1080w\" sizes=\"auto, (max-width: 400px) 100vw, 400px\" \/><\/a><\/p>\n<p><a href=\"https:\/\/agora.xtec.cat\/iessantaeugenia\/wp-content\/uploads\/usu1801\/2023\/06\/06_2023_COMIAT_JOAN_MERCADER_1080X1080_2.png\"><img loading=\"lazy\" decoding=\"async\" class=\"alignnone wp-image-9618\" src=\"https:\/\/agora.xtec.cat\/iessantaeugenia\/wp-content\/uploads\/usu1801\/2023\/06\/06_2023_COMIAT_JOAN_MERCADER_1080X1080_2-300x300.png\" alt=\"\" width=\"399\" height=\"399\" srcset=\"https:\/\/agora.xtec.cat\/iessantaeugenia\/wp-content\/uploads\/usu1801\/2023\/06\/06_2023_COMIAT_JOAN_MERCADER_1080X1080_2-300x300.png 300w, https:\/\/agora.xtec.cat\/iessantaeugenia\/wp-content\/uploads\/usu1801\/2023\/06\/06_2023_COMIAT_JOAN_MERCADER_1080X1080_2-1024x1024.png 1024w, https:\/\/agora.xtec.cat\/iessantaeugenia\/wp-content\/uploads\/usu1801\/2023\/06\/06_2023_COMIAT_JOAN_MERCADER_1080X1080_2-150x150.png 150w, https:\/\/agora.xtec.cat\/iessantaeugenia\/wp-content\/uploads\/usu1801\/2023\/06\/06_2023_COMIAT_JOAN_MERCADER_1080X1080_2-768x768.png 768w, https:\/\/agora.xtec.cat\/iessantaeugenia\/wp-content\/uploads\/usu1801\/2023\/06\/06_2023_COMIAT_JOAN_MERCADER_1080X1080_2.png 1080w\" sizes=\"auto, (max-width: 399px) 100vw, 399px\" \/><\/a><\/p>\n<p><iframe loading=\"lazy\" title=\"comiat de Joan Mercader 22-23\" width=\"500\" height=\"281\" src=\"https:\/\/www.youtube.com\/embed\/n8HExymKXT4?feature=oembed\" frameborder=\"0\" allow=\"accelerometer; autoplay; clipboard-write; encrypted-media; gyroscope; picture-in-picture; web-share\" referrerpolicy=\"strict-origin-when-cross-origin\" allowfullscreen><\/iframe><\/p>\n","protected":false},"excerpt":{"rendered":"<p>Un grup nombr\u00f3s d&#8217;estudiants d&#8217;ESO ha fet el passad\u00eds d&#8217;honor al professor Joan Mercader, que afronta un nou dest\u00ed professional despr\u00e9s de cinc anys a l&#8216;Institut Santa Eug\u00e8nia.<br \/>\nEn un acte senzill i molt emotiu, els nois i les noies han exhibit pancartes i cartells i&hellip;  <a href=\"https:\/\/agora.xtec.cat\/iessantaeugenia\/general\/9614\/\" title=\"Read Els i les estudiants fan el passad\u00eds d&#8217;honor al professor Joan Mercader, que afronta nou dest\u00ed despr\u00e9s de cinc anys a l&#8217;Institut\">Llegeix m\u00e9s\u00bb<\/a><\/p>\n","protected":false},"author":7,"featured_media":9620,"comment_status":"closed","ping_status":"closed","sticky":false,"template":"","format":"standard","meta":{"_bbp_topic_count":0,"_bbp_reply_count":0,"_bbp_total_topic_count":0,"_bbp_total_reply_count":0,"_bbp_voice_count":0,"_bbp_anonymous_reply_count":0,"_bbp_topic_count_hidden":0,"_bbp_reply_count_hidden":0,"_bbp_forum_subforum_count":0,"footnotes":""},"categories":[3,113,114,115,120,1,29],"tags":[836,835,451],"class_list":["post-9614","post","type-post","status-publish","format-standard","has-post-thumbnail","hentry","category-1eso","category-2eso","category-3eso","category-4eso","category-eso","category-general","category-portada","tag-comiat","tag-joan-mercader","tag-professorat"],"post_mailing_queue_ids":[],"_links":{"self":[{"href":"https:\/\/agora.xtec.cat\/iessantaeugenia\/wp-json\/wp\/v2\/posts\/9614","targetHints":{"allow":["GET"]}}],"collection":[{"href":"https:\/\/agora.xtec.cat\/iessantaeugenia\/wp-json\/wp\/v2\/posts"}],"about":[{"href":"https:\/\/agora.xtec.cat\/iessantaeugenia\/wp-json\/wp\/v2\/types\/post"}],"author":[{"embeddable":true,"href":"https:\/\/agora.xtec.cat\/iessantaeugenia\/wp-json\/wp\/v2\/users\/7"}],"replies":[{"embeddable":true,"href":"https:\/\/agora.xtec.cat\/iessantaeugenia\/wp-json\/wp\/v2\/comments?post=9614"}],"version-history":[{"count":4,"href":"https:\/\/agora.xtec.cat\/iessantaeugenia\/wp-json\/wp\/v2\/posts\/9614\/revisions"}],"predecessor-version":[{"id":9763,"href":"https:\/\/agora.xtec.cat\/iessantaeugenia\/wp-json\/wp\/v2\/posts\/9614\/revisions\/9763"}],"wp:featuredmedia":[{"embeddable":true,"href":"https:\/\/agora.xtec.cat\/iessantaeugenia\/wp-json\/wp\/v2\/media\/9620"}],"wp:attachment":[{"href":"https:\/\/agora.xtec.cat\/iessantaeugenia\/wp-json\/wp\/v2\/media?parent=9614"}],"wp:term":[{"taxonomy":"category","embeddable":true,"href":"https:\/\/agora.xtec.cat\/iessantaeugenia\/wp-json\/wp\/v2\/categories?post=9614"},{"taxonomy":"post_tag","embeddable":true,"href":"https:\/\/agora.xtec.cat\/iessantaeugenia\/wp-json\/wp\/v2\/tags?post=9614"}],"curies":[{"name":"wp","href":"https:\/\/api.w.org\/{rel}","templated":true}]}}