{"id":8967,"date":"2023-05-11T06:00:43","date_gmt":"2023-05-11T04:00:43","guid":{"rendered":"https:\/\/agora.xtec.cat\/iessantaeugenia\/?p=8967"},"modified":"2023-05-06T16:16:31","modified_gmt":"2023-05-06T14:16:31","slug":"8967","status":"publish","type":"post","link":"https:\/\/agora.xtec.cat\/iessantaeugenia\/general\/8967\/","title":{"rendered":"L&#8217;alumnat de BAT refor\u00e7a la preparaci\u00f3 per les PAU amb la \u00abReal Trag\u00e8dia Militar Catalana\u00bb, del professor Josep Gispert, a la Merc\u00e8"},"content":{"rendered":"<p>L&#8217;alumnat de <strong>Batxillerat<\/strong> de l&#8217;Institut ha refor\u00e7at la preparaci\u00f3 per les <strong>Proves d&#8217;Acc\u00e9s a la Universitat (PAU)<\/strong> assistint a la representaci\u00f3 de <strong>\u00abReal Trag\u00e8dia Militar Catalana\u00bb<\/strong>, del professor i dramaturg <a href=\"https:\/\/www.agt.cat\/soci\/gispert-vilaseca\/\" target=\"_blank\" rel=\"noopener\">Josep Gispert<\/a>, en el <strong>Centre Cultural La Merc\u00e8 de Girona.<\/strong><\/p>\n<p>L&#8217;activitat ha estat coordinada des del <strong>departament de Socials<\/strong> i ha rebut una <strong>excel\u00b7lent acollida<\/strong>.<\/p>\n<p>Segurament, la caracter\u00edstica que m\u00e9s ha cridat l&#8217;atenci\u00f3 \u00e9s que la companyia d&#8217;actors ha estat formada per professors de l&#8217;Institut, el mateix<strong> Josep Gispert<\/strong>, <strong>Ramon Vila<\/strong>, <strong>Sergi D\u00edaz<\/strong>, <strong>Judith Trav\u00e9<\/strong> o<strong> Pilar Jim\u00e9nez<\/strong>, alumnes del centre, <strong>Joan Font<\/strong> (segon de Batxillerat) i <strong>Clara Figuerola<\/strong> (quart d\u2019ESO), o\u00a0 arribats d\u2019altres, com <strong>Marta Garc\u00eda<\/strong> o<strong> Nina Mu\u00f1oz<\/strong>.<\/p>\n<p>L\u2019obra tracta dels fets pol\u00edtics i socials m\u00e9s crus i transcendentals de la <strong>Guerra Civil Espanyola<\/strong>.<\/p>\n<p><a href=\"https:\/\/agora.xtec.cat\/iessantaeugenia\/wp-content\/uploads\/usu1801\/2023\/05\/04_2023_TEATRE_BATXILLERAT_LA_MERCE_1080X1080_1.png\"><img loading=\"lazy\" decoding=\"async\" class=\"alignnone wp-image-8963\" src=\"https:\/\/agora.xtec.cat\/iessantaeugenia\/wp-content\/uploads\/usu1801\/2023\/05\/04_2023_TEATRE_BATXILLERAT_LA_MERCE_1080X1080_1-300x300.png\" alt=\"\" width=\"400\" height=\"400\" srcset=\"https:\/\/agora.xtec.cat\/iessantaeugenia\/wp-content\/uploads\/usu1801\/2023\/05\/04_2023_TEATRE_BATXILLERAT_LA_MERCE_1080X1080_1-300x300.png 300w, https:\/\/agora.xtec.cat\/iessantaeugenia\/wp-content\/uploads\/usu1801\/2023\/05\/04_2023_TEATRE_BATXILLERAT_LA_MERCE_1080X1080_1-1024x1024.png 1024w, https:\/\/agora.xtec.cat\/iessantaeugenia\/wp-content\/uploads\/usu1801\/2023\/05\/04_2023_TEATRE_BATXILLERAT_LA_MERCE_1080X1080_1-150x150.png 150w, https:\/\/agora.xtec.cat\/iessantaeugenia\/wp-content\/uploads\/usu1801\/2023\/05\/04_2023_TEATRE_BATXILLERAT_LA_MERCE_1080X1080_1-768x768.png 768w, https:\/\/agora.xtec.cat\/iessantaeugenia\/wp-content\/uploads\/usu1801\/2023\/05\/04_2023_TEATRE_BATXILLERAT_LA_MERCE_1080X1080_1.png 1080w\" sizes=\"auto, (max-width: 400px) 100vw, 400px\" \/>\u00a0 \u00a0 \u00a0<\/a><a href=\"https:\/\/agora.xtec.cat\/iessantaeugenia\/wp-content\/uploads\/usu1801\/2023\/05\/04_2023_TEATRE_BATXILLERAT_LA_MERCE_1080X1080_2.png\"><img loading=\"lazy\" decoding=\"async\" class=\"alignnone wp-image-8964\" src=\"https:\/\/agora.xtec.cat\/iessantaeugenia\/wp-content\/uploads\/usu1801\/2023\/05\/04_2023_TEATRE_BATXILLERAT_LA_MERCE_1080X1080_2-300x300.png\" alt=\"\" width=\"400\" height=\"400\" srcset=\"https:\/\/agora.xtec.cat\/iessantaeugenia\/wp-content\/uploads\/usu1801\/2023\/05\/04_2023_TEATRE_BATXILLERAT_LA_MERCE_1080X1080_2-300x300.png 300w, https:\/\/agora.xtec.cat\/iessantaeugenia\/wp-content\/uploads\/usu1801\/2023\/05\/04_2023_TEATRE_BATXILLERAT_LA_MERCE_1080X1080_2-1024x1024.png 1024w, https:\/\/agora.xtec.cat\/iessantaeugenia\/wp-content\/uploads\/usu1801\/2023\/05\/04_2023_TEATRE_BATXILLERAT_LA_MERCE_1080X1080_2-150x150.png 150w, https:\/\/agora.xtec.cat\/iessantaeugenia\/wp-content\/uploads\/usu1801\/2023\/05\/04_2023_TEATRE_BATXILLERAT_LA_MERCE_1080X1080_2-768x768.png 768w, https:\/\/agora.xtec.cat\/iessantaeugenia\/wp-content\/uploads\/usu1801\/2023\/05\/04_2023_TEATRE_BATXILLERAT_LA_MERCE_1080X1080_2.png 1080w\" sizes=\"auto, (max-width: 400px) 100vw, 400px\" \/><\/a><\/p>\n<p><a href=\"https:\/\/agora.xtec.cat\/iessantaeugenia\/wp-content\/uploads\/usu1801\/2023\/05\/04_2023_TEATRE_BATXILLERAT_LA_MERCE_1080X1080_3.png\"><img loading=\"lazy\" decoding=\"async\" class=\"alignnone wp-image-8965\" src=\"https:\/\/agora.xtec.cat\/iessantaeugenia\/wp-content\/uploads\/usu1801\/2023\/05\/04_2023_TEATRE_BATXILLERAT_LA_MERCE_1080X1080_3-300x300.png\" alt=\"\" width=\"400\" height=\"400\" srcset=\"https:\/\/agora.xtec.cat\/iessantaeugenia\/wp-content\/uploads\/usu1801\/2023\/05\/04_2023_TEATRE_BATXILLERAT_LA_MERCE_1080X1080_3-300x300.png 300w, https:\/\/agora.xtec.cat\/iessantaeugenia\/wp-content\/uploads\/usu1801\/2023\/05\/04_2023_TEATRE_BATXILLERAT_LA_MERCE_1080X1080_3-1024x1024.png 1024w, https:\/\/agora.xtec.cat\/iessantaeugenia\/wp-content\/uploads\/usu1801\/2023\/05\/04_2023_TEATRE_BATXILLERAT_LA_MERCE_1080X1080_3-150x150.png 150w, https:\/\/agora.xtec.cat\/iessantaeugenia\/wp-content\/uploads\/usu1801\/2023\/05\/04_2023_TEATRE_BATXILLERAT_LA_MERCE_1080X1080_3-768x768.png 768w, https:\/\/agora.xtec.cat\/iessantaeugenia\/wp-content\/uploads\/usu1801\/2023\/05\/04_2023_TEATRE_BATXILLERAT_LA_MERCE_1080X1080_3.png 1080w\" sizes=\"auto, (max-width: 400px) 100vw, 400px\" \/>\u00a0 \u00a0 \u00a0<\/a><a href=\"https:\/\/agora.xtec.cat\/iessantaeugenia\/wp-content\/uploads\/usu1801\/2023\/05\/04_2023_TEATRE_BATXILLERAT_LA_MERCE_1080X1080_4-min.png\"><img loading=\"lazy\" decoding=\"async\" class=\"alignnone  wp-image-8978\" src=\"https:\/\/agora.xtec.cat\/iessantaeugenia\/wp-content\/uploads\/usu1801\/2023\/05\/04_2023_TEATRE_BATXILLERAT_LA_MERCE_1080X1080_4-min-300x300.png\" alt=\"\" width=\"400\" height=\"400\" srcset=\"https:\/\/agora.xtec.cat\/iessantaeugenia\/wp-content\/uploads\/usu1801\/2023\/05\/04_2023_TEATRE_BATXILLERAT_LA_MERCE_1080X1080_4-min-300x300.png 300w, https:\/\/agora.xtec.cat\/iessantaeugenia\/wp-content\/uploads\/usu1801\/2023\/05\/04_2023_TEATRE_BATXILLERAT_LA_MERCE_1080X1080_4-min-1024x1024.png 1024w, https:\/\/agora.xtec.cat\/iessantaeugenia\/wp-content\/uploads\/usu1801\/2023\/05\/04_2023_TEATRE_BATXILLERAT_LA_MERCE_1080X1080_4-min-150x150.png 150w, https:\/\/agora.xtec.cat\/iessantaeugenia\/wp-content\/uploads\/usu1801\/2023\/05\/04_2023_TEATRE_BATXILLERAT_LA_MERCE_1080X1080_4-min-768x768.png 768w, https:\/\/agora.xtec.cat\/iessantaeugenia\/wp-content\/uploads\/usu1801\/2023\/05\/04_2023_TEATRE_BATXILLERAT_LA_MERCE_1080X1080_4-min.png 1080w\" sizes=\"auto, (max-width: 400px) 100vw, 400px\" \/><\/a><\/p>\n","protected":false},"excerpt":{"rendered":"<p>L&#8217;alumnat de Batxillerat de l&#8217;Institut ha refor\u00e7at la preparaci\u00f3 per les Proves d&#8217;Acc\u00e9s a la Universitat (PAU) assistint a la representaci\u00f3 de \u00abReal Trag\u00e8dia Militar Catalana\u00bb, del professor i dramaturg <a href=\"https:\/\/www.agt.cat\/soci\/gispert-vilaseca\/\" target=\"_blank\" rel=\"noopener\">Josep Gispert<\/a>, en el Centre Cultural La Merc\u00e8 de Girona.<br \/>\nL&#8217;activitat ha estat&hellip;  <a href=\"https:\/\/agora.xtec.cat\/iessantaeugenia\/general\/8967\/\" title=\"Read L&#8217;alumnat de BAT refor\u00e7a la preparaci\u00f3 per les PAU amb la \u00abReal Trag\u00e8dia Militar Catalana\u00bb, del professor Josep Gispert, a la Merc\u00e8\">Llegeix m\u00e9s\u00bb<\/a><\/p>\n","protected":false},"author":7,"featured_media":8966,"comment_status":"closed","ping_status":"closed","sticky":false,"template":"","format":"standard","meta":{"_bbp_topic_count":0,"_bbp_reply_count":0,"_bbp_total_topic_count":0,"_bbp_total_reply_count":0,"_bbp_voice_count":0,"_bbp_anonymous_reply_count":0,"_bbp_topic_count_hidden":0,"_bbp_reply_count_hidden":0,"_bbp_forum_subforum_count":0,"footnotes":""},"categories":[8,1,29],"tags":[696,775,774,40],"class_list":["post-8967","post","type-post","status-publish","format-standard","has-post-thumbnail","hentry","category-batxillerat","category-general","category-portada","tag-centre-cultural-la-merce-de-girona","tag-guerra-civil","tag-pau","tag-teatre"],"post_mailing_queue_ids":[],"_links":{"self":[{"href":"https:\/\/agora.xtec.cat\/iessantaeugenia\/wp-json\/wp\/v2\/posts\/8967","targetHints":{"allow":["GET"]}}],"collection":[{"href":"https:\/\/agora.xtec.cat\/iessantaeugenia\/wp-json\/wp\/v2\/posts"}],"about":[{"href":"https:\/\/agora.xtec.cat\/iessantaeugenia\/wp-json\/wp\/v2\/types\/post"}],"author":[{"embeddable":true,"href":"https:\/\/agora.xtec.cat\/iessantaeugenia\/wp-json\/wp\/v2\/users\/7"}],"replies":[{"embeddable":true,"href":"https:\/\/agora.xtec.cat\/iessantaeugenia\/wp-json\/wp\/v2\/comments?post=8967"}],"version-history":[{"count":4,"href":"https:\/\/agora.xtec.cat\/iessantaeugenia\/wp-json\/wp\/v2\/posts\/8967\/revisions"}],"predecessor-version":[{"id":8979,"href":"https:\/\/agora.xtec.cat\/iessantaeugenia\/wp-json\/wp\/v2\/posts\/8967\/revisions\/8979"}],"wp:featuredmedia":[{"embeddable":true,"href":"https:\/\/agora.xtec.cat\/iessantaeugenia\/wp-json\/wp\/v2\/media\/8966"}],"wp:attachment":[{"href":"https:\/\/agora.xtec.cat\/iessantaeugenia\/wp-json\/wp\/v2\/media?parent=8967"}],"wp:term":[{"taxonomy":"category","embeddable":true,"href":"https:\/\/agora.xtec.cat\/iessantaeugenia\/wp-json\/wp\/v2\/categories?post=8967"},{"taxonomy":"post_tag","embeddable":true,"href":"https:\/\/agora.xtec.cat\/iessantaeugenia\/wp-json\/wp\/v2\/tags?post=8967"}],"curies":[{"name":"wp","href":"https:\/\/api.w.org\/{rel}","templated":true}]}}