{"id":8777,"date":"2023-04-24T06:00:52","date_gmt":"2023-04-24T04:00:52","guid":{"rendered":"https:\/\/agora.xtec.cat\/iessantaeugenia\/?p=8777"},"modified":"2023-04-22T14:46:06","modified_gmt":"2023-04-22T12:46:06","slug":"8777","status":"publish","type":"post","link":"https:\/\/agora.xtec.cat\/iessantaeugenia\/general\/8777\/","title":{"rendered":"La poesia visual i les llegendes de Girona en auques i c\u00f2mics prenen import\u00e0ncia en el Sant Jordi de primer i segon d&#8217;ESO"},"content":{"rendered":"<p>Amb motiu de la <strong>diada de Sant Jordi<\/strong>, l&#8217;alumnat de<strong> primer d&#8217;ESO<\/strong> ha redactat uns <strong>versos il\u00b7lustrats<\/strong> on han plasmat tot all\u00f2 que tenen dins, fent \u00fas de la poesia i tot el seu <strong>poder d&#8217;emocionar i commoure<\/strong>, que s&#8217;ha posat en pr\u00e0ctica amb un recital.<\/p>\n<p><a href=\"https:\/\/agora.xtec.cat\/iessantaeugenia\/wp-content\/uploads\/usu1801\/2023\/04\/04_2023_SANT_JORDI_1080X1080-min.png\"><img loading=\"lazy\" decoding=\"async\" class=\"alignnone wp-image-8791\" src=\"https:\/\/agora.xtec.cat\/iessantaeugenia\/wp-content\/uploads\/usu1801\/2023\/04\/04_2023_SANT_JORDI_1080X1080-min-300x300.png\" alt=\"\" width=\"400\" height=\"400\" srcset=\"https:\/\/agora.xtec.cat\/iessantaeugenia\/wp-content\/uploads\/usu1801\/2023\/04\/04_2023_SANT_JORDI_1080X1080-min-300x300.png 300w, https:\/\/agora.xtec.cat\/iessantaeugenia\/wp-content\/uploads\/usu1801\/2023\/04\/04_2023_SANT_JORDI_1080X1080-min-1024x1024.png 1024w, https:\/\/agora.xtec.cat\/iessantaeugenia\/wp-content\/uploads\/usu1801\/2023\/04\/04_2023_SANT_JORDI_1080X1080-min-150x150.png 150w, https:\/\/agora.xtec.cat\/iessantaeugenia\/wp-content\/uploads\/usu1801\/2023\/04\/04_2023_SANT_JORDI_1080X1080-min-768x768.png 768w, https:\/\/agora.xtec.cat\/iessantaeugenia\/wp-content\/uploads\/usu1801\/2023\/04\/04_2023_SANT_JORDI_1080X1080-min.png 1080w\" sizes=\"auto, (max-width: 400px) 100vw, 400px\" \/><\/a><\/p>\n<p><a href=\"https:\/\/agora.xtec.cat\/iessantaeugenia\/wp-content\/uploads\/usu1801\/2023\/04\/04_2023_SANT_JORDI_1080X1080_2-min.png\"><img loading=\"lazy\" decoding=\"async\" class=\"alignnone wp-image-8787\" src=\"https:\/\/agora.xtec.cat\/iessantaeugenia\/wp-content\/uploads\/usu1801\/2023\/04\/04_2023_SANT_JORDI_1080X1080_2-min-300x300.png\" alt=\"\" width=\"400\" height=\"400\" srcset=\"https:\/\/agora.xtec.cat\/iessantaeugenia\/wp-content\/uploads\/usu1801\/2023\/04\/04_2023_SANT_JORDI_1080X1080_2-min-300x300.png 300w, https:\/\/agora.xtec.cat\/iessantaeugenia\/wp-content\/uploads\/usu1801\/2023\/04\/04_2023_SANT_JORDI_1080X1080_2-min-1024x1024.png 1024w, https:\/\/agora.xtec.cat\/iessantaeugenia\/wp-content\/uploads\/usu1801\/2023\/04\/04_2023_SANT_JORDI_1080X1080_2-min-150x150.png 150w, https:\/\/agora.xtec.cat\/iessantaeugenia\/wp-content\/uploads\/usu1801\/2023\/04\/04_2023_SANT_JORDI_1080X1080_2-min-768x768.png 768w, https:\/\/agora.xtec.cat\/iessantaeugenia\/wp-content\/uploads\/usu1801\/2023\/04\/04_2023_SANT_JORDI_1080X1080_2-min.png 1080w\" sizes=\"auto, (max-width: 400px) 100vw, 400px\" \/><\/a><\/p>\n<p><a href=\"https:\/\/agora.xtec.cat\/iessantaeugenia\/wp-content\/uploads\/usu1801\/2023\/04\/04_2023_SANT_JORDI_1080X1080_3-min.png\"><img loading=\"lazy\" decoding=\"async\" class=\"alignnone wp-image-8788\" src=\"https:\/\/agora.xtec.cat\/iessantaeugenia\/wp-content\/uploads\/usu1801\/2023\/04\/04_2023_SANT_JORDI_1080X1080_3-min-300x300.png\" alt=\"\" width=\"399\" height=\"399\" srcset=\"https:\/\/agora.xtec.cat\/iessantaeugenia\/wp-content\/uploads\/usu1801\/2023\/04\/04_2023_SANT_JORDI_1080X1080_3-min-300x300.png 300w, https:\/\/agora.xtec.cat\/iessantaeugenia\/wp-content\/uploads\/usu1801\/2023\/04\/04_2023_SANT_JORDI_1080X1080_3-min-1024x1024.png 1024w, https:\/\/agora.xtec.cat\/iessantaeugenia\/wp-content\/uploads\/usu1801\/2023\/04\/04_2023_SANT_JORDI_1080X1080_3-min-150x150.png 150w, https:\/\/agora.xtec.cat\/iessantaeugenia\/wp-content\/uploads\/usu1801\/2023\/04\/04_2023_SANT_JORDI_1080X1080_3-min-768x768.png 768w, https:\/\/agora.xtec.cat\/iessantaeugenia\/wp-content\/uploads\/usu1801\/2023\/04\/04_2023_SANT_JORDI_1080X1080_3-min.png 1080w\" sizes=\"auto, (max-width: 399px) 100vw, 399px\" \/><\/a><\/p>\n<p><iframe loading=\"lazy\" title=\"St Jordi 23 poesia amb imatge\" width=\"500\" height=\"281\" src=\"https:\/\/www.youtube.com\/embed\/7RZ9SVj98oE?feature=oembed\" frameborder=\"0\" allow=\"accelerometer; autoplay; clipboard-write; encrypted-media; gyroscope; picture-in-picture; web-share\" referrerpolicy=\"strict-origin-when-cross-origin\" allowfullscreen><\/iframe><\/p>\n<p>En aquest context, l&#8217;alumnat de <strong>segon d&#8217;ESO<\/strong> ha signat unes <strong>auques<\/strong> i uns <strong>c\u00f2mics<\/strong> amb les llegendes de Girona com a tema.<\/p>\n<p>Aquesta activitat s&#8217;ha desenvolupat arran de la commemoraci\u00f3 oficial del <strong>centenari<\/strong> del naixement de l&#8217;escriptor <a href=\"https:\/\/cultura.gencat.cat\/ca\/temes\/commemoracions\/2023\/anyjosepvallverdu\/inici\/\" target=\"_blank\" rel=\"noopener\"><strong>Josep Vallverd\u00fa.<\/strong><\/a><\/p>\n<p><a href=\"https:\/\/agora.xtec.cat\/iessantaeugenia\/wp-content\/uploads\/usu1801\/2023\/04\/04_2023_SANT_JORDI_1080X1080_5-min.png\"><img loading=\"lazy\" decoding=\"async\" class=\"alignnone wp-image-8790\" src=\"https:\/\/agora.xtec.cat\/iessantaeugenia\/wp-content\/uploads\/usu1801\/2023\/04\/04_2023_SANT_JORDI_1080X1080_5-min-300x300.png\" alt=\"\" width=\"400\" height=\"400\" srcset=\"https:\/\/agora.xtec.cat\/iessantaeugenia\/wp-content\/uploads\/usu1801\/2023\/04\/04_2023_SANT_JORDI_1080X1080_5-min-300x300.png 300w, https:\/\/agora.xtec.cat\/iessantaeugenia\/wp-content\/uploads\/usu1801\/2023\/04\/04_2023_SANT_JORDI_1080X1080_5-min-1024x1024.png 1024w, https:\/\/agora.xtec.cat\/iessantaeugenia\/wp-content\/uploads\/usu1801\/2023\/04\/04_2023_SANT_JORDI_1080X1080_5-min-150x150.png 150w, https:\/\/agora.xtec.cat\/iessantaeugenia\/wp-content\/uploads\/usu1801\/2023\/04\/04_2023_SANT_JORDI_1080X1080_5-min-768x768.png 768w, https:\/\/agora.xtec.cat\/iessantaeugenia\/wp-content\/uploads\/usu1801\/2023\/04\/04_2023_SANT_JORDI_1080X1080_5-min.png 1080w\" sizes=\"auto, (max-width: 400px) 100vw, 400px\" \/><\/a><\/p>\n<p><a href=\"https:\/\/agora.xtec.cat\/iessantaeugenia\/wp-content\/uploads\/usu1801\/2023\/04\/04_2023_SANT_JORDI_1080X1080_4-min.png\"><img loading=\"lazy\" decoding=\"async\" class=\"alignnone wp-image-8789\" src=\"https:\/\/agora.xtec.cat\/iessantaeugenia\/wp-content\/uploads\/usu1801\/2023\/04\/04_2023_SANT_JORDI_1080X1080_4-min-300x300.png\" alt=\"\" width=\"400\" height=\"400\" srcset=\"https:\/\/agora.xtec.cat\/iessantaeugenia\/wp-content\/uploads\/usu1801\/2023\/04\/04_2023_SANT_JORDI_1080X1080_4-min-300x300.png 300w, https:\/\/agora.xtec.cat\/iessantaeugenia\/wp-content\/uploads\/usu1801\/2023\/04\/04_2023_SANT_JORDI_1080X1080_4-min-1024x1024.png 1024w, https:\/\/agora.xtec.cat\/iessantaeugenia\/wp-content\/uploads\/usu1801\/2023\/04\/04_2023_SANT_JORDI_1080X1080_4-min-150x150.png 150w, https:\/\/agora.xtec.cat\/iessantaeugenia\/wp-content\/uploads\/usu1801\/2023\/04\/04_2023_SANT_JORDI_1080X1080_4-min-768x768.png 768w, https:\/\/agora.xtec.cat\/iessantaeugenia\/wp-content\/uploads\/usu1801\/2023\/04\/04_2023_SANT_JORDI_1080X1080_4-min.png 1080w\" sizes=\"auto, (max-width: 400px) 100vw, 400px\" \/><\/a><\/p>\n<p><iframe loading=\"lazy\" title=\"Auques de 2n d&#039;ESO per St Jordi 23\" width=\"500\" height=\"281\" src=\"https:\/\/www.youtube.com\/embed\/SduJoJPyGD4?feature=oembed\" frameborder=\"0\" allow=\"accelerometer; autoplay; clipboard-write; encrypted-media; gyroscope; picture-in-picture; web-share\" referrerpolicy=\"strict-origin-when-cross-origin\" allowfullscreen><\/iframe><\/p>\n","protected":false},"excerpt":{"rendered":"<p>Amb motiu de la diada de Sant Jordi, l&#8217;alumnat de primer d&#8217;ESO ha redactat uns versos il\u00b7lustrats on han plasmat tot all\u00f2 que tenen dins, fent \u00fas de la poesia i tot el seu poder d&#8217;emocionar i commoure, que s&#8217;ha posat en pr\u00e0ctica amb un&hellip;  <a href=\"https:\/\/agora.xtec.cat\/iessantaeugenia\/general\/8777\/\" title=\"Read La poesia visual i les llegendes de Girona en auques i c\u00f2mics prenen import\u00e0ncia en el Sant Jordi de primer i segon d&#8217;ESO\">Llegeix m\u00e9s\u00bb<\/a><\/p>\n","protected":false},"author":7,"featured_media":8792,"comment_status":"closed","ping_status":"closed","sticky":false,"template":"","format":"standard","meta":{"_bbp_topic_count":0,"_bbp_reply_count":0,"_bbp_total_topic_count":0,"_bbp_total_reply_count":0,"_bbp_voice_count":0,"_bbp_anonymous_reply_count":0,"_bbp_topic_count_hidden":0,"_bbp_reply_count_hidden":0,"_bbp_forum_subforum_count":0,"footnotes":""},"categories":[3,113,120,1,29],"tags":[760,735,38],"class_list":["post-8777","post","type-post","status-publish","format-standard","has-post-thumbnail","hentry","category-1eso","category-2eso","category-eso","category-general","category-portada","tag-any-vallverdu","tag-poesia","tag-sant-jordi"],"post_mailing_queue_ids":[],"_links":{"self":[{"href":"https:\/\/agora.xtec.cat\/iessantaeugenia\/wp-json\/wp\/v2\/posts\/8777","targetHints":{"allow":["GET"]}}],"collection":[{"href":"https:\/\/agora.xtec.cat\/iessantaeugenia\/wp-json\/wp\/v2\/posts"}],"about":[{"href":"https:\/\/agora.xtec.cat\/iessantaeugenia\/wp-json\/wp\/v2\/types\/post"}],"author":[{"embeddable":true,"href":"https:\/\/agora.xtec.cat\/iessantaeugenia\/wp-json\/wp\/v2\/users\/7"}],"replies":[{"embeddable":true,"href":"https:\/\/agora.xtec.cat\/iessantaeugenia\/wp-json\/wp\/v2\/comments?post=8777"}],"version-history":[{"count":4,"href":"https:\/\/agora.xtec.cat\/iessantaeugenia\/wp-json\/wp\/v2\/posts\/8777\/revisions"}],"predecessor-version":[{"id":8798,"href":"https:\/\/agora.xtec.cat\/iessantaeugenia\/wp-json\/wp\/v2\/posts\/8777\/revisions\/8798"}],"wp:featuredmedia":[{"embeddable":true,"href":"https:\/\/agora.xtec.cat\/iessantaeugenia\/wp-json\/wp\/v2\/media\/8792"}],"wp:attachment":[{"href":"https:\/\/agora.xtec.cat\/iessantaeugenia\/wp-json\/wp\/v2\/media?parent=8777"}],"wp:term":[{"taxonomy":"category","embeddable":true,"href":"https:\/\/agora.xtec.cat\/iessantaeugenia\/wp-json\/wp\/v2\/categories?post=8777"},{"taxonomy":"post_tag","embeddable":true,"href":"https:\/\/agora.xtec.cat\/iessantaeugenia\/wp-json\/wp\/v2\/tags?post=8777"}],"curies":[{"name":"wp","href":"https:\/\/api.w.org\/{rel}","templated":true}]}}