{"id":8736,"date":"2023-04-21T12:30:23","date_gmt":"2023-04-21T10:30:23","guid":{"rendered":"https:\/\/agora.xtec.cat\/iessantaeugenia\/?p=8736"},"modified":"2023-04-21T14:32:05","modified_gmt":"2023-04-21T12:32:05","slug":"8736","status":"publish","type":"post","link":"https:\/\/agora.xtec.cat\/iessantaeugenia\/general\/8736\/","title":{"rendered":"Oriol Fern\u00e1ndez Montroig, Gurpreet Kaur i Houria Teyach, representen Girona a la final d&#8217;una competici\u00f3 de projectes d&#8217;innovaci\u00f3"},"content":{"rendered":"<p><strong>Oriol Fern\u00e1ndez Montroig<\/strong>, <strong>Gurpreet Kaur<\/strong> i <strong>Houria Teyach<\/strong>, alumnes de segon curs del cicle formatiu de grau superior de <strong>M\u00e0rqueting i Publicitat<\/strong> de l&#8217;Institut, han estat seleccionats per a la final de la segona edici\u00f3 de <a href=\"https:\/\/catalunyasummit.cat\/\" target=\"_blank\" rel=\"noopener\">Catalunya Summit<\/a>, una competici\u00f3 de <strong>projectes d&#8217;emprenedoria i innovaci\u00f3<\/strong> per alumnat de menys de 25 anys.<\/p>\n<p>Els estudiants han superat la <strong>fase territorial de Girona<\/strong>, desenvolupada a l&#8217;Institut, i <strong>accedeixen a la fase nacional<\/strong>, a desenvolupar el proper dissabte 29 d&#8217;abril a <strong>Vilafranca del Pened\u00e8s<\/strong>.<\/p>\n<p>Per una banda, <strong>Oriol Fern\u00e1ndez<\/strong>, ha defensat el projecte <strong>Nihonski<\/strong>; i, per l&#8217;altra,<strong> Gurpreet Kaur <\/strong>i<strong> Houria Teyach<\/strong>, BBN (Band Baaja Nikkah).<\/p>\n<p>Els participants, en la fase de selecci\u00f3 territorial, han articulat un <strong><em>pitch<\/em> <\/strong>de cinc minuts per a conv\u00e8ncer el jurat de la <strong>viabilitat<\/strong>, <strong>creativitat<\/strong>, <strong>innovaci\u00f3<\/strong>, <strong>execuci\u00f3<\/strong> i <strong>escalabilitat del projecte<\/strong>.<\/p>\n<p>El jurat estava format, d&#8217;entre altres, per <strong>Miguel \u00c1ngel Mora<\/strong>, emprenedor i cofundador de Housfy, OpenNow, Yaencontre o Tandenn, entre d&#8217;altres; i Pep Mart\u00edneX, consultor i <em>trainer<\/em> en innovaci\u00f3\u00a0estrat\u00e8gica.<\/p>\n<p>Precisament, ambd\u00f3s <strong>experts<\/strong> han realitzat dues <em>masterclasses<\/em>, sobre la <strong>creaci\u00f3 d&#8217;un negoci amb intel\u00b7lig\u00e8ncia artificial<\/strong> i la <strong>comunicaci\u00f3 de la idea de negoci de manera efectiva<\/strong>, als alumnes de segon curs dels cicles de<strong> Gesti\u00f3 de Vendes i Espais Comercials<\/strong>, i de <strong>M\u00e0rqueting i Publicitat<\/strong>.<\/p>\n<p><a href=\"https:\/\/agora.xtec.cat\/iessantaeugenia\/wp-content\/uploads\/usu1801\/2023\/04\/04_2023_CATALUNYA_SUMMIT_1080X1080_3.png\"><img loading=\"lazy\" decoding=\"async\" class=\"alignnone wp-image-8740\" src=\"https:\/\/agora.xtec.cat\/iessantaeugenia\/wp-content\/uploads\/usu1801\/2023\/04\/04_2023_CATALUNYA_SUMMIT_1080X1080_3-300x300.png\" alt=\"\" width=\"343\" height=\"343\" srcset=\"https:\/\/agora.xtec.cat\/iessantaeugenia\/wp-content\/uploads\/usu1801\/2023\/04\/04_2023_CATALUNYA_SUMMIT_1080X1080_3-300x300.png 300w, https:\/\/agora.xtec.cat\/iessantaeugenia\/wp-content\/uploads\/usu1801\/2023\/04\/04_2023_CATALUNYA_SUMMIT_1080X1080_3-1024x1024.png 1024w, https:\/\/agora.xtec.cat\/iessantaeugenia\/wp-content\/uploads\/usu1801\/2023\/04\/04_2023_CATALUNYA_SUMMIT_1080X1080_3-150x150.png 150w, https:\/\/agora.xtec.cat\/iessantaeugenia\/wp-content\/uploads\/usu1801\/2023\/04\/04_2023_CATALUNYA_SUMMIT_1080X1080_3-768x768.png 768w, https:\/\/agora.xtec.cat\/iessantaeugenia\/wp-content\/uploads\/usu1801\/2023\/04\/04_2023_CATALUNYA_SUMMIT_1080X1080_3.png 1080w\" sizes=\"auto, (max-width: 343px) 100vw, 343px\" \/><\/a><a href=\"https:\/\/agora.xtec.cat\/iessantaeugenia\/wp-content\/uploads\/usu1801\/2023\/04\/04_2023_CATALUNYA_SUMMIT_1080X1080_2.png\">\u00a0 \u00a0\u00a0\u00a0 <\/a><a href=\"https:\/\/agora.xtec.cat\/iessantaeugenia\/wp-content\/uploads\/usu1801\/2023\/04\/04_2023_CATALUNYA_SUMMIT_1080X1080_4.png\"><img loading=\"lazy\" decoding=\"async\" class=\"alignnone wp-image-8741\" src=\"https:\/\/agora.xtec.cat\/iessantaeugenia\/wp-content\/uploads\/usu1801\/2023\/04\/04_2023_CATALUNYA_SUMMIT_1080X1080_4-300x300.png\" alt=\"\" width=\"344\" height=\"344\" srcset=\"https:\/\/agora.xtec.cat\/iessantaeugenia\/wp-content\/uploads\/usu1801\/2023\/04\/04_2023_CATALUNYA_SUMMIT_1080X1080_4-300x300.png 300w, https:\/\/agora.xtec.cat\/iessantaeugenia\/wp-content\/uploads\/usu1801\/2023\/04\/04_2023_CATALUNYA_SUMMIT_1080X1080_4-1024x1024.png 1024w, https:\/\/agora.xtec.cat\/iessantaeugenia\/wp-content\/uploads\/usu1801\/2023\/04\/04_2023_CATALUNYA_SUMMIT_1080X1080_4-150x150.png 150w, https:\/\/agora.xtec.cat\/iessantaeugenia\/wp-content\/uploads\/usu1801\/2023\/04\/04_2023_CATALUNYA_SUMMIT_1080X1080_4-768x768.png 768w, https:\/\/agora.xtec.cat\/iessantaeugenia\/wp-content\/uploads\/usu1801\/2023\/04\/04_2023_CATALUNYA_SUMMIT_1080X1080_4.png 1080w\" sizes=\"auto, (max-width: 344px) 100vw, 344px\" \/><\/a><\/p>\n<p><a href=\"https:\/\/agora.xtec.cat\/iessantaeugenia\/wp-content\/uploads\/usu1801\/2023\/04\/04_2023_CATALUNYA_SUMMIT_1080X1080_2.png\"><img loading=\"lazy\" decoding=\"async\" class=\"alignnone wp-image-8739\" src=\"https:\/\/agora.xtec.cat\/iessantaeugenia\/wp-content\/uploads\/usu1801\/2023\/04\/04_2023_CATALUNYA_SUMMIT_1080X1080_2-300x300.png\" alt=\"\" width=\"342\" height=\"342\" srcset=\"https:\/\/agora.xtec.cat\/iessantaeugenia\/wp-content\/uploads\/usu1801\/2023\/04\/04_2023_CATALUNYA_SUMMIT_1080X1080_2-300x300.png 300w, https:\/\/agora.xtec.cat\/iessantaeugenia\/wp-content\/uploads\/usu1801\/2023\/04\/04_2023_CATALUNYA_SUMMIT_1080X1080_2-1024x1024.png 1024w, https:\/\/agora.xtec.cat\/iessantaeugenia\/wp-content\/uploads\/usu1801\/2023\/04\/04_2023_CATALUNYA_SUMMIT_1080X1080_2-150x150.png 150w, https:\/\/agora.xtec.cat\/iessantaeugenia\/wp-content\/uploads\/usu1801\/2023\/04\/04_2023_CATALUNYA_SUMMIT_1080X1080_2-768x768.png 768w, https:\/\/agora.xtec.cat\/iessantaeugenia\/wp-content\/uploads\/usu1801\/2023\/04\/04_2023_CATALUNYA_SUMMIT_1080X1080_2.png 1080w\" sizes=\"auto, (max-width: 342px) 100vw, 342px\" \/>\u00a0 \u00a0 \u00a0 <\/a><a href=\"https:\/\/agora.xtec.cat\/iessantaeugenia\/wp-content\/uploads\/usu1801\/2023\/04\/04_2023_CATALUNYA_SUMMIT_1080X1080_1.png\"><img loading=\"lazy\" decoding=\"async\" class=\"alignnone wp-image-8738\" src=\"https:\/\/agora.xtec.cat\/iessantaeugenia\/wp-content\/uploads\/usu1801\/2023\/04\/04_2023_CATALUNYA_SUMMIT_1080X1080_1-300x300.png\" alt=\"\" width=\"345\" height=\"345\" srcset=\"https:\/\/agora.xtec.cat\/iessantaeugenia\/wp-content\/uploads\/usu1801\/2023\/04\/04_2023_CATALUNYA_SUMMIT_1080X1080_1-300x300.png 300w, https:\/\/agora.xtec.cat\/iessantaeugenia\/wp-content\/uploads\/usu1801\/2023\/04\/04_2023_CATALUNYA_SUMMIT_1080X1080_1-1024x1024.png 1024w, https:\/\/agora.xtec.cat\/iessantaeugenia\/wp-content\/uploads\/usu1801\/2023\/04\/04_2023_CATALUNYA_SUMMIT_1080X1080_1-150x150.png 150w, https:\/\/agora.xtec.cat\/iessantaeugenia\/wp-content\/uploads\/usu1801\/2023\/04\/04_2023_CATALUNYA_SUMMIT_1080X1080_1-768x768.png 768w, https:\/\/agora.xtec.cat\/iessantaeugenia\/wp-content\/uploads\/usu1801\/2023\/04\/04_2023_CATALUNYA_SUMMIT_1080X1080_1.png 1080w\" sizes=\"auto, (max-width: 345px) 100vw, 345px\" \/><\/a><\/p>\n<p><a href=\"https:\/\/agora.xtec.cat\/iessantaeugenia\/wp-content\/uploads\/usu1801\/2023\/04\/04_2023_CATALUNYA_SUMMIT_1501X844_2.png\"><img loading=\"lazy\" decoding=\"async\" class=\"alignnone wp-image-8743\" src=\"https:\/\/agora.xtec.cat\/iessantaeugenia\/wp-content\/uploads\/usu1801\/2023\/04\/04_2023_CATALUNYA_SUMMIT_1501X844_2-300x169.png\" alt=\"\" width=\"710\" height=\"400\" srcset=\"https:\/\/agora.xtec.cat\/iessantaeugenia\/wp-content\/uploads\/usu1801\/2023\/04\/04_2023_CATALUNYA_SUMMIT_1501X844_2-300x169.png 300w, https:\/\/agora.xtec.cat\/iessantaeugenia\/wp-content\/uploads\/usu1801\/2023\/04\/04_2023_CATALUNYA_SUMMIT_1501X844_2-1024x576.png 1024w, https:\/\/agora.xtec.cat\/iessantaeugenia\/wp-content\/uploads\/usu1801\/2023\/04\/04_2023_CATALUNYA_SUMMIT_1501X844_2-768x432.png 768w, https:\/\/agora.xtec.cat\/iessantaeugenia\/wp-content\/uploads\/usu1801\/2023\/04\/04_2023_CATALUNYA_SUMMIT_1501X844_2.png 1501w\" sizes=\"auto, (max-width: 710px) 100vw, 710px\" \/><\/a><\/p>\n<p>&nbsp;<\/p>\n<p>&nbsp;<\/p>\n<p>&nbsp;<\/p>\n<p>M\u00e9s informaci\u00f3:\u00a0<a href=\"http:\/\/catalunyasummit.cat\/\" target=\"_blank\" rel=\"noopener\">catalunyasummit.cat<\/a><\/p>\n<p>&nbsp;<\/p>\n","protected":false},"excerpt":{"rendered":"<p>Oriol Fern\u00e1ndez Montroig, Gurpreet Kaur i Houria Teyach, alumnes de segon curs del cicle formatiu de grau superior de M\u00e0rqueting i Publicitat de l&#8217;Institut, han estat seleccionats per a la final de la segona edici\u00f3 de <a href=\"https:\/\/catalunyasummit.cat\/\" target=\"_blank\" rel=\"noopener\">Catalunya Summit<\/a>, una competici\u00f3 de projectes&hellip;  <a href=\"https:\/\/agora.xtec.cat\/iessantaeugenia\/general\/8736\/\" title=\"Read Oriol Fern\u00e1ndez Montroig, Gurpreet Kaur i Houria Teyach, representen Girona a la final d&#8217;una competici\u00f3 de projectes d&#8217;innovaci\u00f3\">Llegeix m\u00e9s\u00bb<\/a><\/p>\n","protected":false},"author":7,"featured_media":8742,"comment_status":"closed","ping_status":"closed","sticky":false,"template":"","format":"standard","meta":{"_bbp_topic_count":0,"_bbp_reply_count":0,"_bbp_total_topic_count":0,"_bbp_total_reply_count":0,"_bbp_voice_count":0,"_bbp_anonymous_reply_count":0,"_bbp_topic_count_hidden":0,"_bbp_reply_count_hidden":0,"_bbp_forum_subforum_count":0,"footnotes":""},"categories":[30,1,29],"tags":[730,758,759],"class_list":["post-8736","post","type-post","status-publish","format-standard","has-post-thumbnail","hentry","category-cicles-formatius","category-general","category-portada","tag-catalunya-summit","tag-miguel-angel-mora","tag-pep-martinex"],"post_mailing_queue_ids":[],"_links":{"self":[{"href":"https:\/\/agora.xtec.cat\/iessantaeugenia\/wp-json\/wp\/v2\/posts\/8736","targetHints":{"allow":["GET"]}}],"collection":[{"href":"https:\/\/agora.xtec.cat\/iessantaeugenia\/wp-json\/wp\/v2\/posts"}],"about":[{"href":"https:\/\/agora.xtec.cat\/iessantaeugenia\/wp-json\/wp\/v2\/types\/post"}],"author":[{"embeddable":true,"href":"https:\/\/agora.xtec.cat\/iessantaeugenia\/wp-json\/wp\/v2\/users\/7"}],"replies":[{"embeddable":true,"href":"https:\/\/agora.xtec.cat\/iessantaeugenia\/wp-json\/wp\/v2\/comments?post=8736"}],"version-history":[{"count":4,"href":"https:\/\/agora.xtec.cat\/iessantaeugenia\/wp-json\/wp\/v2\/posts\/8736\/revisions"}],"predecessor-version":[{"id":8760,"href":"https:\/\/agora.xtec.cat\/iessantaeugenia\/wp-json\/wp\/v2\/posts\/8736\/revisions\/8760"}],"wp:featuredmedia":[{"embeddable":true,"href":"https:\/\/agora.xtec.cat\/iessantaeugenia\/wp-json\/wp\/v2\/media\/8742"}],"wp:attachment":[{"href":"https:\/\/agora.xtec.cat\/iessantaeugenia\/wp-json\/wp\/v2\/media?parent=8736"}],"wp:term":[{"taxonomy":"category","embeddable":true,"href":"https:\/\/agora.xtec.cat\/iessantaeugenia\/wp-json\/wp\/v2\/categories?post=8736"},{"taxonomy":"post_tag","embeddable":true,"href":"https:\/\/agora.xtec.cat\/iessantaeugenia\/wp-json\/wp\/v2\/tags?post=8736"}],"curies":[{"name":"wp","href":"https:\/\/api.w.org\/{rel}","templated":true}]}}