{"id":8705,"date":"2023-04-25T06:00:12","date_gmt":"2023-04-25T04:00:12","guid":{"rendered":"https:\/\/agora.xtec.cat\/iessantaeugenia\/?p=8705"},"modified":"2023-04-19T14:58:24","modified_gmt":"2023-04-19T12:58:24","slug":"salva_1-campllong","status":"publish","type":"post","link":"https:\/\/agora.xtec.cat\/iessantaeugenia\/general\/salva_1-campllong\/","title":{"rendered":"Jorge Garcia\u00a0i Iker Felipe, alumnes d&#8217;Obres d&#8217;interior, decoraci\u00f3 i rehabilitaci\u00f3, guanyen el concurs\u00a0de paletes de Campllong"},"content":{"rendered":"<p><strong>Jorge Garcia<\/strong> i <strong>Iker Felipe<\/strong>, alumnes del cicle formatiu d&#8217;<strong>Obres d&#8217;interior, decoraci\u00f3 i rehabilitaci\u00f3<\/strong>, han guanyat el primer premi del <strong>24\u00e8 Concurs de Paletes de Campllong,\u00a0<\/strong>que ha format part de la <strong>Fira de Primavera<\/strong>.<\/p>\n<p>El concurs ha presentat les modalitats <strong>s\u00e8nior<\/strong> i <strong>junior<\/strong>, on hi eren els alumnes de l&#8217;Institut juntament amb <strong>altres estudiants<\/strong> de diversos centres.<\/p>\n<p>El repte ha consistit a crear una<strong> taula amb elements d&#8217;obra<\/strong> en quatre hores.<\/p>\n<p>Cal destacar que totes les parelles ho han fet molt b\u00e9, i incl\u00fas hi ha hagut un <strong>empat<\/strong> en el primer premi, de <strong>300 euros<\/strong> i <strong>diferents regals<\/strong> de les empreses col\u00b7laboradores.<\/p>\n<p>El departament d&#8217;Edificaci\u00f3 i Obra civil <strong>agraeix<\/strong> la convocat\u00f2ria a la<strong> Fira de Primavera<\/strong> i el patrocini de la <a href=\"https:\/\/www.uecgirona.com\/ca\" target=\"_blank\" rel=\"noopener\"><strong>Uni\u00f3 d&#8217;Empresaris de la Construcci\u00f3<\/strong><\/a> (UEC) per l&#8217;exquisit tracte i professionalitat.<\/p>\n<p>Aquestes activitats <strong>motiven<\/strong> els alumnes, pr\u00f2xims professionals que sortiran dels cicles.<\/p>\n<p><a href=\"https:\/\/agora.xtec.cat\/iessantaeugenia\/wp-content\/uploads\/usu1801\/2023\/04\/04_2023_CONCURS_PALETES_CAMPLLONG_1080X1080_2-min.png\"><img loading=\"lazy\" decoding=\"async\" class=\"alignnone wp-image-8710\" src=\"https:\/\/agora.xtec.cat\/iessantaeugenia\/wp-content\/uploads\/usu1801\/2023\/04\/04_2023_CONCURS_PALETES_CAMPLLONG_1080X1080_2-min-300x300.png\" alt=\"\" width=\"369\" height=\"369\" srcset=\"https:\/\/agora.xtec.cat\/iessantaeugenia\/wp-content\/uploads\/usu1801\/2023\/04\/04_2023_CONCURS_PALETES_CAMPLLONG_1080X1080_2-min-300x300.png 300w, https:\/\/agora.xtec.cat\/iessantaeugenia\/wp-content\/uploads\/usu1801\/2023\/04\/04_2023_CONCURS_PALETES_CAMPLLONG_1080X1080_2-min-1024x1024.png 1024w, https:\/\/agora.xtec.cat\/iessantaeugenia\/wp-content\/uploads\/usu1801\/2023\/04\/04_2023_CONCURS_PALETES_CAMPLLONG_1080X1080_2-min-150x150.png 150w, https:\/\/agora.xtec.cat\/iessantaeugenia\/wp-content\/uploads\/usu1801\/2023\/04\/04_2023_CONCURS_PALETES_CAMPLLONG_1080X1080_2-min-768x768.png 768w, https:\/\/agora.xtec.cat\/iessantaeugenia\/wp-content\/uploads\/usu1801\/2023\/04\/04_2023_CONCURS_PALETES_CAMPLLONG_1080X1080_2-min.png 1080w\" sizes=\"auto, (max-width: 369px) 100vw, 369px\" \/><\/a><\/p>\n<p><a href=\"https:\/\/agora.xtec.cat\/iessantaeugenia\/wp-content\/uploads\/usu1801\/2023\/04\/04_2023_CONCURS_PALETES_CAMPLLONG_1080X1080_1-min.png\"><img loading=\"lazy\" decoding=\"async\" class=\"alignnone wp-image-8709\" src=\"https:\/\/agora.xtec.cat\/iessantaeugenia\/wp-content\/uploads\/usu1801\/2023\/04\/04_2023_CONCURS_PALETES_CAMPLLONG_1080X1080_1-min-300x300.png\" alt=\"\" width=\"369\" height=\"369\" srcset=\"https:\/\/agora.xtec.cat\/iessantaeugenia\/wp-content\/uploads\/usu1801\/2023\/04\/04_2023_CONCURS_PALETES_CAMPLLONG_1080X1080_1-min-300x300.png 300w, https:\/\/agora.xtec.cat\/iessantaeugenia\/wp-content\/uploads\/usu1801\/2023\/04\/04_2023_CONCURS_PALETES_CAMPLLONG_1080X1080_1-min-1024x1024.png 1024w, https:\/\/agora.xtec.cat\/iessantaeugenia\/wp-content\/uploads\/usu1801\/2023\/04\/04_2023_CONCURS_PALETES_CAMPLLONG_1080X1080_1-min-150x150.png 150w, https:\/\/agora.xtec.cat\/iessantaeugenia\/wp-content\/uploads\/usu1801\/2023\/04\/04_2023_CONCURS_PALETES_CAMPLLONG_1080X1080_1-min-768x768.png 768w, https:\/\/agora.xtec.cat\/iessantaeugenia\/wp-content\/uploads\/usu1801\/2023\/04\/04_2023_CONCURS_PALETES_CAMPLLONG_1080X1080_1-min.png 1080w\" sizes=\"auto, (max-width: 369px) 100vw, 369px\" \/><\/a><\/p>\n","protected":false},"excerpt":{"rendered":"<p>Jorge Garcia i Iker Felipe, alumnes del cicle formatiu d&#8217;Obres d&#8217;interior, decoraci\u00f3 i rehabilitaci\u00f3, han guanyat el primer premi del 24\u00e8 Concurs de Paletes de Campllong,\u00a0que ha format part de la Fira de Primavera.<br \/>\nEl concurs ha presentat les modalitats s\u00e8nior i junior, on hi eren&hellip;  <a href=\"https:\/\/agora.xtec.cat\/iessantaeugenia\/general\/salva_1-campllong\/\" title=\"Read Jorge Garcia\u00a0i Iker Felipe, alumnes d&#8217;Obres d&#8217;interior, decoraci\u00f3 i rehabilitaci\u00f3, guanyen el concurs\u00a0de paletes de Campllong\">Llegeix m\u00e9s\u00bb<\/a><\/p>\n","protected":false},"author":7,"featured_media":8711,"comment_status":"closed","ping_status":"closed","sticky":false,"template":"","format":"standard","meta":{"_bbp_topic_count":0,"_bbp_reply_count":0,"_bbp_total_topic_count":0,"_bbp_total_reply_count":0,"_bbp_voice_count":0,"_bbp_anonymous_reply_count":0,"_bbp_topic_count_hidden":0,"_bbp_reply_count_hidden":0,"_bbp_forum_subforum_count":0,"footnotes":""},"categories":[30,1,29],"tags":[755,754,486],"class_list":["post-8705","post","type-post","status-publish","format-standard","has-post-thumbnail","hentry","category-cicles-formatius","category-general","category-portada","tag-campllong","tag-fira-de-primavera","tag-unio-dempresaris-de-la-construccio"],"post_mailing_queue_ids":[],"_links":{"self":[{"href":"https:\/\/agora.xtec.cat\/iessantaeugenia\/wp-json\/wp\/v2\/posts\/8705","targetHints":{"allow":["GET"]}}],"collection":[{"href":"https:\/\/agora.xtec.cat\/iessantaeugenia\/wp-json\/wp\/v2\/posts"}],"about":[{"href":"https:\/\/agora.xtec.cat\/iessantaeugenia\/wp-json\/wp\/v2\/types\/post"}],"author":[{"embeddable":true,"href":"https:\/\/agora.xtec.cat\/iessantaeugenia\/wp-json\/wp\/v2\/users\/7"}],"replies":[{"embeddable":true,"href":"https:\/\/agora.xtec.cat\/iessantaeugenia\/wp-json\/wp\/v2\/comments?post=8705"}],"version-history":[{"count":4,"href":"https:\/\/agora.xtec.cat\/iessantaeugenia\/wp-json\/wp\/v2\/posts\/8705\/revisions"}],"predecessor-version":[{"id":8723,"href":"https:\/\/agora.xtec.cat\/iessantaeugenia\/wp-json\/wp\/v2\/posts\/8705\/revisions\/8723"}],"wp:featuredmedia":[{"embeddable":true,"href":"https:\/\/agora.xtec.cat\/iessantaeugenia\/wp-json\/wp\/v2\/media\/8711"}],"wp:attachment":[{"href":"https:\/\/agora.xtec.cat\/iessantaeugenia\/wp-json\/wp\/v2\/media?parent=8705"}],"wp:term":[{"taxonomy":"category","embeddable":true,"href":"https:\/\/agora.xtec.cat\/iessantaeugenia\/wp-json\/wp\/v2\/categories?post=8705"},{"taxonomy":"post_tag","embeddable":true,"href":"https:\/\/agora.xtec.cat\/iessantaeugenia\/wp-json\/wp\/v2\/tags?post=8705"}],"curies":[{"name":"wp","href":"https:\/\/api.w.org\/{rel}","templated":true}]}}