{"id":8202,"date":"2023-03-13T19:00:13","date_gmt":"2023-03-13T18:00:13","guid":{"rendered":"https:\/\/agora.xtec.cat\/iessantaeugenia\/?p=8202"},"modified":"2023-03-13T19:44:13","modified_gmt":"2023-03-13T18:44:13","slug":"8202","status":"publish","type":"post","link":"https:\/\/agora.xtec.cat\/iessantaeugenia\/general\/8202\/","title":{"rendered":"8M\/ La fam\u00edlia i les opcions d&#8217;inserci\u00f3 influeixen en la tria d&#8217;un cicle formatiu, segons els alumnes de l&#8217;Institut i de l&#8217;INS Narc\u00eds Xifra"},"content":{"rendered":"<p>Alumnes de cicles formatius de l<strong>&#8216;Institut Santa Eug\u00e8nia i de<\/strong> l&#8217;<strong><a href=\"https:\/\/iesnx.xtec.cat\/\" target=\"_blank\" rel=\"noopener\">INS Narc\u00eds Xifra<\/a> de Girona<\/strong> han participat en la taula rodona <strong><em>Una mirada a les professions des del g\u00e8nere<\/em><\/strong> organitzada per la <strong>xarxa OrientaFP<\/strong> amb motiu del <strong>Dia Internacional de la Dona<\/strong> i celebrada a la sala polivalent.<\/p>\n<p>Tres alumnes de cada centre han<strong> intercanviat reflexions<\/strong> sobre la perspectiva de g\u00e8nere a partir de les seves<strong> experi\u00e8ncies personals<\/strong> en els cicles que cursen, com ara Cures Auxiliars d\u2019Infermeria, Est\u00e8tica i Bellesa, i Obres d\u2019Interior, Decoraci\u00f3 i Rehabilitaci\u00f3.<\/p>\n<p>Segons els estudiants, la influ\u00e8ncia de la <strong>fam\u00edlia<\/strong>, l\u2019<strong>educaci\u00f3<\/strong>, les oportunitats d\u2019<strong>inserci\u00f3<\/strong> al m\u00f3n laboral i per crear un<strong> projecte empresarial<\/strong> o assolir <strong>c\u00e0rrecs<\/strong> de poder s\u00f3n factors que determinen la presa de decisi\u00f3 en la tria d\u2019un cicle formatiu.<\/p>\n<p>La taula rodona tamb\u00e9 ha explicitat els <strong>elements imprescindibles<\/strong> per aconseguir, en un futur, la <strong>paritat<\/strong> en els llocs de responsabilitat.<\/p>\n<p>A m\u00e9s a m\u00e9s, l&#8217;acte ha divulgat dades del nombre d\u2019<strong>estudiants que cursen formaci\u00f3 professional<\/strong> a la demarcaci\u00f3 de Girona en <strong>funci\u00f3 del g\u00e8nere<\/strong>.<\/p>\n<p>I s&#8217;ha observat que encara hi ha<strong> molta desigualtat<\/strong> en algunes <strong>fam\u00edlies professionals<\/strong>.<\/p>\n<p>Com a principal conclusi\u00f3, tot i els progressos dels \u00faltims anys, encara hi ha <strong>cam\u00ed<\/strong> per arribar a la <strong>plena igualtat<\/strong>.<\/p>\n<p>Aquesta ha estat la primera edici\u00f3 de la jornada, que ha transcorregut amb <strong>\u00e8xit de participaci\u00f3<\/strong>, tant dels <strong>ponents<\/strong> com del <strong>p\u00fablic<\/strong>, format per estudiants de<br \/>\ncicles formatius d&#8217;ambd\u00f3s instituts.<\/p>\n<p><a href=\"https:\/\/agora.xtec.cat\/iessantaeugenia\/wp-content\/uploads\/usu1801\/2023\/03\/03_2022_TAULA_RODONA_8M_1080X1080.png\"><img loading=\"lazy\" decoding=\"async\" class=\"alignnone wp-image-8203\" src=\"https:\/\/agora.xtec.cat\/iessantaeugenia\/wp-content\/uploads\/usu1801\/2023\/03\/03_2022_TAULA_RODONA_8M_1080X1080-300x300.png\" alt=\"\" width=\"460\" height=\"460\" srcset=\"https:\/\/agora.xtec.cat\/iessantaeugenia\/wp-content\/uploads\/usu1801\/2023\/03\/03_2022_TAULA_RODONA_8M_1080X1080-300x300.png 300w, https:\/\/agora.xtec.cat\/iessantaeugenia\/wp-content\/uploads\/usu1801\/2023\/03\/03_2022_TAULA_RODONA_8M_1080X1080-1024x1024.png 1024w, https:\/\/agora.xtec.cat\/iessantaeugenia\/wp-content\/uploads\/usu1801\/2023\/03\/03_2022_TAULA_RODONA_8M_1080X1080-150x150.png 150w, https:\/\/agora.xtec.cat\/iessantaeugenia\/wp-content\/uploads\/usu1801\/2023\/03\/03_2022_TAULA_RODONA_8M_1080X1080-768x768.png 768w, https:\/\/agora.xtec.cat\/iessantaeugenia\/wp-content\/uploads\/usu1801\/2023\/03\/03_2022_TAULA_RODONA_8M_1080X1080.png 1080w\" sizes=\"auto, (max-width: 460px) 100vw, 460px\" \/><\/a><\/p>\n","protected":false},"excerpt":{"rendered":"<p>Alumnes de cicles formatius de l&#8216;Institut Santa Eug\u00e8nia i de l&#8217;<a href=\"https:\/\/iesnx.xtec.cat\/\" target=\"_blank\" rel=\"noopener\">INS Narc\u00eds Xifra<\/a> de Girona han participat en la taula rodona Una mirada a les professions des del g\u00e8nere organitzada per la xarxa OrientaFP amb motiu del Dia Internacional de la Dona&hellip;  <a href=\"https:\/\/agora.xtec.cat\/iessantaeugenia\/general\/8202\/\" title=\"Read 8M\/ La fam\u00edlia i les opcions d&#8217;inserci\u00f3 influeixen en la tria d&#8217;un cicle formatiu, segons els alumnes de l&#8217;Institut i de l&#8217;INS Narc\u00eds Xifra\">Llegeix m\u00e9s\u00bb<\/a><\/p>\n","protected":false},"author":7,"featured_media":8204,"comment_status":"closed","ping_status":"closed","sticky":false,"template":"","format":"standard","meta":{"_bbp_topic_count":0,"_bbp_reply_count":0,"_bbp_total_topic_count":0,"_bbp_total_reply_count":0,"_bbp_voice_count":0,"_bbp_anonymous_reply_count":0,"_bbp_topic_count_hidden":0,"_bbp_reply_count_hidden":0,"_bbp_forum_subforum_count":0,"footnotes":""},"categories":[30,1,29],"tags":[277,704,694,693],"class_list":["post-8202","post","type-post","status-publish","format-standard","has-post-thumbnail","hentry","category-cicles-formatius","category-general","category-portada","tag-8m","tag-dia-internacional-de-la-dona","tag-ins-narcis-xifra","tag-xarxa-orientafp"],"post_mailing_queue_ids":[],"_links":{"self":[{"href":"https:\/\/agora.xtec.cat\/iessantaeugenia\/wp-json\/wp\/v2\/posts\/8202","targetHints":{"allow":["GET"]}}],"collection":[{"href":"https:\/\/agora.xtec.cat\/iessantaeugenia\/wp-json\/wp\/v2\/posts"}],"about":[{"href":"https:\/\/agora.xtec.cat\/iessantaeugenia\/wp-json\/wp\/v2\/types\/post"}],"author":[{"embeddable":true,"href":"https:\/\/agora.xtec.cat\/iessantaeugenia\/wp-json\/wp\/v2\/users\/7"}],"replies":[{"embeddable":true,"href":"https:\/\/agora.xtec.cat\/iessantaeugenia\/wp-json\/wp\/v2\/comments?post=8202"}],"version-history":[{"count":3,"href":"https:\/\/agora.xtec.cat\/iessantaeugenia\/wp-json\/wp\/v2\/posts\/8202\/revisions"}],"predecessor-version":[{"id":8220,"href":"https:\/\/agora.xtec.cat\/iessantaeugenia\/wp-json\/wp\/v2\/posts\/8202\/revisions\/8220"}],"wp:featuredmedia":[{"embeddable":true,"href":"https:\/\/agora.xtec.cat\/iessantaeugenia\/wp-json\/wp\/v2\/media\/8204"}],"wp:attachment":[{"href":"https:\/\/agora.xtec.cat\/iessantaeugenia\/wp-json\/wp\/v2\/media?parent=8202"}],"wp:term":[{"taxonomy":"category","embeddable":true,"href":"https:\/\/agora.xtec.cat\/iessantaeugenia\/wp-json\/wp\/v2\/categories?post=8202"},{"taxonomy":"post_tag","embeddable":true,"href":"https:\/\/agora.xtec.cat\/iessantaeugenia\/wp-json\/wp\/v2\/tags?post=8202"}],"curies":[{"name":"wp","href":"https:\/\/api.w.org\/{rel}","templated":true}]}}