{"id":8035,"date":"2023-03-09T06:00:44","date_gmt":"2023-03-09T05:00:44","guid":{"rendered":"https:\/\/agora.xtec.cat\/iessantaeugenia\/?p=8035"},"modified":"2023-03-09T06:58:32","modified_gmt":"2023-03-09T05:58:32","slug":"8035","status":"publish","type":"post","link":"https:\/\/agora.xtec.cat\/iessantaeugenia\/general\/8035\/","title":{"rendered":"Un expert en habitatge amb estalvi energ\u00e8tic forma els alumnes de segon dels cicles d&#8217;Obres i de Projectes d&#8217;Edificaci\u00f3"},"content":{"rendered":"<p>L&#8217;arquitecte t\u00e8cnic<strong> Xavier Jaime Novo<\/strong>, especialista en<strong> \u00abPassive House\u00bb<\/strong>, ha impartit una<strong> classe magistral<\/strong> als alumnes de segon curs dels cicles d&#8217;<strong>Obres d&#8217;Interior, Decoraci\u00f3 i Rehabilitaci\u00f3<\/strong>, i de <strong>Projectes d&#8217;Edificaci\u00f3<\/strong>.<\/p>\n<p>El \u00abPassive House\u00bb \u00e9s un tipus<span style=\"font-family: inherit; font-size: 1em;\">\u00a0d&#8217;<strong>habitatge creat per mantenir les condicions atmosf\u00e8riques ideals<\/strong> al seu interior aconseguint un estalvi energ\u00e8tic que oscil\u00b7la entre el 70 i el 90% respecte a un habitatge convencional.<\/span><\/p>\n<p>Precisament, l&#8217;alumnat est\u00e0 desenvolupant un<strong> projecte<\/strong> que es presentar\u00e0 en un <strong>concurs<\/strong> organitzat per la <a href=\"https:\/\/www.udg.edu\/ca\/\" target=\"_blank\" rel=\"noopener\"><strong>Universitat de Girona (UdG)<\/strong><\/a>.<\/p>\n<p>L&#8217;equip docent agraeix a Xavier Jaime l&#8217;atenci\u00f3 donada als estudiants del departament d&#8217;<strong>Edificaci\u00f3 i Obra Civil<\/strong>.<\/p>\n<p><a href=\"https:\/\/agora.xtec.cat\/iessantaeugenia\/wp-content\/uploads\/usu1801\/2023\/03\/02_2022_CONFERENCIA_HABITATGE-_SOSTENIBLE_OBRES_PROJECTES_1080X1080_2-min.png\"><img loading=\"lazy\" decoding=\"async\" class=\"alignnone wp-image-8041\" src=\"https:\/\/agora.xtec.cat\/iessantaeugenia\/wp-content\/uploads\/usu1801\/2023\/03\/02_2022_CONFERENCIA_HABITATGE-_SOSTENIBLE_OBRES_PROJECTES_1080X1080_2-min-300x300.png\" alt=\"\" width=\"355\" height=\"355\" srcset=\"https:\/\/agora.xtec.cat\/iessantaeugenia\/wp-content\/uploads\/usu1801\/2023\/03\/02_2022_CONFERENCIA_HABITATGE-_SOSTENIBLE_OBRES_PROJECTES_1080X1080_2-min-300x300.png 300w, https:\/\/agora.xtec.cat\/iessantaeugenia\/wp-content\/uploads\/usu1801\/2023\/03\/02_2022_CONFERENCIA_HABITATGE-_SOSTENIBLE_OBRES_PROJECTES_1080X1080_2-min-1024x1024.png 1024w, https:\/\/agora.xtec.cat\/iessantaeugenia\/wp-content\/uploads\/usu1801\/2023\/03\/02_2022_CONFERENCIA_HABITATGE-_SOSTENIBLE_OBRES_PROJECTES_1080X1080_2-min-150x150.png 150w, https:\/\/agora.xtec.cat\/iessantaeugenia\/wp-content\/uploads\/usu1801\/2023\/03\/02_2022_CONFERENCIA_HABITATGE-_SOSTENIBLE_OBRES_PROJECTES_1080X1080_2-min-768x768.png 768w, https:\/\/agora.xtec.cat\/iessantaeugenia\/wp-content\/uploads\/usu1801\/2023\/03\/02_2022_CONFERENCIA_HABITATGE-_SOSTENIBLE_OBRES_PROJECTES_1080X1080_2-min.png 1080w\" sizes=\"auto, (max-width: 355px) 100vw, 355px\" \/><\/a><\/p>\n<p><a href=\"https:\/\/agora.xtec.cat\/iessantaeugenia\/wp-content\/uploads\/usu1801\/2023\/03\/02_2022_CONFERENCIA_HABITATGE-_SOSTENIBLE_OBRES_PROJECTES_1501X844_1-min.png\"><img loading=\"lazy\" decoding=\"async\" class=\"alignnone wp-image-8040\" src=\"https:\/\/agora.xtec.cat\/iessantaeugenia\/wp-content\/uploads\/usu1801\/2023\/03\/02_2022_CONFERENCIA_HABITATGE-_SOSTENIBLE_OBRES_PROJECTES_1501X844_1-min-300x169.png\" alt=\"\" width=\"483\" height=\"272\" srcset=\"https:\/\/agora.xtec.cat\/iessantaeugenia\/wp-content\/uploads\/usu1801\/2023\/03\/02_2022_CONFERENCIA_HABITATGE-_SOSTENIBLE_OBRES_PROJECTES_1501X844_1-min-300x169.png 300w, https:\/\/agora.xtec.cat\/iessantaeugenia\/wp-content\/uploads\/usu1801\/2023\/03\/02_2022_CONFERENCIA_HABITATGE-_SOSTENIBLE_OBRES_PROJECTES_1501X844_1-min-1024x576.png 1024w, https:\/\/agora.xtec.cat\/iessantaeugenia\/wp-content\/uploads\/usu1801\/2023\/03\/02_2022_CONFERENCIA_HABITATGE-_SOSTENIBLE_OBRES_PROJECTES_1501X844_1-min-768x432.png 768w, https:\/\/agora.xtec.cat\/iessantaeugenia\/wp-content\/uploads\/usu1801\/2023\/03\/02_2022_CONFERENCIA_HABITATGE-_SOSTENIBLE_OBRES_PROJECTES_1501X844_1-min.png 1501w\" sizes=\"auto, (max-width: 483px) 100vw, 483px\" \/><\/a><\/p>\n","protected":false},"excerpt":{"rendered":"<p>L&#8217;arquitecte t\u00e8cnic Xavier Jaime Novo, especialista en \u00abPassive House\u00bb, ha impartit una classe magistral als alumnes de segon curs dels cicles d&#8217;Obres d&#8217;Interior, Decoraci\u00f3 i Rehabilitaci\u00f3, i de Projectes d&#8217;Edificaci\u00f3.<br \/>\nEl \u00abPassive House\u00bb \u00e9s un tipus\u00a0d&#8217;habitatge creat per mantenir les condicions atmosf\u00e8riques ideals al seu interior&hellip;  <a href=\"https:\/\/agora.xtec.cat\/iessantaeugenia\/general\/8035\/\" title=\"Read Un expert en habitatge amb estalvi energ\u00e8tic forma els alumnes de segon dels cicles d&#8217;Obres i de Projectes d&#8217;Edificaci\u00f3\">Llegeix m\u00e9s\u00bb<\/a><\/p>\n","protected":false},"author":7,"featured_media":8040,"comment_status":"closed","ping_status":"closed","sticky":false,"template":"","format":"standard","meta":{"_bbp_topic_count":0,"_bbp_reply_count":0,"_bbp_total_topic_count":0,"_bbp_total_reply_count":0,"_bbp_voice_count":0,"_bbp_anonymous_reply_count":0,"_bbp_topic_count_hidden":0,"_bbp_reply_count_hidden":0,"_bbp_forum_subforum_count":0,"footnotes":""},"categories":[30,1,29],"tags":[701,703,702],"class_list":["post-8035","post","type-post","status-publish","format-standard","has-post-thumbnail","hentry","category-cicles-formatius","category-general","category-portada","tag-passive-house","tag-estalvi-energetic","tag-xavier-jaime-novo"],"post_mailing_queue_ids":[],"_links":{"self":[{"href":"https:\/\/agora.xtec.cat\/iessantaeugenia\/wp-json\/wp\/v2\/posts\/8035","targetHints":{"allow":["GET"]}}],"collection":[{"href":"https:\/\/agora.xtec.cat\/iessantaeugenia\/wp-json\/wp\/v2\/posts"}],"about":[{"href":"https:\/\/agora.xtec.cat\/iessantaeugenia\/wp-json\/wp\/v2\/types\/post"}],"author":[{"embeddable":true,"href":"https:\/\/agora.xtec.cat\/iessantaeugenia\/wp-json\/wp\/v2\/users\/7"}],"replies":[{"embeddable":true,"href":"https:\/\/agora.xtec.cat\/iessantaeugenia\/wp-json\/wp\/v2\/comments?post=8035"}],"version-history":[{"count":4,"href":"https:\/\/agora.xtec.cat\/iessantaeugenia\/wp-json\/wp\/v2\/posts\/8035\/revisions"}],"predecessor-version":[{"id":8113,"href":"https:\/\/agora.xtec.cat\/iessantaeugenia\/wp-json\/wp\/v2\/posts\/8035\/revisions\/8113"}],"wp:featuredmedia":[{"embeddable":true,"href":"https:\/\/agora.xtec.cat\/iessantaeugenia\/wp-json\/wp\/v2\/media\/8040"}],"wp:attachment":[{"href":"https:\/\/agora.xtec.cat\/iessantaeugenia\/wp-json\/wp\/v2\/media?parent=8035"}],"wp:term":[{"taxonomy":"category","embeddable":true,"href":"https:\/\/agora.xtec.cat\/iessantaeugenia\/wp-json\/wp\/v2\/categories?post=8035"},{"taxonomy":"post_tag","embeddable":true,"href":"https:\/\/agora.xtec.cat\/iessantaeugenia\/wp-json\/wp\/v2\/tags?post=8035"}],"curies":[{"name":"wp","href":"https:\/\/api.w.org\/{rel}","templated":true}]}}